{"id":32641,"date":"2024-10-15T13:15:27","date_gmt":"2024-10-15T11:15:27","guid":{"rendered":"https:\/\/www.czechcyclingfederation.com\/?p=32641"},"modified":"2024-10-16T20:37:01","modified_gmt":"2024-10-16T18:37:01","slug":"cesti-zavodnici-masters-slavili-na-ms-na-draze-v-roubaix","status":"publish","type":"post","link":"https:\/\/www.czechcyclingfederation.com\/en\/cesti-zavodnici-masters-slavili-na-ms-na-draze-v-roubaix\/","title":{"rendered":"\u010ce\u0161t\u00ed z\u00e1vodn\u00edci masters brali \u010dty\u0159i zlat\u00e9 na MS na dr\u00e1ze v Roubaix"},"content":{"rendered":"\n<p>Ve francouzsk\u00e9m Roubaix, na tamn\u00edm modern\u00edm velodromu, vybojovali \u010de\u0161t\u00ed jezdci na mistrovstv\u00ed sv\u011bta masters \u010dty\u0159i zlat\u00e9 medaile a p\u0159idali i dal\u0161\u00ed cenn\u00e9 kovy. \u010cesk\u00e1 \u00fa\u010dast byla rekordn\u00ed, celkem bylo na startu \u010dtrn\u00e1ct z\u00e1vodn\u00edk\u016f, kte\u0159\u00ed vybojovali rekordn\u00ed medailovou sb\u00edrku. Tento \u00fasp\u011bch nen\u00ed jen potvrzen\u00edm tvrd\u00e9 pr\u00e1ce sportovc\u016f a tren\u00e9r\u016f, ale tak\u00e9 d\u016fkazem, \u017ee dr\u00e1hov\u00e1 cyklistika m\u00e1 v \u010cesk\u00e9 republice rostouc\u00ed z\u00e1kladnu i v kategorii masters.<\/p>\n\n\n\n<p>MS masters vzniklo d\u00edky dlouholet\u00e9mu \u00fasil\u00ed zejm\u00e9na britsk\u00fdch \u010dlen\u016f cyklistick\u00e9 komunity v devades\u00e1t\u00fdch letech minul\u00e9ho stolet\u00ed. Ofici\u00e1ln\u011b se prvn\u00ed ro\u010dn\u00edk konal v roce 1997, kdy UCI p\u0159iznala tomuto podniku status mistrovstv\u00ed sv\u011bta. Prvn\u00edch 12 let se \u0161ampion\u00e1t konal v anglick\u00e9m Manchesteru, ne\u017e se v roce 2007 p\u0159esunul na t\u0159i roky do Sydney a pozd\u011bji n\u011bkolikr\u00e1t i do Los Angeles. Pro roky 2024 a 2025 se po\u0159adatelstv\u00ed ujalo francouzsk\u00e9 Roubaix. B\u011bhem let se tato sout\u011b\u017e stala nesm\u00edrn\u011b popul\u00e1rn\u00ed, p\u0159i\u010dem\u017e se v posledn\u00edch letech na start stav\u00ed p\u0159ibli\u017en\u011b 500 z\u00e1vodn\u00edk\u016f z t\u00e9m\u011b\u0159 40 zem\u00ed.<\/p>\n\n\n\n<p>Mezi nejv\u00fdrazn\u011bj\u0161\u00ed \u010desk\u00e9 \u00fasp\u011bchy pat\u0159\u00ed zlato Denise \u0160pi\u010dky ve sprintu (35-39). Zuzana Rychnovsk\u00e1 si dojela pro zlato nejen na 500 m s pevn\u00fdm startem, ale tak\u00e9 ve sprintu kategorie 35-39, a nav\u00edc vylep\u0161ila sv\u016fj vlastn\u00ed sv\u011btov\u00fd rekord na letm\u00fdch 200 metr\u016f. Pavel Vitou\u0161 obsadil st\u0159\u00edbrnou p\u0159\u00ed\u010dku v z\u00e1vod\u011b na 1 km s pevn\u00fdm startem (35-39), Andrea Dole\u017eelov\u00e1 vybojovala bronz ve sprintu (45-49). \u010cesk\u00fd t\u00fdm ve slo\u017een\u00ed Tom\u00e1\u0161 Mu\u017e\u00edk, Marek Volf, Denis \u0160pi\u010dka a Pavel Vitou\u0161 z\u00edskal zlato v t\u00fdmov\u00e9m sprintu (35-44).<\/p>\n\n\n\n<figure class=\"wp-block-image size-large\"><img loading=\"lazy\" decoding=\"async\" width=\"768\" height=\"1024\" src=\"http:\/\/www.czechcyclingfederation.com\/wp-content\/uploads\/2024\/10\/WhatsApp-Image-2024-10-15-at-01.26.09_0cceb5f3-1-768x1024.jpg\" alt=\"\" class=\"wp-image-32644\" srcset=\"https:\/\/www.czechcyclingfederation.com\/wp-content\/uploads\/2024\/10\/WhatsApp-Image-2024-10-15-at-01.26.09_0cceb5f3-1-768x1024.jpg 768w, https:\/\/www.czechcyclingfederation.com\/wp-content\/uploads\/2024\/10\/WhatsApp-Image-2024-10-15-at-01.26.09_0cceb5f3-1-150x200.jpg 150w, https:\/\/www.czechcyclingfederation.com\/wp-content\/uploads\/2024\/10\/WhatsApp-Image-2024-10-15-at-01.26.09_0cceb5f3-1-1152x1536.jpg 1152w, https:\/\/www.czechcyclingfederation.com\/wp-content\/uploads\/2024\/10\/WhatsApp-Image-2024-10-15-at-01.26.09_0cceb5f3-1.jpg 1200w\" sizes=\"auto, (max-width: 768px) 100vw, 768px\" \/><\/figure>\n\n\n\n<p>Krom\u011b medail\u00ed si \u010de\u0161t\u00ed z\u00e1vodn\u00edci p\u0159ivezli dom\u016f i mnoho dal\u0161\u00edch um\u00edst\u011bn\u00ed v&nbsp;Top Ten. Velmi dob\u0159e se t\u0159et\u00edm nejlep\u0161\u00edm \u010dasem kvalifikoval do sprintu David Gotthard, kter\u00fd se pak bohu\u017eel neprobojoval do fin\u00e1le. O bronz bojovali mu\u017ei v team sprintu ve slo\u017een\u00ed Petr Mal\u00e1\u0161ek, Petr Neuvirt, David Gotthard a nakonec brali \u010dtvrt\u00e9 m\u00edsto.<\/p>\n","protected":false},"excerpt":{"rendered":"<p>Ve francouzsk\u00e9m Roubaix, na tamn\u00edm modern\u00edm velodromu, vybojovali \u010de\u0161t\u00ed jezdci na mistrovstv\u00ed sv\u011bta masters \u010dty\u0159i zlat\u00e9 medaile a p\u0159idali i dal\u0161\u00ed cenn\u00e9 kovy. \u010cesk\u00e1 \u00fa\u010dast byla rekordn\u00ed, celkem bylo na startu \u010dtrn\u00e1ct z\u00e1vodn\u00edk\u016f, kte\u0159\u00ed vybojovali rekordn\u00ed medailovou sb\u00edrku. Tento \u00fasp\u011bch nen\u00ed jen potvrzen\u00edm tvrd\u00e9 pr\u00e1ce sportovc\u016f a tren\u00e9r\u016f, ale tak\u00e9 d\u016fkazem, \u017ee dr\u00e1hov\u00e1 cyklistika m\u00e1 [&hellip;]<\/p>\n","protected":false},"author":8,"featured_media":32649,"comment_status":"closed","ping_status":"open","sticky":false,"template":"","format":"standard","meta":{"footnotes":""},"categories":[54,2],"tags":[9],"class_list":["post-32641","post","type-post","status-publish","format-standard","has-post-thumbnail","hentry","category-draha","category-novinky","tag-draha"],"_links":{"self":[{"href":"https:\/\/www.czechcyclingfederation.com\/en\/wp-json\/wp\/v2\/posts\/32641","targetHints":{"allow":["GET"]}}],"collection":[{"href":"https:\/\/www.czechcyclingfederation.com\/en\/wp-json\/wp\/v2\/posts"}],"about":[{"href":"https:\/\/www.czechcyclingfederation.com\/en\/wp-json\/wp\/v2\/types\/post"}],"author":[{"embeddable":true,"href":"https:\/\/www.czechcyclingfederation.com\/en\/wp-json\/wp\/v2\/users\/8"}],"replies":[{"embeddable":true,"href":"https:\/\/www.czechcyclingfederation.com\/en\/wp-json\/wp\/v2\/comments?post=32641"}],"version-history":[{"count":2,"href":"https:\/\/www.czechcyclingfederation.com\/en\/wp-json\/wp\/v2\/posts\/32641\/revisions"}],"predecessor-version":[{"id":32668,"href":"https:\/\/www.czechcyclingfederation.com\/en\/wp-json\/wp\/v2\/posts\/32641\/revisions\/32668"}],"wp:featuredmedia":[{"embeddable":true,"href":"https:\/\/www.czechcyclingfederation.com\/en\/wp-json\/wp\/v2\/media\/32649"}],"wp:attachment":[{"href":"https:\/\/www.czechcyclingfederation.com\/en\/wp-json\/wp\/v2\/media?parent=32641"}],"wp:term":[{"taxonomy":"category","embeddable":true,"href":"https:\/\/www.czechcyclingfederation.com\/en\/wp-json\/wp\/v2\/categories?post=32641"},{"taxonomy":"post_tag","embeddable":true,"href":"https:\/\/www.czechcyclingfederation.com\/en\/wp-json\/wp\/v2\/tags?post=32641"}],"curies":[{"name":"wp","href":"https:\/\/api.w.org\/{rel}","templated":true}]}}