{"id":32602,"date":"2024-10-13T07:53:15","date_gmt":"2024-10-13T05:53:15","guid":{"rendered":"https:\/\/www.czechcyclingfederation.com\/?p=32602"},"modified":"2024-10-14T09:43:01","modified_gmt":"2024-10-14T07:43:01","slug":"skoda-elroq-novy-milnik-v-elektromobilite-dostupny-pro-kazdeho","status":"publish","type":"post","link":"https:\/\/www.czechcyclingfederation.com\/en\/skoda-elroq-novy-milnik-v-elektromobilite-dostupny-pro-kazdeho\/","title":{"rendered":"\u0160koda Elroq: Nov\u00fd miln\u00edk v elektromobilit\u011b dostupn\u00fd pro ka\u017ed\u00e9ho"},"content":{"rendered":"\n<p><strong>\u0160koda Auto<\/strong>, n\u00e1\u0161 gener\u00e1ln\u00ed partner,\u00a0p\u0159edstavil nov\u00fd model Elroq, elektromobil, kter\u00fd m\u00e1 za c\u00edl zp\u0159\u00edstupnit elektrickou mobilitu \u0161irok\u00e9 ve\u0159ejnosti. Tento kompaktn\u00ed SUV slibuje skv\u011bl\u00fd pom\u011br ceny, v\u00fdkonu a technologi\u00ed, \u010d\u00edm\u017e se st\u00e1v\u00e1 v\u00fdznamn\u00fdm krokem vp\u0159ed v portfoliu zna\u010dky.<\/p>\n\n\n\n<h3 class=\"wp-block-heading\">Nov\u00fd standard v elektromobilit\u011b<\/h3>\n\n\n\n<p>\u0160koda Elroq je postaven na z\u00e1kladech \u00fasp\u011b\u0161n\u00e9ho modelu Enyaq, s n\u00edm\u017e sd\u00edl\u00ed nejen platformu, ale tak\u00e9 technologick\u00e9 a komfortn\u00ed prvky. Tento model je nab\u00edzen v n\u011bkolika verz\u00edch, od z\u00e1kladn\u00edch m\u011bstsk\u00fdch variant a\u017e po v\u00fdkonn\u011bj\u0161\u00ed modely s pohonem v\u0161ech kol a dojezdem a\u017e 560 km\u200b.<\/p>\n\n\n\n<p>P\u0159edseda p\u0159edstavenstva \u0160koda Auto,&nbsp;<strong>Klaus Zellmer<\/strong>, k uveden\u00ed vozu \u0159ekl:&nbsp;<em>\u201eElroq p\u0159edstavuje nov\u00fd standard v oblasti elektromobil\u016f. Je navr\u017een tak, aby oslovil \u0161irokou ve\u0159ejnost a z\u00e1rove\u0148 poskytoval pr\u00e9miov\u00fd z\u00e1\u017eitek z j\u00edzdy.\u201c<\/em>&nbsp;Tento model je prvn\u00edm z pl\u00e1novan\u00e9 \u0159ady \u0161esti nov\u00fdch \u010dist\u011b elektrick\u00fdch voz\u016f zna\u010dky.<\/p>\n\n\n\n<h3 class=\"wp-block-heading\">Prostorn\u00fd interi\u00e9r a modern\u00ed technologie<\/h3>\n\n\n\n<p>Jednou z hlavn\u00edch p\u0159ednost\u00ed Elroqu je jeho prostorn\u00fd a modern\u011b za\u0159\u00edzen\u00fd interi\u00e9r. Palubn\u00ed deska se podob\u00e1 t\u00e9 z modelu Enyaq a je vybavena nejnov\u011bj\u0161\u00edmi technologiemi, jako je 13palcov\u00fd infotainment syst\u00e9m a 5palcov\u00fd informa\u010dn\u00ed displej p\u0159ed \u0159idi\u010dem. K dispozici je tak\u00e9&nbsp;<strong>recyklovan\u00fd materi\u00e1l<\/strong>&nbsp;pou\u017eit\u00fd na interi\u00e9rov\u00e9 prvky, co\u017e podtrhuje ekologick\u00fd aspekt vozu\u200b.<\/p>\n\n\n\n<p>Zavazadlov\u00fd prostor nab\u00edz\u00ed objem a\u017e 470 litr\u016f, co\u017e \u010din\u00ed v\u016fz ide\u00e1ln\u00ed volbou pro rodinn\u00e9 v\u00fdlety nebo ka\u017edodenn\u00ed pot\u0159eby.&nbsp;<strong>Adaptivn\u00ed tlumi\u010de DCC<\/strong>&nbsp;zaji\u0161\u0165uj\u00ed komfortn\u00ed j\u00edzdu i na m\u00e9n\u011b kvalitn\u00edch silnic\u00edch, a to s hladk\u00fdm ovl\u00e1d\u00e1n\u00edm a tich\u00fdm provozem\u200b.<\/p>\n\n\n\n<h3 class=\"wp-block-heading\">Elektromobilita pro v\u0161echny<\/h3>\n\n\n\n<p>\u0160koda Elroq se st\u00e1v\u00e1 dostupn\u00fdm \u0159e\u0161en\u00edm pro ty, kte\u0159\u00ed hledaj\u00ed cenov\u011b p\u0159ijateln\u00fd elektromobil, ani\u017e by se museli vzd\u00e1t modern\u00edch technologi\u00ed a komfortu. S cenou za\u010d\u00ednaj\u00edc\u00ed na 799 000 K\u010d m\u00e1 potenci\u00e1l st\u00e1t se obl\u00edbenou volbou nejen pro m\u011bstsk\u00fd provoz, ale i del\u0161\u00ed rodinn\u00e9 v\u00fdlety\u200b<\/p>\n\n\n\n<p>V\u00edce informac\u00ed o tomto modelu a mo\u017enost jeho konfigurace naleznete&nbsp;<a href=\"https:\/\/www.skoda-auto.cz\/novinky\/novinky-detail\/2024-10-02-dostupna-elektromobilita-na-dosah-zcela-nova-skoda-elroq-uz-ma-ceske-ceny-i-cesky-konfigurator\">zde<\/a>.<\/p>\n","protected":false},"excerpt":{"rendered":"<p>\u0160koda Auto, n\u00e1\u0161 gener\u00e1ln\u00ed partner,\u00a0p\u0159edstavil nov\u00fd model Elroq, elektromobil, kter\u00fd m\u00e1 za c\u00edl zp\u0159\u00edstupnit elektrickou mobilitu \u0161irok\u00e9 ve\u0159ejnosti. Tento kompaktn\u00ed SUV slibuje skv\u011bl\u00fd pom\u011br ceny, v\u00fdkonu a technologi\u00ed, \u010d\u00edm\u017e se st\u00e1v\u00e1 v\u00fdznamn\u00fdm krokem vp\u0159ed v portfoliu zna\u010dky. Nov\u00fd standard v elektromobilit\u011b \u0160koda Elroq je postaven na z\u00e1kladech \u00fasp\u011b\u0161n\u00e9ho modelu Enyaq, s n\u00edm\u017e sd\u00edl\u00ed nejen platformu, [&hellip;]<\/p>\n","protected":false},"author":2,"featured_media":32603,"comment_status":"closed","ping_status":"open","sticky":false,"template":"","format":"standard","meta":{"footnotes":""},"categories":[2],"tags":[119],"class_list":["post-32602","post","type-post","status-publish","format-standard","has-post-thumbnail","hentry","category-novinky","tag-csc"],"_links":{"self":[{"href":"https:\/\/www.czechcyclingfederation.com\/en\/wp-json\/wp\/v2\/posts\/32602","targetHints":{"allow":["GET"]}}],"collection":[{"href":"https:\/\/www.czechcyclingfederation.com\/en\/wp-json\/wp\/v2\/posts"}],"about":[{"href":"https:\/\/www.czechcyclingfederation.com\/en\/wp-json\/wp\/v2\/types\/post"}],"author":[{"embeddable":true,"href":"https:\/\/www.czechcyclingfederation.com\/en\/wp-json\/wp\/v2\/users\/2"}],"replies":[{"embeddable":true,"href":"https:\/\/www.czechcyclingfederation.com\/en\/wp-json\/wp\/v2\/comments?post=32602"}],"version-history":[{"count":3,"href":"https:\/\/www.czechcyclingfederation.com\/en\/wp-json\/wp\/v2\/posts\/32602\/revisions"}],"predecessor-version":[{"id":32607,"href":"https:\/\/www.czechcyclingfederation.com\/en\/wp-json\/wp\/v2\/posts\/32602\/revisions\/32607"}],"wp:featuredmedia":[{"embeddable":true,"href":"https:\/\/www.czechcyclingfederation.com\/en\/wp-json\/wp\/v2\/media\/32603"}],"wp:attachment":[{"href":"https:\/\/www.czechcyclingfederation.com\/en\/wp-json\/wp\/v2\/media?parent=32602"}],"wp:term":[{"taxonomy":"category","embeddable":true,"href":"https:\/\/www.czechcyclingfederation.com\/en\/wp-json\/wp\/v2\/categories?post=32602"},{"taxonomy":"post_tag","embeddable":true,"href":"https:\/\/www.czechcyclingfederation.com\/en\/wp-json\/wp\/v2\/tags?post=32602"}],"curies":[{"name":"wp","href":"https:\/\/api.w.org\/{rel}","templated":true}]}}