{"id":3253,"date":"2021-01-18T07:05:30","date_gmt":"2021-01-18T06:05:30","guid":{"rendered":"http:\/\/www.czechcyclingfederation.com\/?p=3253"},"modified":"2021-01-18T07:07:25","modified_gmt":"2021-01-18T06:07:25","slug":"legendarni-jiri-jezek-vstoupil-do-sine-slavy-skoda-prazskeho-mtb-poharu","status":"publish","type":"post","link":"https:\/\/www.czechcyclingfederation.com\/en\/legendarni-jiri-jezek-vstoupil-do-sine-slavy-skoda-prazskeho-mtb-poharu\/","title":{"rendered":"Legend\u00e1rn\u00ed Ji\u0159\u00ed Je\u017eek vstoupil do S\u00edn\u011b sl\u00e1vy \u0160KODA Pra\u017esk\u00e9ho MTB poh\u00e1ru!"},"content":{"rendered":"\n<p><strong>Sv\u011btov\u00e1 pandemie zabr\u00e1nila po\u0159adatel\u016fm \u0160KODA Pra\u017esk\u00e9ho MTB poh\u00e1ru uskute\u010dnit z\u00e1v\u011bre\u010dn\u00fd slavnostn\u00ed ve\u010der roku 2020. Unik\u00e1tn\u00ed poh\u00e1ry s\u00a0pra\u017eskou dla\u017eebn\u00ed kostkou obdr\u017eeli v\u00edt\u011bzov\u00e9 po\u0161tou a jejich jm\u00e9na budou zdobit ob\u0159\u00ed poh\u00e1rovou trofej, stejn\u011b jako tomu je v\u00a0p\u0159\u00edpad\u011b poh\u00e1rov\u00fdch v\u00edt\u011bz\u016f minul\u00fdch ro\u010dn\u00edk\u016f.<\/strong><\/p>\n\n\n\n<p>T\u00edm ale vyhla\u0161ov\u00e1n\u00ed roku 2020 nekon\u010d\u00ed. Jak vel\u00ed tradice pra\u017esk\u00e9 sout\u011b\u017ee v&nbsp;olympijsk\u00e9m cross country horsk\u00fdch kol pro v\u0161echny v\u011bkov\u00e9 a v\u00fdkonnostn\u00ed kategorie cyklist\u016f, v\u010detn\u011b cyklist\u016f s&nbsp;handicapem, po\u0159adatel\u00e9 ud\u011bluj\u00ed je\u0161t\u011b dal\u0161\u00ed, presti\u017en\u00ed ceny pro \u201eobjev roku\u201c, \u201etren\u00e9ra roku\u201c a osobnost, kter\u00e1 bude uvedena do S\u00edn\u011b sl\u00e1vy \u0160KODA Pra\u017esk\u00e9ho MTB poh\u00e1ru.<\/p>\n\n\n\n<p><span style=\"text-decoration: underline;\">Uveden\u00e9 ceny pro rok 2020 z\u00edsk\u00e1vaj\u00ed:<\/span><\/p>\n\n\n\n<p>Objev roku: <strong>Daniel Kov\u00e1\u0159<\/strong><\/p>\n\n\n\n<p>Tren\u00e9r roku:\u00a0<strong>Ji\u0159\u00ed \u0160t\u011bp\u00e1n\u00edk<\/strong><\/p>\n\n\n\n<p>S\u00ed\u0148 sl\u00e1vy:<strong>\u00a0Ji\u0159\u00ed Je\u017eek<\/strong><\/p>\n\n\n\n<p>Objevem roku 2020 je za\u010d\u00ednaj\u00edc\u00ed nad\u0161en\u00fd cyklista Daniel Kov\u00e1\u0159 z&nbsp;t\u00fdmu Expres cz. Tufo Team Kol\u00edn. Mal\u00fd Daniel dominoval startovn\u00edmu poli kategorie jezdc\u016f 5 \u2013 6 let a v&nbsp;konkurenci 46 jezdc\u016f dok\u00e1zal zv\u00edt\u011bzit ve v\u0161ech poh\u00e1rov\u00fdch z\u00e1vodech.<\/p>\n\n\n\n<p>Cenu Tren\u00e9r roku, ka\u017edoro\u010dn\u011b ud\u011bluje Viktor Zapletal, tren\u00e9r \u010desk\u00e9ho reprezenta\u010dn\u00edho t\u00fdmu horsk\u00fdch kol a mimo jin\u00e9 i osobn\u00ed tren\u00e9r olympijsk\u00e9ho v\u00edt\u011bze Jaroslava Kulhav\u00e9ho a paralympijsk\u00e9ho v\u00edt\u011bze Ji\u0159\u00edho Je\u017eka. Uzn\u00e1van\u00e1 trofej m\u00ed\u0159\u00ed tento rok do pra\u017esk\u00e9 Dukly a z\u00edsk\u00e1v\u00e1 j\u00ed mlad\u00fd tren\u00e9r bikov\u00e9 skupiny d\u011bt\u00ed a ml\u00e1de\u017ee Ji\u0159\u00ed \u0160t\u011bp\u00e1n\u00edk. Jeho t\u00fdm \u017e\u00e1k\u016f a kadet\u016f v&nbsp;pr\u016fb\u011bhu cel\u00e9ho roku obsazoval p\u0159edn\u00ed p\u0159\u00ed\u010dky na nejvy\u0161\u0161\u00edch \u010desk\u00fdch z\u00e1vodech nejenom horsk\u00fdch kol. Sv\u016fj v\u00fdkonnostn\u00ed progres pak sv\u011b\u0159enci Jirky \u0160t\u011bp\u00e1n\u00edka dok\u00e1zali z\u00faro\u010dit i v nejd\u016fle\u017eit\u011bj\u0161\u00edch z\u00e1vodech, mistrovstv\u00ed republiky horsk\u00fdch kol, ale tak\u00e9 na silnici, dr\u00e1ze a v cyklokrosu.<\/p>\n\n\n\n<p>Do S\u00edn\u011b sl\u00e1vy vstupuje dal\u0161\u00ed z\u00a0legend \u010desk\u00e9 a sv\u011btov\u00e9 cyklistiky. K\u00a0tren\u00e9rovi Pavlu Vr\u0161eck\u00e9mu, mnohon\u00e1sobn\u00e9 sv\u011btov\u00e9 medailistce Bohunce Lomov\u00e9, cyklokrosa\u0159ovi Miloslavovi Kvasni\u010dkovi a legend\u00e1rn\u00edmu koment\u00e1torovi Jind\u0159ichu Pulmanovi se p\u0159id\u00e1v\u00e1 \u0161estin\u00e1sobn\u00fd paralympijsk\u00fd v\u00edt\u011bz a mistr sv\u011bta, \u010dty\u0159n\u00e1sobn\u00fd v\u00edt\u011bz sv\u011btov\u00e9ho poh\u00e1ru, mistr Evropy, dr\u017eitel sv\u011btov\u00e9ho i paralympijsk\u00e9ho rekordu ve st\u00edhac\u00edm z\u00e1vod\u011b na dr\u00e1ze a nej\u00fasp\u011b\u0161n\u011bj\u0161\u00ed handicapovan\u00fd cyklista sv\u011btov\u00e9 paralympijsk\u00e9 historie, Ji\u0159\u00ed Je\u017eek.<\/p>\n\n\n\n<div class=\"wp-block-image\"><figure class=\"aligncenter size-large\"><img loading=\"lazy\" decoding=\"async\" width=\"638\" height=\"800\" src=\"http:\/\/www.czechcyclingfederation.com\/wp-content\/uploads\/2021\/01\/p\u0159edn\u00e1\u0161ka_034.jpg\" alt=\"\" class=\"wp-image-3254\" srcset=\"https:\/\/www.czechcyclingfederation.com\/wp-content\/uploads\/2021\/01\/p\u0159edn\u00e1\u0161ka_034.jpg 638w, https:\/\/www.czechcyclingfederation.com\/wp-content\/uploads\/2021\/01\/p\u0159edn\u00e1\u0161ka_034-160x200.jpg 160w\" sizes=\"auto, (max-width: 638px) 100vw, 638px\" \/><figcaption><em>Foto: Michal \u010cerven\u00fd<\/em><\/figcaption><\/figure><\/div>\n\n\n\n<p><em>Zdroj: TZ SKC Praha<\/em><\/p>\n","protected":false},"excerpt":{"rendered":"<p>Sv\u011btov\u00e1 pandemie zabr\u00e1nila po\u0159adatel\u016fm \u0160KODA Pra\u017esk\u00e9ho MTB poh\u00e1ru uskute\u010dnit z\u00e1v\u011bre\u010dn\u00fd slavnostn\u00ed ve\u010der roku 2020. Unik\u00e1tn\u00ed poh\u00e1ry s\u00a0pra\u017eskou dla\u017eebn\u00ed kostkou obdr\u017eeli v\u00edt\u011bzov\u00e9 po\u0161tou a jejich jm\u00e9na budou zdobit ob\u0159\u00ed poh\u00e1rovou trofej, stejn\u011b jako tomu je v\u00a0p\u0159\u00edpad\u011b poh\u00e1rov\u00fdch v\u00edt\u011bz\u016f minul\u00fdch ro\u010dn\u00edk\u016f. T\u00edm ale vyhla\u0161ov\u00e1n\u00ed roku 2020 nekon\u010d\u00ed. Jak vel\u00ed tradice pra\u017esk\u00e9 sout\u011b\u017ee v&nbsp;olympijsk\u00e9m cross country horsk\u00fdch kol [&hellip;]<\/p>\n","protected":false},"author":9,"featured_media":3255,"comment_status":"closed","ping_status":"open","sticky":false,"template":"","format":"standard","meta":{"footnotes":""},"categories":[6,2],"tags":[],"class_list":["post-3253","post","type-post","status-publish","format-standard","has-post-thumbnail","hentry","category-mtb","category-novinky"],"_links":{"self":[{"href":"https:\/\/www.czechcyclingfederation.com\/en\/wp-json\/wp\/v2\/posts\/3253","targetHints":{"allow":["GET"]}}],"collection":[{"href":"https:\/\/www.czechcyclingfederation.com\/en\/wp-json\/wp\/v2\/posts"}],"about":[{"href":"https:\/\/www.czechcyclingfederation.com\/en\/wp-json\/wp\/v2\/types\/post"}],"author":[{"embeddable":true,"href":"https:\/\/www.czechcyclingfederation.com\/en\/wp-json\/wp\/v2\/users\/9"}],"replies":[{"embeddable":true,"href":"https:\/\/www.czechcyclingfederation.com\/en\/wp-json\/wp\/v2\/comments?post=3253"}],"version-history":[{"count":4,"href":"https:\/\/www.czechcyclingfederation.com\/en\/wp-json\/wp\/v2\/posts\/3253\/revisions"}],"predecessor-version":[{"id":3259,"href":"https:\/\/www.czechcyclingfederation.com\/en\/wp-json\/wp\/v2\/posts\/3253\/revisions\/3259"}],"wp:featuredmedia":[{"embeddable":true,"href":"https:\/\/www.czechcyclingfederation.com\/en\/wp-json\/wp\/v2\/media\/3255"}],"wp:attachment":[{"href":"https:\/\/www.czechcyclingfederation.com\/en\/wp-json\/wp\/v2\/media?parent=3253"}],"wp:term":[{"taxonomy":"category","embeddable":true,"href":"https:\/\/www.czechcyclingfederation.com\/en\/wp-json\/wp\/v2\/categories?post=3253"},{"taxonomy":"post_tag","embeddable":true,"href":"https:\/\/www.czechcyclingfederation.com\/en\/wp-json\/wp\/v2\/tags?post=3253"}],"curies":[{"name":"wp","href":"https:\/\/api.w.org\/{rel}","templated":true}]}}