{"id":32522,"date":"2024-10-10T13:35:33","date_gmt":"2024-10-10T11:35:33","guid":{"rendered":"https:\/\/www.czechcyclingfederation.com\/?p=32522"},"modified":"2024-10-10T13:35:35","modified_gmt":"2024-10-10T11:35:35","slug":"skoleni-treneru-iii-tridy-v-brne","status":"publish","type":"post","link":"https:\/\/www.czechcyclingfederation.com\/en\/skoleni-treneru-iii-tridy-v-brne\/","title":{"rendered":"\u0160kolen\u00ed tren\u00e9r\u016f III. t\u0159\u00eddy v Brn\u011b"},"content":{"rendered":"\n<p>Z pov\u011b\u0159en\u00ed \u010cesk\u00e9ho svazu cyklistiky po\u0159\u00e1d\u00e1 OCA z. s. \u0160kolen\u00ed tren\u00e9r\u016f III. t\u0159\u00eddy rychlostn\u00ed cyklistiky v Brn\u011b. V term\u00ednu 9. a\u017e 10. listopadu prob\u011bhne teoretick\u00e9 i praktick\u00e9 \u0161kolen\u00ed zakon\u010den\u00e9 testem.<\/p>\n\n\n\n<p>Datum: sobota 9. listopadu 2024 od 9:00 &#8211; ned\u011ble 10. listopadu 2024 do 17:00 hod<\/p>\n\n\n\n<p>M\u00edsto: klubovna TJ Favoritu Brno, K\u0159\u00ed\u017ekovsk\u00e9ho 22.<\/p>\n\n\n\n<p>Organiz\u00e1tor: Mgr. Luk\u00e1\u0161 PETR, Dukelsk\u00e1 t\u0159\u00edda, 17, 614 00, Brno<\/p>\n\n\n\n<p>P\u0159ihl\u00e1\u0161ky: e-mailem do 5. listopadu 2024 na adresu po\u0159adatele: lukas_petr@seznam.cz<\/p>\n\n\n\n<p>Cena: 1600 K\u010d<\/p>\n\n\n\n<p>Program: Teoretick\u00e9 p\u0159edn\u00e1\u0161ky a praktick\u00e9 uk\u00e1zky dle osnovy programu pro uchaze\u010de o tren\u00e9rskou licenci III. t\u0159\u00eddy. \u0160kolen\u00ed bude zakon\u010deno teoretickou zkou\u0161kou (test).<br><\/p>\n","protected":false},"excerpt":{"rendered":"<p>Z pov\u011b\u0159en\u00ed \u010cesk\u00e9ho svazu cyklistiky po\u0159\u00e1d\u00e1 OCA z. s. \u0160kolen\u00ed tren\u00e9r\u016f III. t\u0159\u00eddy rychlostn\u00ed cyklistiky v Brn\u011b. V term\u00ednu 9. a\u017e 10. listopadu prob\u011bhne teoretick\u00e9 i praktick\u00e9 \u0161kolen\u00ed zakon\u010den\u00e9 testem. Datum: sobota 9. listopadu 2024 od 9:00 &#8211; ned\u011ble 10. listopadu 2024 do 17:00 hod M\u00edsto: klubovna TJ Favoritu Brno, K\u0159\u00ed\u017ekovsk\u00e9ho 22. Organiz\u00e1tor: Mgr. Luk\u00e1\u0161 [&hellip;]<\/p>\n","protected":false},"author":2,"featured_media":32437,"comment_status":"closed","ping_status":"open","sticky":false,"template":"","format":"standard","meta":{"footnotes":""},"categories":[2,173],"tags":[174],"class_list":["post-32522","post","type-post","status-publish","format-standard","has-post-thumbnail","hentry","category-novinky","category-vzdelavani","tag-vzdelavani"],"_links":{"self":[{"href":"https:\/\/www.czechcyclingfederation.com\/en\/wp-json\/wp\/v2\/posts\/32522","targetHints":{"allow":["GET"]}}],"collection":[{"href":"https:\/\/www.czechcyclingfederation.com\/en\/wp-json\/wp\/v2\/posts"}],"about":[{"href":"https:\/\/www.czechcyclingfederation.com\/en\/wp-json\/wp\/v2\/types\/post"}],"author":[{"embeddable":true,"href":"https:\/\/www.czechcyclingfederation.com\/en\/wp-json\/wp\/v2\/users\/2"}],"replies":[{"embeddable":true,"href":"https:\/\/www.czechcyclingfederation.com\/en\/wp-json\/wp\/v2\/comments?post=32522"}],"version-history":[{"count":2,"href":"https:\/\/www.czechcyclingfederation.com\/en\/wp-json\/wp\/v2\/posts\/32522\/revisions"}],"predecessor-version":[{"id":32524,"href":"https:\/\/www.czechcyclingfederation.com\/en\/wp-json\/wp\/v2\/posts\/32522\/revisions\/32524"}],"wp:featuredmedia":[{"embeddable":true,"href":"https:\/\/www.czechcyclingfederation.com\/en\/wp-json\/wp\/v2\/media\/32437"}],"wp:attachment":[{"href":"https:\/\/www.czechcyclingfederation.com\/en\/wp-json\/wp\/v2\/media?parent=32522"}],"wp:term":[{"taxonomy":"category","embeddable":true,"href":"https:\/\/www.czechcyclingfederation.com\/en\/wp-json\/wp\/v2\/categories?post=32522"},{"taxonomy":"post_tag","embeddable":true,"href":"https:\/\/www.czechcyclingfederation.com\/en\/wp-json\/wp\/v2\/tags?post=32522"}],"curies":[{"name":"wp","href":"https:\/\/api.w.org\/{rel}","templated":true}]}}