{"id":32509,"date":"2024-10-07T09:31:07","date_gmt":"2024-10-07T07:31:07","guid":{"rendered":"https:\/\/www.czechcyclingfederation.com\/?p=32509"},"modified":"2024-10-07T09:33:16","modified_gmt":"2024-10-07T07:33:16","slug":"cink-sestnacty-na-svetovem-poharu-v-mont-sainte-anne","status":"publish","type":"post","link":"https:\/\/www.czechcyclingfederation.com\/en\/cink-sestnacty-na-svetovem-poharu-v-mont-sainte-anne\/","title":{"rendered":"Cink \u0161estn\u00e1ct\u00fd na Sv\u011btov\u00e9m poh\u00e1ru v Mont-Sainte-Anne"},"content":{"rendered":"\n<p><strong>V kanadsk\u00e9m Mont-Sainte-Anne se o v\u00edkendu uzav\u0159el Sv\u011btov\u00fd poh\u00e1r horsk\u00fdch kol. Mezi nejlep\u0161\u00edmi bikery sv\u011bta nechyb\u011bli ani \u010de\u0161t\u00ed bike\u0159i z kategorie do t\u0159iadvaceti let a t\u00e9 elitn\u00ed.<\/strong><\/p>\n\n\n\n<p><em>\u201eTra\u0165 XCO v kanadsk\u00e9m Mont Sainte Anne pat\u0159\u00ed v seri\u00e1lu Sv\u011btov\u00e9ho poh\u00e1ru k t\u011bm nejt\u011b\u017e\u0161\u00edm a to v\u010detn\u011b historick\u00e9ho pohledu. V\u0161echny \u00fapravy a rekonstrukce prvotn\u00edho okruhu, kde Jaroslav Kulhav\u00fd vybojoval v roce 2010 svou prvn\u00ed seniorskou medaili z mistrovstv\u00ed sv\u011bta, jsou z pohledu jezdc\u016f t\u011b\u017ek\u00e9 a z pohledu div\u00e1ka hr\u016fzostra\u0161n\u00e9. Zaj\u00edmav\u00e9 ale je, \u017ee kdy\u017e po\u0159adatel\u00e9 dnes do WhatsApp skupiny tren\u00e9r\u016f a z\u00e1vodn\u00edk\u016f zve\u0159ejnili \u00fapravu a v podstat\u011b zjednodu\u0161en\u00ed jedn\u00e9 z nov\u00fdch sekc\u00ed, tak reakce jezdc\u016f jsou bu\u010f z\u00e1porn\u00e9 nebo zcela nete\u010dn\u00e9. Prost\u011b v MTB plat\u00ed, kdy\u017e u\u017e si jednou zvykne\u0161, tak pak je to v\u0161echno v\u00fdrazn\u011b jednodu\u0161\u0161\u00ed,\u201c&nbsp;<\/em>okomentoval okruh reprezenta\u010dn\u00ed tren\u00e9r Viktor Zapletal.<\/p>\n\n\n\n<p>Na 20. m\u00edst\u011b byla v z\u00e1vod\u011b nejrychlej\u0161\u00ed \u010deskou z\u00e1vodnic\u00ed do 23 let Simona Sp\u011b\u0161n\u00e1. V celkov\u00e9m hodnocen\u00ed Sv\u011btov\u00e9ho poh\u00e1ru n\u00e1le\u017e\u00ed \u010desk\u00e9 reprezentantce dobr\u00e9 15. m\u00edsto. Je\u0161t\u011b l\u00e9pe se v celkov\u00e9m rankingu Sv\u011btov\u00e9ho poh\u00e1ru um\u00edstila Ad\u00e9la Holubov\u00e1 na 13. m\u00edst\u011b a to i p\u0159es bodov\u00fd v\u00fdpadek z ned\u011bln\u00edho z\u00e1vodu, kter\u00fd pro n\u00e1sledky v\u010derej\u0161\u00edho p\u00e1du nedokon\u010dila. Nela Viktorov\u00e1 dnes obsadila 28. p\u0159\u00ed\u010dku a celkov\u011b vybojovala v sez\u00f3n\u011b 2024 21. pozici.<\/p>\n\n\n\n<p>Z\u00e1vod kategorie mu\u017e\u016f do t\u0159iadvaceti let dopadl nejl\u00e9pe pro Jana Zatloukala, kter\u00fd obsadil 28., Jan S\u00e1ska 29. a Ond\u0159ej Novotn\u00fd 50. m\u00edsto. V celkov\u00e9m hodnocen\u00ed Sv\u011btov\u00e9ho poh\u00e1ru n\u00e1le\u017e\u00ed Janu Zatloukalovi 23., Janu S\u00e1skovi 30. a Ond\u0159ejovi Novotn\u00e9mu 54. p\u0159\u00ed\u010dka.<\/p>\n\n\n\n<p>16. m\u00edsto si veze z fin\u00e1lov\u00e9ho z\u00e1vodu Sv\u011btov\u00e9ho poh\u00e1ru v kanadsk\u00e9m Mont Sainte Anne n\u00e1\u0161 aktu\u00e1ln\u011b nejlep\u0161\u00ed biker Ond\u0159ej Cink. B\u011bhem cel\u00e9 z\u00e1mo\u0159sk\u00e9 s\u00e9rie Ond\u0159ej prokazoval v\u00fdbornou formu a p\u0159\u00edslu\u0161nost k absolutn\u00ed sv\u011btov\u00e9 \u0161pi\u010dce. V kategorii elitn\u00edch \u017een se nikdo z \u010desk\u00fdch reprezentantek nep\u0159edstavil.<\/p>\n\n\n\n<p><strong>V\u00fdsledky<\/strong>:<\/p>\n\n\n\n<p>\u017deny U23: 1. Kira B\u00f6hm (N\u011bm, Cube Factory) 1:10:11, 2. Olivia Onesti (Fr., Trinx Factory) +0:31, 3. Fiona Schibler (\u0160v\u00fdc., Bike Team Solothurn) +0:43, &#8230; 20. Simona Sp\u011b\u0161n\u00e1 (MS Bike Academy) +5:40, 28. Nela Viktorov\u00e1 (Rouvy Specialized) +9:44, DNF Ad\u00e9la Holubov\u00e1 (Rouvy Specialized).<\/p>\n\n\n\n<p>Mu\u017ei U23: 1. Dario Lillo (\u0160v\u00fdc., Giant Factory) 1:08:13, 2. Martin Luca (Fr., Orbea Factory) +0:13, 3. Yannis Musy (Fr.) +0:26, \u2026 28. Jan S\u00e1ska (Santa Cruz) +4:52, 29. Jan Zatloukal (Nutrend Specialized SKC) +4:52, 50. Ond\u0159ej Novotn\u00fd (Nutrend Specialized SKC) +9:38.<\/p>\n\n\n\n<p>Mu\u017ei Elite: 1. Alan Hatherly (RSA, Cannondale Factory) 1:26:56, 2. Mathis Azzaro (\u0160v\u00fdc., Decathlon Ford) +0:30, 3. Victor Koretzky (Fr., Specialized Factory) +0:48, \u2026 16. Ond\u0159ej Cink (Primaflor Mondraker) +3:29.<\/p>\n\n\n\n<p>\u017deny Elite: 1. Loana Lecomte (Fr., Canyon CLLCTV) 1:19:01, 2. Laure Stigger (Rak., Specialized Factory) +0:09, 3. Sina Frei (\u0160v\u00fdc., Specialized Factory) +1:19.<\/p>\n\n\n\n<p>Foto: Michal \u010cerven\u00fd<\/p>\n\n\n\n<iframe loading=\"lazy\" src=\"https:\/\/www.facebook.com\/plugins\/post.php?href=https%3A%2F%2Fwww.facebook.com%2FreprezentaceMTB%2Fposts%2Fpfbid02Qdv4m4epjHHzsn97wmX8SyAvCk7W1FQQZ6pQ31rVwiFyEjGE7ZDUgigDc3wuPFSjl&#038;show_text=true&#038;width=500\" width=\"500\" height=\"250\" style=\"border:none;overflow:hidden\" scrolling=\"no\" frameborder=\"0\" allowfullscreen=\"true\" allow=\"autoplay; clipboard-write; encrypted-media; picture-in-picture; web-share\"><\/iframe>\n","protected":false},"excerpt":{"rendered":"<p>V kanadsk\u00e9m Mont-Sainte-Anne se o v\u00edkendu uzav\u0159el Sv\u011btov\u00fd poh\u00e1r horsk\u00fdch kol. Mezi nejlep\u0161\u00edmi bikery sv\u011bta nechyb\u011bli ani \u010de\u0161t\u00ed bike\u0159i z kategorie do t\u0159iadvaceti let a t\u00e9 elitn\u00ed. \u201eTra\u0165 XCO v kanadsk\u00e9m Mont Sainte Anne pat\u0159\u00ed v seri\u00e1lu Sv\u011btov\u00e9ho poh\u00e1ru k t\u011bm nejt\u011b\u017e\u0161\u00edm a to v\u010detn\u011b historick\u00e9ho pohledu. V\u0161echny \u00fapravy a rekonstrukce prvotn\u00edho okruhu, kde Jaroslav [&hellip;]<\/p>\n","protected":false},"author":9,"featured_media":32510,"comment_status":"closed","ping_status":"open","sticky":false,"template":"","format":"standard","meta":{"footnotes":""},"categories":[6,2],"tags":[10],"class_list":["post-32509","post","type-post","status-publish","format-standard","has-post-thumbnail","hentry","category-mtb","category-novinky","tag-mtb"],"_links":{"self":[{"href":"https:\/\/www.czechcyclingfederation.com\/en\/wp-json\/wp\/v2\/posts\/32509","targetHints":{"allow":["GET"]}}],"collection":[{"href":"https:\/\/www.czechcyclingfederation.com\/en\/wp-json\/wp\/v2\/posts"}],"about":[{"href":"https:\/\/www.czechcyclingfederation.com\/en\/wp-json\/wp\/v2\/types\/post"}],"author":[{"embeddable":true,"href":"https:\/\/www.czechcyclingfederation.com\/en\/wp-json\/wp\/v2\/users\/9"}],"replies":[{"embeddable":true,"href":"https:\/\/www.czechcyclingfederation.com\/en\/wp-json\/wp\/v2\/comments?post=32509"}],"version-history":[{"count":2,"href":"https:\/\/www.czechcyclingfederation.com\/en\/wp-json\/wp\/v2\/posts\/32509\/revisions"}],"predecessor-version":[{"id":32513,"href":"https:\/\/www.czechcyclingfederation.com\/en\/wp-json\/wp\/v2\/posts\/32509\/revisions\/32513"}],"wp:featuredmedia":[{"embeddable":true,"href":"https:\/\/www.czechcyclingfederation.com\/en\/wp-json\/wp\/v2\/media\/32510"}],"wp:attachment":[{"href":"https:\/\/www.czechcyclingfederation.com\/en\/wp-json\/wp\/v2\/media?parent=32509"}],"wp:term":[{"taxonomy":"category","embeddable":true,"href":"https:\/\/www.czechcyclingfederation.com\/en\/wp-json\/wp\/v2\/categories?post=32509"},{"taxonomy":"post_tag","embeddable":true,"href":"https:\/\/www.czechcyclingfederation.com\/en\/wp-json\/wp\/v2\/tags?post=32509"}],"curies":[{"name":"wp","href":"https:\/\/api.w.org\/{rel}","templated":true}]}}