{"id":32505,"date":"2024-10-06T20:19:49","date_gmt":"2024-10-06T18:19:49","guid":{"rendered":"https:\/\/www.czechcyclingfederation.com\/?p=32505"},"modified":"2024-10-06T20:19:52","modified_gmt":"2024-10-06T18:19:52","slug":"vacek-druhy-na-pariz-tours","status":"publish","type":"post","link":"https:\/\/www.czechcyclingfederation.com\/en\/vacek-druhy-na-pariz-tours\/","title":{"rendered":"Vacek druh\u00fd na Pa\u0159\u00ed\u017e-Tours!"},"content":{"rendered":"\n<p>Skv\u011blou formu ze z\u00e1v\u011bru sezony uk\u00e1zal <strong>Mathias Vacek<\/strong> i na 118. ro\u010dn\u00edku slavn\u00e9 jednor\u00e1zovky Pa\u0159\u00ed\u017e-Tours ve Francii. Obsadil druh\u00e9 m\u00edsto, kdy\u017e byl nad jeho s\u00edly jen dom\u00e1c\u00ed <strong>Christophe Laporte<\/strong>.<\/p>\n\n\n\n<p><em>\u201eZase druh\u00fd,\u201c<\/em> \u0159ekl po z\u00e1vod\u011b Vacek, pro kter\u00e9ho \u0161lo u\u017e o p\u00e1t\u00e9 druh\u00e9 m\u00edsto v&nbsp;sezon\u011b. <em>\u201eChyb\u00ed mi ud\u011blat mal\u00fd kr\u016f\u010dek k&nbsp;v\u00edt\u011bzstv\u00ed, ale zat\u00edm beru druh\u00e1 m\u00edsta. Samoz\u0159ejm\u011b jsem trochu zklaman\u00fd, ale dost\u00e1v\u00e1me se tam a z\u00edsk\u00e1v\u00e1m sebev\u011bdom\u00ed i pro dal\u0161\u00ed sezonu,\u201c<\/em> \u0159ekl Vacek.<\/p>\n\n\n\n<p>Cyklista st\u00e1je Lidl-Trek jel posledn\u00edch 20 kilometr\u016f na \u010dele pr\u00e1v\u011b s&nbsp;Laportem. Ostatn\u00ed jejich tempu nesta\u010dili. Ve fin\u00e1le z\u00e1vodu, kter\u00fd se jel za nep\u0159\u00edzniv\u00e9ho po\u010das\u00ed, do\u0161lo na spurt, v&nbsp;n\u011bm\u017e m\u011bl v\u00edce sil Laporte.<\/p>\n\n\n\n<p><em>\u201eDob\u0159e jsme spolupracovali a v&nbsp;tom sprintu byl siln\u011bj\u0161\u00ed. J\u00e1 dnes nemohl jet o moc l\u00e9pe. Gratuluji Chrisovi,\u201c<\/em> dodal \u010desk\u00fd reprezentant.<\/p>\n\n\n\n<p><strong>V\u00fdsledky <\/strong>(213,8 km): 1. Laporte (Fr.\/ Visma-Lease a Bike) 5:00:27, <strong>2. M. Vacek <\/strong>(\u010cR\/Lidl-Trek) stejn\u00fd \u010das, 3. Philipsen (Belg.\/Alpecin-Deceuninck), 4. Teunissen (Niz.\/Intermarch\u00e9-Wanty), 5. Renard (Fr.\/Cofidis) v\u0161. +21.<\/p>\n\n\n\n<p>Foto: Paris-Tours<\/p>\n","protected":false},"excerpt":{"rendered":"<p>Skv\u011blou formu ze z\u00e1v\u011bru sezony uk\u00e1zal Mathias Vacek i na 118. ro\u010dn\u00edku slavn\u00e9 jednor\u00e1zovky Pa\u0159\u00ed\u017e-Tours ve Francii. Obsadil druh\u00e9 m\u00edsto, kdy\u017e byl nad jeho s\u00edly jen dom\u00e1c\u00ed Christophe Laporte. \u201eZase druh\u00fd,\u201c \u0159ekl po z\u00e1vod\u011b Vacek, pro kter\u00e9ho \u0161lo u\u017e o p\u00e1t\u00e9 druh\u00e9 m\u00edsto v&nbsp;sezon\u011b. \u201eChyb\u00ed mi ud\u011blat mal\u00fd kr\u016f\u010dek k&nbsp;v\u00edt\u011bzstv\u00ed, ale zat\u00edm beru druh\u00e1 m\u00edsta. [&hellip;]<\/p>\n","protected":false},"author":15,"featured_media":32506,"comment_status":"closed","ping_status":"open","sticky":false,"template":"","format":"standard","meta":{"footnotes":""},"categories":[2,46],"tags":[11],"class_list":["post-32505","post","type-post","status-publish","format-standard","has-post-thumbnail","hentry","category-novinky","category-novinky-sportovni-centra","tag-silnice"],"_links":{"self":[{"href":"https:\/\/www.czechcyclingfederation.com\/en\/wp-json\/wp\/v2\/posts\/32505","targetHints":{"allow":["GET"]}}],"collection":[{"href":"https:\/\/www.czechcyclingfederation.com\/en\/wp-json\/wp\/v2\/posts"}],"about":[{"href":"https:\/\/www.czechcyclingfederation.com\/en\/wp-json\/wp\/v2\/types\/post"}],"author":[{"embeddable":true,"href":"https:\/\/www.czechcyclingfederation.com\/en\/wp-json\/wp\/v2\/users\/15"}],"replies":[{"embeddable":true,"href":"https:\/\/www.czechcyclingfederation.com\/en\/wp-json\/wp\/v2\/comments?post=32505"}],"version-history":[{"count":1,"href":"https:\/\/www.czechcyclingfederation.com\/en\/wp-json\/wp\/v2\/posts\/32505\/revisions"}],"predecessor-version":[{"id":32508,"href":"https:\/\/www.czechcyclingfederation.com\/en\/wp-json\/wp\/v2\/posts\/32505\/revisions\/32508"}],"wp:featuredmedia":[{"embeddable":true,"href":"https:\/\/www.czechcyclingfederation.com\/en\/wp-json\/wp\/v2\/media\/32506"}],"wp:attachment":[{"href":"https:\/\/www.czechcyclingfederation.com\/en\/wp-json\/wp\/v2\/media?parent=32505"}],"wp:term":[{"taxonomy":"category","embeddable":true,"href":"https:\/\/www.czechcyclingfederation.com\/en\/wp-json\/wp\/v2\/categories?post=32505"},{"taxonomy":"post_tag","embeddable":true,"href":"https:\/\/www.czechcyclingfederation.com\/en\/wp-json\/wp\/v2\/tags?post=32505"}],"curies":[{"name":"wp","href":"https:\/\/api.w.org\/{rel}","templated":true}]}}