{"id":32493,"date":"2024-10-06T18:15:52","date_gmt":"2024-10-06T16:15:52","guid":{"rendered":"https:\/\/www.czechcyclingfederation.com\/?p=32493"},"modified":"2024-10-06T18:15:55","modified_gmt":"2024-10-06T16:15:55","slug":"gravelove-tituly-miri-do-nizozemska-vakoc-jednadvacaty","status":"publish","type":"post","link":"https:\/\/www.czechcyclingfederation.com\/en\/gravelove-tituly-miri-do-nizozemska-vakoc-jednadvacaty\/","title":{"rendered":"Gravelov\u00e9 tituly m\u00ed\u0159\u00ed do Nizozemska, Vako\u010d jednadvac\u00e1t\u00fd"},"content":{"rendered":"\n<p><strong>Jednadvac\u00e1tou p\u0159\u00ed\u010dku vybojoval Petr Vako\u010d na mistrovstv\u00ed sv\u011bta v gravelu, kter\u00e9 se jelo v ned\u011bli v Belgii. Titul sv\u011btov\u00e9ho \u0161ampiona z\u00edskal Mathieu van der Poel z Nizozemska. Mezi \u017eenami kralovala v sobotu jeho krajanka Marianne Vosov\u00e1.<\/strong><\/p>\n\n\n\n<p>Gravelov\u00e9 mistrovstv\u00ed sv\u011bta se jelo pot\u0159et\u00ed v historii. Mu\u017ei museli na trase dlouh\u00e9 182 kilometr\u016f z Halle do Lovan\u011b poko\u0159it 1100 v\u00fd\u0161kov\u00fdch metr\u016f. Nejl\u00e9pe se s n\u00e1strahami trati vypo\u0159\u00e1dal Mathieu van der Poel, kter\u00fd u\u017e m\u00e1 doma \u0161est titul\u016f mistra sv\u011bta z cyklokrosu a minul\u00fd rok vyhr\u00e1l sv\u011btov\u00fd titul na silnici.<\/p>\n\n\n\n<p>&#8220;Vyhr\u00e1t titul na gravelu byl velk\u00fd c\u00edl na konci sezony. Cht\u011bl jsem p\u0159idat dal\u0161\u00ed zlat\u00fd kousek do kolekce, vylep\u0161it svoji sb\u00edrku,&#8221; usm\u00e1l se Mathieu van der Poel.<\/p>\n\n\n\n<figure class=\"wp-block-image size-large\"><img loading=\"lazy\" decoding=\"async\" width=\"1024\" height=\"683\" src=\"http:\/\/www.czechcyclingfederation.com\/wp-content\/uploads\/2024\/10\/gravel-2-1024x683.jpg\" alt=\"\" class=\"wp-image-32494\" srcset=\"https:\/\/www.czechcyclingfederation.com\/wp-content\/uploads\/2024\/10\/gravel-2-1024x683.jpg 1024w, https:\/\/www.czechcyclingfederation.com\/wp-content\/uploads\/2024\/10\/gravel-2-300x200.jpg 300w, https:\/\/www.czechcyclingfederation.com\/wp-content\/uploads\/2024\/10\/gravel-2-768x512.jpg 768w, https:\/\/www.czechcyclingfederation.com\/wp-content\/uploads\/2024\/10\/gravel-2-1536x1024.jpg 1536w, https:\/\/www.czechcyclingfederation.com\/wp-content\/uploads\/2024\/10\/gravel-2-1320x880.jpg 1320w, https:\/\/www.czechcyclingfederation.com\/wp-content\/uploads\/2024\/10\/gravel-2.jpg 2048w\" sizes=\"auto, (max-width: 1024px) 100vw, 1024px\" \/><\/figure>\n\n\n\n<p>Dev\u011btadvacetilet\u00fd z\u00e1vodn\u00edk formace Alpecin Deceuninck nasadil od za\u010d\u00e1tku hodn\u011b ostr\u00e9 tempo. &#8220;Cht\u011bl jsem ud\u011blat z\u00e1vod hodn\u011b t\u011b\u017ek\u00fd, abych dostal ostatn\u00ed na limit,&#8221; vysv\u011btloval nizozemsk\u00fd reprezentant, kter\u00fd \u010delil ob\u0159\u00ed p\u0159esile dom\u00e1c\u00ed reprezentace. V c\u00edli bylo z nejlep\u0161\u00edch deseti sedm z\u00e1vodn\u00edk\u016f Belgie. &#8220;Z\u00e1vod byl nav\u00edc velice technick\u00fd, tak\u017ee men\u0161\u00ed skupina znamenala men\u0161\u00ed riziko probl\u00e9m\u016f,&#8221; popsal pozd\u011bj\u0161\u00ed v\u00edt\u011bz.<\/p>\n\n\n\n<p>Mathieu van der Poel si vybral n\u011bkolik m\u00e1lo stoup\u00e1n\u00ed pro postupnou selekci. Po \u00fatoku \u0161edes\u00e1t kilometr\u016f p\u0159ed c\u00edlem zredukoval vedouc\u00ed skupinu ze \u0161estn\u00e1cti na sedm z\u00e1vodn\u00edk\u016f. p\u0159i dal\u0161\u00edm men\u0161\u00edm kopci odsko\u010dil s dom\u00e1c\u00edm Florianem Vermeerschem. Kdy\u017e zb\u00fdvalo \u010dtrn\u00e1ct kilometr\u016f. p\u0159edvedl nizozemsk\u00fd reprezentant drtiv\u00fd n\u00e1stup.<\/p>\n\n\n\n<p>&#8220;Vybral jsem si nejt\u011b\u017e\u0161\u00ed m\u00edsto. Necht\u011bl jsem nech\u00e1vat bitvu o titul na spurt, proto\u017ee nikdy nev\u00edte, co se stane. Zejm\u00e9na v p\u0159\u00edpad\u011b gravelu,&#8221; \u0159\u00edkal Mathieu van der Poel, kdy\u017e projel s v\u00edce ne\u017e minutov\u00fdm n\u00e1skokem c\u00edlovou branou.<\/p>\n\n\n\n<p>Na startu z\u00e1vodu elity bylo deset \u010desk\u00fdch cyklist\u016f. V\u00edt\u011bz Sv\u011btov\u00e9ho poh\u00e1ru UCI Petr Vako\u010d se startovn\u00edm \u010d\u00edslem p\u011bt pat\u0159il k adept\u016fm na medaili. Ov\u0161em technick\u00e9 probl\u00e9my jej z bitvy o stupn\u011b v\u00edt\u011bz\u016f vy\u0159adily a c\u00edlem projel jako jednadvac\u00e1t\u00fd. Do prvn\u00ed pades\u00e1tky se ve\u0161el je\u0161t\u011b Filip Adel, kter\u00fd byl klasifikovan\u00fd jako dvaa\u010dty\u0159ic\u00e1t\u00fd.<\/p>\n\n\n\n<p>Bitvu \u017een o duhov\u00fd trikot ovl\u00e1dla nizozemsk\u00e1 z\u00e1vodnice Marianne Vosov\u00e1. Sedmat\u0159icetilet\u00e1 legenda ve spurtu porazila belgickou reprezentantku Lotte Kopeckou.<\/p>\n\n\n\n<p>Marianne Vosov\u00e1 vylep\u0161ila svoji v\u00fdjime\u010dnou zlatou sb\u00edrku. B\u011bhem kari\u00e9ry byla t\u0159ikr\u00e1t mistryni sv\u011bta v silni\u010dn\u00edm z\u00e1vod\u011b, vyhr\u00e1la olympijsk\u00e9 hry, osmkr\u00e1t duhov\u00fd trikot pro nejlep\u0161\u00ed cyklokrosa\u0159ku a titul m\u00e1 i z dr\u00e1hov\u00e9 cyklistiky.<\/p>\n\n\n\n<figure class=\"wp-block-image size-large\"><img loading=\"lazy\" decoding=\"async\" width=\"1024\" height=\"683\" src=\"http:\/\/www.czechcyclingfederation.com\/wp-content\/uploads\/2024\/10\/gravel-5-1024x683.jpg\" alt=\"\" class=\"wp-image-32500\" srcset=\"https:\/\/www.czechcyclingfederation.com\/wp-content\/uploads\/2024\/10\/gravel-5-1024x683.jpg 1024w, https:\/\/www.czechcyclingfederation.com\/wp-content\/uploads\/2024\/10\/gravel-5-300x200.jpg 300w, https:\/\/www.czechcyclingfederation.com\/wp-content\/uploads\/2024\/10\/gravel-5-768x512.jpg 768w, https:\/\/www.czechcyclingfederation.com\/wp-content\/uploads\/2024\/10\/gravel-5-1536x1024.jpg 1536w, https:\/\/www.czechcyclingfederation.com\/wp-content\/uploads\/2024\/10\/gravel-5-1320x880.jpg 1320w, https:\/\/www.czechcyclingfederation.com\/wp-content\/uploads\/2024\/10\/gravel-5.jpg 2048w\" sizes=\"auto, (max-width: 1024px) 100vw, 1024px\" \/><\/figure>\n\n\n\n<p>Z\u00e1vod na 134 kilometr\u016f absolvovala i \u00fa\u0159aduj\u00edc\u00ed \u010desk\u00e1 mistryn\u011b v gravelu i cyklokrosu Krist\u00fdna Zemanov\u00e1.<\/p>\n\n\n\n<p>&#8220;Bylo to moje prvn\u00ed gravelov\u00e9 mistrovstv\u00ed sv\u011bta. Po p\u011bta\u010dty\u0159iceti kilometrech jsem m\u011bla defekt. P\u011bt kilometr\u016f jsem musela jet na pr\u00e1zdn\u00e9m kole, co\u017e znamenalo konec v\u0161em nad\u011bj\u00edm,&#8221; komentovala pr\u016fb\u011bh bitvy o titul Krist\u00fdna Zemanov\u00e1.<\/p>\n\n\n\n<p>&#8220;Naj\u00edt novou motivaci a dojet do c\u00edle bylo dost t\u011b\u017ek\u00e9, ale cht\u011bla jsem, aby jedin\u00e9 \u010desk\u00e9 barvy na startu, byly i v c\u00edli. Spokojen\u00e1 nejsem, ale ur\u010dit\u011b to byla velk\u00e1 zku\u0161enost,&#8221; doplnila je\u0161t\u011b \u010desk\u00e1 reprezentantka.<\/p>\n\n\n\n<p><strong>Mu\u017ei (182 km):<\/strong> 1. Van der Poel (Niz.) 4:41:23 hod., 2. F. Vermeersch +1:03 min., 3. Hermans +3:47 min., 4. Stuyven +3:47 min., 5. G. Vermeersch (v\u0161. Bel.) +3:48 min., \u202621. Vako\u010d +12:04 min., 42. Adel (oba \u010cR) +14:30 min.,<\/p>\n\n\n\n<p><strong>\u017deny (134 km):<\/strong> 1. Vosov\u00e1 (Niz.) 4:01:07 hod., 2. Kopeck\u00e1 (Belg.) +1, 3. Wiebesov\u00e1 +3:57 min., 4. Pieterseov\u00e1 (ob\u011b Niz.) +4:09 min., 5. Kasperov\u00e1 (N\u011bm.) +4:15 min., \u202659. Zemanov\u00e1(\u010cR) +19:01 min.<\/p>\n\n\n\n<p>Foto: UCI\/Simon Wilkinson\/SWpix.com<\/p>\n","protected":false},"excerpt":{"rendered":"<p>Jednadvac\u00e1tou p\u0159\u00ed\u010dku vybojoval Petr Vako\u010d na mistrovstv\u00ed sv\u011bta v gravelu, kter\u00e9 se jelo v ned\u011bli v Belgii. Titul sv\u011btov\u00e9ho \u0161ampiona z\u00edskal Mathieu van der Poel z Nizozemska. Mezi \u017eenami kralovala v sobotu jeho krajanka Marianne Vosov\u00e1. Gravelov\u00e9 mistrovstv\u00ed sv\u011bta se jelo pot\u0159et\u00ed v historii. Mu\u017ei museli na trase dlouh\u00e9 182 kilometr\u016f z Halle do Lovan\u011b [&hellip;]<\/p>\n","protected":false},"author":30,"featured_media":32502,"comment_status":"closed","ping_status":"open","sticky":false,"template":"","format":"standard","meta":{"footnotes":""},"categories":[2,46],"tags":[196],"class_list":["post-32493","post","type-post","status-publish","format-standard","has-post-thumbnail","hentry","category-novinky","category-novinky-sportovni-centra","tag-gravel"],"_links":{"self":[{"href":"https:\/\/www.czechcyclingfederation.com\/en\/wp-json\/wp\/v2\/posts\/32493","targetHints":{"allow":["GET"]}}],"collection":[{"href":"https:\/\/www.czechcyclingfederation.com\/en\/wp-json\/wp\/v2\/posts"}],"about":[{"href":"https:\/\/www.czechcyclingfederation.com\/en\/wp-json\/wp\/v2\/types\/post"}],"author":[{"embeddable":true,"href":"https:\/\/www.czechcyclingfederation.com\/en\/wp-json\/wp\/v2\/users\/30"}],"replies":[{"embeddable":true,"href":"https:\/\/www.czechcyclingfederation.com\/en\/wp-json\/wp\/v2\/comments?post=32493"}],"version-history":[{"count":1,"href":"https:\/\/www.czechcyclingfederation.com\/en\/wp-json\/wp\/v2\/posts\/32493\/revisions"}],"predecessor-version":[{"id":32504,"href":"https:\/\/www.czechcyclingfederation.com\/en\/wp-json\/wp\/v2\/posts\/32493\/revisions\/32504"}],"wp:featuredmedia":[{"embeddable":true,"href":"https:\/\/www.czechcyclingfederation.com\/en\/wp-json\/wp\/v2\/media\/32502"}],"wp:attachment":[{"href":"https:\/\/www.czechcyclingfederation.com\/en\/wp-json\/wp\/v2\/media?parent=32493"}],"wp:term":[{"taxonomy":"category","embeddable":true,"href":"https:\/\/www.czechcyclingfederation.com\/en\/wp-json\/wp\/v2\/categories?post=32493"},{"taxonomy":"post_tag","embeddable":true,"href":"https:\/\/www.czechcyclingfederation.com\/en\/wp-json\/wp\/v2\/tags?post=32493"}],"curies":[{"name":"wp","href":"https:\/\/api.w.org\/{rel}","templated":true}]}}