{"id":3249,"date":"2021-01-16T10:08:29","date_gmt":"2021-01-16T09:08:29","guid":{"rendered":"http:\/\/www.czechcyclingfederation.com\/?p=3249"},"modified":"2021-01-18T07:03:30","modified_gmt":"2021-01-18T06:03:30","slug":"studie-navrat-sportovcu-po-prodelane-nemoci-covid-19-do-treninku","status":"publish","type":"post","link":"https:\/\/www.czechcyclingfederation.com\/en\/studie-navrat-sportovcu-po-prodelane-nemoci-covid-19-do-treninku\/","title":{"rendered":"Studie: n\u00e1vrat sportovc\u016f po prod\u011blan\u00e9 nemoci COVID 19 do tr\u00e9ninku"},"content":{"rendered":"\n<p><strong>N\u00e1vrat sportovc\u016f po prod\u011blan\u00e9 nemoci COVID 19 do tr\u00e9ninku &#8211; studie zpracovan\u00e1 p\u0159edn\u00edmi l\u00e9ka\u0159i z oblasti vrcholov\u00e9ho sportu.<\/strong><\/p>\n\n\n\n<p>S ohledem na po\u010det naka\u017een\u00fdch sportovc\u016f virem COVID 19 jsou n\u00ed\u017ee dostupn\u00e9 materi\u00e1ly k\u00a0t\u00e9to problematice.  Studii zpracovali p\u0159edn\u00ed l\u00e9ka\u0159i, odborn\u00edci na toto t\u00e9ma a vrcholov\u00fd sport.\u00a0<\/p>\n\n\n\n<p>Vzhledem k\u00a0z\u00e1va\u017enosti probl\u00e9mu a mnoha souvisej\u00edc\u00edm probl\u00e9m\u016fm (i n\u00e1sledn\u00fdm, dlouhodob\u00fdm) po p\u0159ekon\u00e1n\u00ed nemoci V\u00e1m doporu\u010dujeme v\u011bnovat \u010dl\u00e1nku zv\u00fd\u0161enou pozornost.\u00a0Jedn\u00e1 se o zat\u00edm ojedin\u011blou studii, kter\u00e1 m\u016f\u017ee v\u00a0mnoh\u00e9m pomoci z\u00a0pohledu prevence, pr\u016fb\u011bhu vlastn\u00ed nemoci i n\u00e1vratu k\u00a0tr\u00e9ninku.<\/p>\n\n\n\n<p>Informace&nbsp;t\u00fdkaj\u00edc\u00edch se n\u00e1vratu sportovc\u016f pro prod\u011blan\u00e9 nemoci COVID-19, kter\u00e9 zpracovali \u010de\u0161t\u00ed l\u00e9ka\u0159i a odborn\u00edci z oblasti vrcholov\u00e9ho sportu.<\/p>\n\n\n\n<p>Doporu\u010den\u00fd n\u00e1vrat do&nbsp;<strong>tr\u00e9ninkov\u00e9ho procesu je:&nbsp;<\/strong><br>\u27a1&nbsp;u&nbsp;bezp\u0159\u00edznakov\u00e9ho pr\u016fb\u011bhu: 11 den<br>\u27a1&nbsp;u lehk\u00e9ho pr\u016fb\u011bhu: nejd\u0159\u00edve za 7 dn\u00ed od posledn\u00edch p\u0159\u00edznak\u016f<br>\u27a1&nbsp;u st\u0159edn\u011b t\u011b\u017ek\u00e9ho: nejd\u0159\u00edve za 10 dn\u00ed od posledn\u00edch p\u0159\u00edznak\u016f<br>\u27a1&nbsp;u t\u011b\u017ek\u00e9ho: nejd\u0159\u00edve za 14 dn\u00ed od posledn\u00edch p\u0159\u00edznak\u016f<br>\u26a0 POZOR. Doporu\u010den\u00e9 doby n\u00e1vratu jsou orienta\u010dn\u00ed.&nbsp;<strong>V\u017edy je rozumn\u00e9 prov\u00e9st vy\u0161et\u0159en\u00ed ve form\u011b mimo\u0159\u00e1dn\u00e9 l\u00e9ka\u0159sk\u00e9 prohl\u00eddky dle vyhl\u00e1\u0161ky 391\/2013 Sb.<\/strong><\/p>\n\n\n\n<p>V\u00edce informac\u00ed naleznete v \u010dl\u00e1nku, kter\u00fd pos\u00edl\u00e1m v prvn\u00ed p\u0159\u00edloze. Druhou p\u0159\u00edlohou je p\u0159ehledn\u00e1 infografika.<\/p>\n\n\n\n<ul class=\"wp-block-list\"><li>\ud83d\udd17\u00a0<a href=\"https:\/\/duklasport.us10.list-manage.com\/track\/click?u=a8a598e38203885f4bff1618b&amp;id=6260d80100&amp;e=6f1f8cfe9c\">ZOBRAZIT \u010cL\u00c1NEK<\/a><\/li><li>\ud83d\udd17\u00a0<a href=\"https:\/\/duklasport.us10.list-manage.com\/track\/click?u=a8a598e38203885f4bff1618b&amp;id=c362a1caf8&amp;e=6f1f8cfe9c\">ZOBRAZIT INFOGRAFIKU<\/a><\/li><\/ul>\n\n\n\n<p><em>Foto: Michal \u010cerven\u00fd<\/em><\/p>\n","protected":false},"excerpt":{"rendered":"<p>N\u00e1vrat sportovc\u016f po prod\u011blan\u00e9 nemoci COVID 19 do tr\u00e9ninku &#8211; studie zpracovan\u00e1 p\u0159edn\u00edmi l\u00e9ka\u0159i z oblasti vrcholov\u00e9ho sportu. S ohledem na po\u010det naka\u017een\u00fdch sportovc\u016f virem COVID 19 jsou n\u00ed\u017ee dostupn\u00e9 materi\u00e1ly k\u00a0t\u00e9to problematice. Studii zpracovali p\u0159edn\u00ed l\u00e9ka\u0159i, odborn\u00edci na toto t\u00e9ma a vrcholov\u00fd sport.\u00a0 Vzhledem k\u00a0z\u00e1va\u017enosti probl\u00e9mu a mnoha souvisej\u00edc\u00edm probl\u00e9m\u016fm (i n\u00e1sledn\u00fdm, dlouhodob\u00fdm) po [&hellip;]<\/p>\n","protected":false},"author":9,"featured_media":3250,"comment_status":"closed","ping_status":"open","sticky":false,"template":"","format":"standard","meta":{"footnotes":""},"categories":[28,2,1],"tags":[],"class_list":["post-3249","post","type-post","status-publish","format-standard","has-post-thumbnail","hentry","category-cesky-svaz-cyklistiky","category-novinky","category-uncategorized-cs"],"_links":{"self":[{"href":"https:\/\/www.czechcyclingfederation.com\/en\/wp-json\/wp\/v2\/posts\/3249","targetHints":{"allow":["GET"]}}],"collection":[{"href":"https:\/\/www.czechcyclingfederation.com\/en\/wp-json\/wp\/v2\/posts"}],"about":[{"href":"https:\/\/www.czechcyclingfederation.com\/en\/wp-json\/wp\/v2\/types\/post"}],"author":[{"embeddable":true,"href":"https:\/\/www.czechcyclingfederation.com\/en\/wp-json\/wp\/v2\/users\/9"}],"replies":[{"embeddable":true,"href":"https:\/\/www.czechcyclingfederation.com\/en\/wp-json\/wp\/v2\/comments?post=3249"}],"version-history":[{"count":1,"href":"https:\/\/www.czechcyclingfederation.com\/en\/wp-json\/wp\/v2\/posts\/3249\/revisions"}],"predecessor-version":[{"id":3251,"href":"https:\/\/www.czechcyclingfederation.com\/en\/wp-json\/wp\/v2\/posts\/3249\/revisions\/3251"}],"wp:featuredmedia":[{"embeddable":true,"href":"https:\/\/www.czechcyclingfederation.com\/en\/wp-json\/wp\/v2\/media\/3250"}],"wp:attachment":[{"href":"https:\/\/www.czechcyclingfederation.com\/en\/wp-json\/wp\/v2\/media?parent=3249"}],"wp:term":[{"taxonomy":"category","embeddable":true,"href":"https:\/\/www.czechcyclingfederation.com\/en\/wp-json\/wp\/v2\/categories?post=3249"},{"taxonomy":"post_tag","embeddable":true,"href":"https:\/\/www.czechcyclingfederation.com\/en\/wp-json\/wp\/v2\/tags?post=3249"}],"curies":[{"name":"wp","href":"https:\/\/api.w.org\/{rel}","templated":true}]}}