{"id":32441,"date":"2024-10-03T07:09:29","date_gmt":"2024-10-03T05:09:29","guid":{"rendered":"https:\/\/www.czechcyclingfederation.com\/?p=32441"},"modified":"2024-10-03T07:09:30","modified_gmt":"2024-10-03T05:09:30","slug":"hrdlicka-ml-se-stankem-jsou-mistri-republiky-pro-rok-2024","status":"publish","type":"post","link":"https:\/\/www.czechcyclingfederation.com\/en\/hrdlicka-ml-se-stankem-jsou-mistri-republiky-pro-rok-2024\/","title":{"rendered":"Hrdli\u010dka ml. se Sta\u0148kem jsou mist\u0159i republiky pro rok 2024"},"content":{"rendered":"\n<p>Ve sportovn\u00ed hale TJ Pankr\u00e1c v Praze se v sobotu 28. z\u00e1\u0159\u00ed uskute\u010dnilo fin\u00e1le mistrovstv\u00ed \u010cesk\u00e9 republiky v s\u00e1lov\u00e9 cyklistice. Po dvou letech o titul bojovali op\u011bt dohromady jak hr\u00e1\u010di kolov\u00e9, tak z\u00e1vodn\u00edci a z\u00e1vodnice v krasoj\u00edzd\u011b.&nbsp;<br>Do fin\u00e1lov\u00e9ho turnaje postoupily \u010dty\u0159i nejlep\u0161\u00ed t\u00fdmy kolov\u00e9 uplynul\u00e9 sez\u00f3ny. Po \u010dty\u0159ech sout\u011b\u017en\u00edch kolech \u0160koda Extraligy to byly dle po\u0159ad\u00ed t\u00fdmy : Sokol Zl\u00edn 1 , Favorit Brno , SC Prima Nezamyslice a MO Svit\u00e1vka. Tyto t\u00fdmy bojovaly na fin\u00e1lov\u00e9m turnaji nejen o titul mistr\u016f republiky ale tak\u00e9 o cenn\u00e9 body do celkov\u00e9 kvalifikace pro leto\u0161n\u00ed sv\u011btov\u00fd \u0161ampion\u00e1t a pro \u00fa\u010dast ve sv\u011btov\u00e9m poh\u00e1ru v roce 2025.&nbsp;<\/p>\n\n\n\n<figure class=\"wp-block-image\"><img decoding=\"async\" src=\"https:\/\/ceskakolova.cz\/wp-content\/uploads\/2024\/10\/P9280850-1024x768.jpg\" alt=\"\" class=\"wp-image-8711\"\/><\/figure>\n\n\n\n<p>Hern\u00ed syst\u00e9m mistrovstv\u00ed byl n\u00e1sleduj\u00edc\u00ed, prvn\u011b se v z\u00e1kladn\u00ed skupin\u011b utkal ka\u017ed\u00fd s ka\u017ed\u00fdm a t\u00fdmy na prvn\u00edch dvou m\u00edstech se pak m\u011bly utkat o titul a t\u00fdmy na t\u0159et\u00edm a \u010dtvrt\u00e9m m\u00edst\u011b o bronzov\u00e9 medaile. Z\u00e1kladn\u00ed \u010d\u00e1st turnaje ovl\u00e1dl t\u00fdm&nbsp;<strong>MO Svit\u00e1vky<\/strong>&nbsp;( Ji\u0159\u00ed Hrdli\u010dka ml. \/ Roman Stan\u011bk ) , kter\u00fd zv\u00edt\u011bzil postupn\u011b nad Zl\u00ednem 6:4 , Favoritem Brno 6:2 a ve t\u0159et\u00edm utk\u00e1n\u00ed i nad t\u00fdmem Nezamyslic v pom\u011bru 6:5. U\u017e po druh\u00e9m utk\u00e1n\u00ed m\u011bla ale Svit\u00e1vka jistotu \u00fa\u010dasti ve fin\u00e1le.&nbsp;<br><br>O postup do fin\u00e1lov\u00e9ho kl\u00e1n\u00ed bojovali v posledn\u00edm skupinov\u00e9m utk\u00e1n\u00ed hr\u00e1\u010di&nbsp;<strong>Sokola Zl\u00edn<\/strong>&nbsp;<strong>1<\/strong>&nbsp;( Tom\u00e1\u0161 Hor\u00e1k \/ Radek Adam ) a&nbsp;<strong>Favoritu Brno<\/strong>&nbsp;( Ludv\u00edk P\u00edsek \/ Robert Zvol\u00e1nek ). Oba t\u00fdmy m\u011bly po dvou odehran\u00fdch utk\u00e1n\u00edch shodn\u011b t\u0159i body za v\u00fdhru nad t\u00fdmem&nbsp;<strong>SC Prima Nezamyslice<\/strong>&nbsp;( Petr a Martin P\u0159ikrylovi ). Zl\u00edn porazil Nezamyslice t\u011bsn\u011b 2:1 a Favorit Brno zv\u00edt\u011bzil 5:2. Souboj o postup do fin\u00e1le vy\u0161el l\u00e9pe zl\u00ednsk\u00e9 dvojici, kter\u00e1 po v\u00fdh\u0159e 6:1 m\u00ed\u0159ila do boje o titul proti Svit\u00e1vce.&nbsp;<\/p>\n\n\n\n<figure class=\"wp-block-image\"><img decoding=\"async\" src=\"https:\/\/ceskakolova.cz\/wp-content\/uploads\/2024\/10\/P9280205-1024x768.jpg\" alt=\"\" class=\"wp-image-8712\"\/><\/figure>\n\n\n\n<p>Svit\u00e1vka ale nenechala nic n\u00e1hod\u011b a ve fin\u00e1le op\u011bt porazila zl\u00ednskou dvojici , tentokr\u00e1t v pom\u011bru 7:5. Bez jedin\u00e9ho zav\u00e1h\u00e1n\u00ed se tak Hrdli\u010dka ml. se Sta\u0148kem mohli radovat z prvn\u00edho spole\u010dn\u00e9ho titulu mistr\u016f republiky v elitn\u00ed kategorii. Um\u00edst\u011bn\u00edm na mistrovstv\u00ed \u010cR byla rozkryta tak\u00e9 h\u00e1danka ohledn\u011b nomina\u010dn\u00edch bod\u016f pro leto\u0161n\u00ed mistrovstv\u00ed sv\u011bta. Ji\u017e na posledn\u00edm sout\u011b\u017en\u00edm kole Extraligy si prvn\u00ed m\u00edsto po propadu Favoritu Brno vlivem zran\u011bn\u00ed Roberta Zvol\u00e1nka zajistila \u00fa\u010dast na sv\u011btov\u00e9m \u0161ampion\u00e1tu zl\u00ednsk\u00e1 dvojice. Tom\u00e1\u0161 Hor\u00e1k s Radkem Adamem tak budou reprezentovat \u010ceskou republiku v n\u011bmeck\u00fdch Br\u00e9m\u00e1ch. To se uskute\u010dn\u00ed v term\u00ednu 25. \u2013 27. \u0159\u00edjna. Stejn\u011b jako v minul\u00e9m roce ve Skotsku budou n\u00e1hradn\u00edky \u010derstv\u00ed mist\u0159i republiky Hrdli\u010dka ml. se Sta\u0148kem, kte\u0159\u00ed se na celkov\u00e9 druh\u00e9 m\u00edsto vyhoupli d\u00edky poveden\u00e9mu vystoupen\u00ed na dom\u00e1c\u00edm \u0161ampion\u00e1tu.&nbsp;<br>V roce 2025 se pak pro presti\u017en\u00ed seri\u00e1l sv\u011btov\u00e9ho poh\u00e1ru kvalifikovaly t\u00fdmy Sokola Zl\u00edn, MO Svit\u00e1vky a Favoritu Brno.&nbsp;<\/p>\n\n\n\n<p><strong>Odkaz na fin\u00e1lov\u00e9 utk\u00e1n\u00ed \u2013 MO Svit\u00e1vka x Sokol Zl\u00edn&nbsp;<\/strong>:&nbsp;<a href=\"https:\/\/www.youtube.com\/watch?v=AlcvruvLO1A\">https:\/\/www.youtube.com\/watch?v=AlcvruvLO1A<\/a><\/p>\n\n\n\n<p><strong>Odkaz na fotogalerii z M\u010cR v Praze \u2013 Autor: Ji\u0159\u00ed Vosi\u010dka&nbsp;<\/strong>:&nbsp;<a href=\"https:\/\/eu.zonerama.com\/bodavavosa\/Album\/12121899\">https:\/\/eu.zonerama.com\/bodavavosa\/Album\/12121899<\/a><\/p>\n","protected":false},"excerpt":{"rendered":"<p>Ve sportovn\u00ed hale TJ Pankr\u00e1c v Praze se v sobotu 28. z\u00e1\u0159\u00ed uskute\u010dnilo fin\u00e1le mistrovstv\u00ed \u010cesk\u00e9 republiky v s\u00e1lov\u00e9 cyklistice. Po dvou letech o titul bojovali op\u011bt dohromady jak hr\u00e1\u010di kolov\u00e9, tak z\u00e1vodn\u00edci a z\u00e1vodnice v krasoj\u00edzd\u011b.&nbsp;Do fin\u00e1lov\u00e9ho turnaje postoupily \u010dty\u0159i nejlep\u0161\u00ed t\u00fdmy kolov\u00e9 uplynul\u00e9 sez\u00f3ny. Po \u010dty\u0159ech sout\u011b\u017en\u00edch kolech \u0160koda Extraligy to byly dle [&hellip;]<\/p>\n","protected":false},"author":2,"featured_media":0,"comment_status":"closed","ping_status":"open","sticky":false,"template":"","format":"standard","meta":{"footnotes":""},"categories":[2,60,84],"tags":[61],"class_list":["post-32441","post","type-post","status-publish","format-standard","hentry","category-novinky","category-salovka","category-salovka-kontakty","tag-salovka"],"_links":{"self":[{"href":"https:\/\/www.czechcyclingfederation.com\/en\/wp-json\/wp\/v2\/posts\/32441","targetHints":{"allow":["GET"]}}],"collection":[{"href":"https:\/\/www.czechcyclingfederation.com\/en\/wp-json\/wp\/v2\/posts"}],"about":[{"href":"https:\/\/www.czechcyclingfederation.com\/en\/wp-json\/wp\/v2\/types\/post"}],"author":[{"embeddable":true,"href":"https:\/\/www.czechcyclingfederation.com\/en\/wp-json\/wp\/v2\/users\/2"}],"replies":[{"embeddable":true,"href":"https:\/\/www.czechcyclingfederation.com\/en\/wp-json\/wp\/v2\/comments?post=32441"}],"version-history":[{"count":1,"href":"https:\/\/www.czechcyclingfederation.com\/en\/wp-json\/wp\/v2\/posts\/32441\/revisions"}],"predecessor-version":[{"id":32444,"href":"https:\/\/www.czechcyclingfederation.com\/en\/wp-json\/wp\/v2\/posts\/32441\/revisions\/32444"}],"wp:attachment":[{"href":"https:\/\/www.czechcyclingfederation.com\/en\/wp-json\/wp\/v2\/media?parent=32441"}],"wp:term":[{"taxonomy":"category","embeddable":true,"href":"https:\/\/www.czechcyclingfederation.com\/en\/wp-json\/wp\/v2\/categories?post=32441"},{"taxonomy":"post_tag","embeddable":true,"href":"https:\/\/www.czechcyclingfederation.com\/en\/wp-json\/wp\/v2\/tags?post=32441"}],"curies":[{"name":"wp","href":"https:\/\/api.w.org\/{rel}","templated":true}]}}