{"id":32351,"date":"2024-09-29T18:54:35","date_gmt":"2024-09-29T16:54:35","guid":{"rendered":"https:\/\/www.czechcyclingfederation.com\/?p=32351"},"modified":"2024-09-30T07:06:19","modified_gmt":"2024-09-30T05:06:19","slug":"vacek-dvacaty-v-silnicnim-zavode-na-ms-pogacar-predvedl-fantazii","status":"publish","type":"post","link":"https:\/\/www.czechcyclingfederation.com\/en\/vacek-dvacaty-v-silnicnim-zavode-na-ms-pogacar-predvedl-fantazii\/","title":{"rendered":"Vacek dvac\u00e1t\u00fd v\u00a0silni\u010dn\u00edm z\u00e1vod\u011b na MS, Poga\u010dar p\u0159edvedl fantazii"},"content":{"rendered":"\n<p><strong>Mathias Vacek<\/strong> p\u0159edvedl v&nbsp;silni\u010dn\u00edm z\u00e1vod\u011b mu\u017esk\u00e9 elity na mistrovstv\u00ed sv\u011bta v&nbsp;Curychu v\u00fdborn\u00fd v\u00fdkon, kdy\u017e se dlouho dr\u017eel vp\u0159edu s&nbsp;nejlep\u0161\u00edmi a nakonec obsadil 20. m\u00edsto. Titul z\u00edskal po neuv\u011b\u0159iteln\u00e9m s\u00f3lu Slovinec <strong>Tadej Poga\u010dar<\/strong>, kter\u00fd za\u00fato\u010dil u\u017e 100 km p\u0159ed c\u00edlem a posledn\u00edch 50 km jel na \u010dele s\u00e1m.<\/p>\n\n\n\n<p>\u010cesk\u00e1 reprezentace vstoupila do z\u00e1vodu ve \u010dtve\u0159ici <strong>Mathias Vacek, Michal Schlegel, Jakub Otruba, Michael Boro\u0161<\/strong>.<\/p>\n\n\n\n<p><em>\u201eKluci splnili p\u0159esn\u011b to, co jsme si \u0159ekli: p\u0159ipravit co nejlep\u0161\u00ed pozici pro Mathiase. A on to zvl\u00e1dl skv\u011ble. Z\u00e1v\u011br u\u017e byl jen o v\u00fdkonu a mo\u017en\u00e1 i vzhledem k&nbsp;v\u011bku mu tam kousek chyb\u011bl. Ale m\u00e1 za sebou Vueltu a mimo\u0159\u00e1dn\u011b \u00fasp\u011b\u0161nou sezonu a s&nbsp;v\u00fdsledkem i pojet\u00edm z\u00e1vodu od cel\u00e9ho t\u00fdmu panuje maxim\u00e1ln\u00ed spokojenost,\u201c<\/em> uvedl reprezenta\u010dn\u00ed tren\u00e9r <strong>Petr Kaltofen<\/strong>.<\/p>\n\n\n\n<figure class=\"wp-block-image size-large\"><img loading=\"lazy\" decoding=\"async\" width=\"1024\" height=\"902\" src=\"https:\/\/www.czechcyclingfederation.com\/wp-content\/uploads\/2024\/09\/IMG-20240929-WA0018-1024x902.jpg\" alt=\"\" class=\"wp-image-32356\" srcset=\"https:\/\/www.czechcyclingfederation.com\/wp-content\/uploads\/2024\/09\/IMG-20240929-WA0018-1024x902.jpg 1024w, https:\/\/www.czechcyclingfederation.com\/wp-content\/uploads\/2024\/09\/IMG-20240929-WA0018-227x200.jpg 227w, https:\/\/www.czechcyclingfederation.com\/wp-content\/uploads\/2024\/09\/IMG-20240929-WA0018-768x677.jpg 768w, https:\/\/www.czechcyclingfederation.com\/wp-content\/uploads\/2024\/09\/IMG-20240929-WA0018-1536x1353.jpg 1536w, https:\/\/www.czechcyclingfederation.com\/wp-content\/uploads\/2024\/09\/IMG-20240929-WA0018-2048x1804.jpg 2048w, https:\/\/www.czechcyclingfederation.com\/wp-content\/uploads\/2024\/09\/IMG-20240929-WA0018-1320x1163.jpg 1320w\" sizes=\"auto, (max-width: 1024px) 100vw, 1024px\" \/><\/figure>\n\n\n\n<p>Krom\u011b Vacka u\u017e nikdo dal\u0161\u00ed v&nbsp;\u010desk\u00e9m dresu klasifikov\u00e1n nebyl. Vacek dorazil do c\u00edle se ztr\u00e1tou 3:52 min. na Poga\u010dara ve skupince osmi lid\u00ed, kde vyhr\u00e1l spurt o 13. m\u00edsto Vack\u016fv d\u00e1nsk\u00fd st\u00e1jov\u00fd kolega z&nbsp;Lidl-Trek Mads Pedersen. \u010cesk\u00fd reprezentant byl z&nbsp;t\u00e9to skupiny posledn\u00ed.<\/p>\n\n\n\n<p><em>\u201eS v\u00fdkonem jsem spokojen\u00fd, nechal jsem tam v\u0161echno. V\u00fd\u0161 jsem asi ani nev\u011b\u0159il, z\u00e1vod byl opravdu n\u00e1ro\u010dn\u00fd. V posledn\u00edm kopci toho u\u017e na m\u011b bylo moc, m\u011bl jsem trochu krizi, tak jsem se chytil skupiny za mnou a n\u011bjak to zvl\u00e1dl do c\u00edle,\u201c <\/em>\u0159ekl Vacek.<\/p>\n\n\n\n<p class=\"has-medium-font-size\"><strong>Poga\u010dar vyhr\u00e1l Giro, Tour i MS v&nbsp;jednom roce<\/strong><\/p>\n\n\n\n<p>Poga\u010dar vybojoval sv\u016fj prvn\u00ed titul mistra sv\u011bta po heroick\u00e9m v\u00fdkonu. Na nic ne\u010dekal, sto kilometr\u016f p\u0159ed c\u00edlem vyp\u00e1lil za uprchl\u00edky. Po\u010dkal na n\u011bj krajan Jan Tratnik, kter\u00fd mu jel tempo, dokud mohl, a dot\u00e1hli se na \u010delo. Poga\u010dar pak v&nbsp;kopci nastoupil a udr\u017eel se ho jen Pavel Sivakov, jeho st\u00e1jov\u00fd kolega z&nbsp;UAE. N\u011bjak\u00fdch 25 kilometr\u016f jeli spolu, pak u\u017e se Slovinec vzd\u00e1lil i jemu. St\u0159ihl si individu\u00e1ln\u00ed pades\u00e1tikilometrovou \u010dasovku a neuv\u011b\u0159iteln\u00e9 s\u00f3lo dot\u00e1hl do \u00fasp\u011b\u0161n\u00e9ho konce.<\/p>\n\n\n\n<figure class=\"wp-block-image size-large\"><img loading=\"lazy\" decoding=\"async\" width=\"1024\" height=\"683\" src=\"https:\/\/www.czechcyclingfederation.com\/wp-content\/uploads\/2024\/09\/pogacar-2-1024x683.jpg\" alt=\"\" class=\"wp-image-32358\" srcset=\"https:\/\/www.czechcyclingfederation.com\/wp-content\/uploads\/2024\/09\/pogacar-2-1024x683.jpg 1024w, https:\/\/www.czechcyclingfederation.com\/wp-content\/uploads\/2024\/09\/pogacar-2-300x200.jpg 300w, https:\/\/www.czechcyclingfederation.com\/wp-content\/uploads\/2024\/09\/pogacar-2-768x512.jpg 768w, https:\/\/www.czechcyclingfederation.com\/wp-content\/uploads\/2024\/09\/pogacar-2-1536x1024.jpg 1536w, https:\/\/www.czechcyclingfederation.com\/wp-content\/uploads\/2024\/09\/pogacar-2-1320x880.jpg 1320w, https:\/\/www.czechcyclingfederation.com\/wp-content\/uploads\/2024\/09\/pogacar-2.jpg 2048w\" sizes=\"auto, (max-width: 1024px) 100vw, 1024px\" \/><\/figure>\n\n\n\n<p><em>\u201eByl to neskute\u010dn\u00fd den. Ur\u010dit\u011b jsem necht\u011bl \u00fato\u010dit tak brzy, ale n\u011bjak to vyplynulo ze situace. Po\u0159\u00e1d nem\u016f\u017eu uv\u011b\u0159it, \u017ee to vy\u0161lo,\u201c <\/em>radoval se Poga\u010dar. Stal se teprve t\u0159et\u00edm jezdcem v&nbsp;historii, kter\u00fd v jedn\u00e9 sezon\u011b vyhr\u00e1l Giro d\u00b4Italia, Tour de France a mistrovstv\u00ed sv\u011bta.<\/p>\n\n\n\n<p>Ne\u010dekan\u00e9 st\u0159\u00edbro vybojoval druh\u00fd mu\u017e leto\u0161n\u00ed Vuelty, Australan <strong>Ben O\u00b4Connor<\/strong>, t\u0159et\u00ed byl ve spurtu obh\u00e1jce zlata <strong>Mathieu van der Poel<\/strong> z&nbsp;Nizozemska.<\/p>\n\n\n\n<figure class=\"wp-block-image size-large\"><img loading=\"lazy\" decoding=\"async\" width=\"1024\" height=\"683\" src=\"https:\/\/www.czechcyclingfederation.com\/wp-content\/uploads\/2024\/09\/tri-nej-1024x683.jpg\" alt=\"\" class=\"wp-image-32360\" srcset=\"https:\/\/www.czechcyclingfederation.com\/wp-content\/uploads\/2024\/09\/tri-nej-1024x683.jpg 1024w, https:\/\/www.czechcyclingfederation.com\/wp-content\/uploads\/2024\/09\/tri-nej-300x200.jpg 300w, https:\/\/www.czechcyclingfederation.com\/wp-content\/uploads\/2024\/09\/tri-nej-768x512.jpg 768w, https:\/\/www.czechcyclingfederation.com\/wp-content\/uploads\/2024\/09\/tri-nej-1536x1024.jpg 1536w, https:\/\/www.czechcyclingfederation.com\/wp-content\/uploads\/2024\/09\/tri-nej-1320x880.jpg 1320w, https:\/\/www.czechcyclingfederation.com\/wp-content\/uploads\/2024\/09\/tri-nej.jpg 2048w\" sizes=\"auto, (max-width: 1024px) 100vw, 1024px\" \/><\/figure>\n\n\n\n<p><strong>V\u00fdsledky \u2013 silni\u010dn\u00ed z\u00e1vod mu\u017e\u016f <\/strong>(274 km): 1. Poga\u010dar (Slovin.) 6:27:30, 2. O\u00b4Connor (Austr.) +34, 3. van der Poel (Niz.), 4. Skujin\u0161 (Lot.), 5. Evenepoel (Belg.), 6. Hirschi (\u0160v\u00fdc.) v\u0161. +58, 7. Healy (Ir.) +1:00, 8. Mas (\u0160p.) +1:01, \u2026 <strong>20. Vacek <\/strong>+3:52, <strong>Schlegel, Otruba, Boro\u0161 <\/strong>(v\u0161. \u010cR) nedokon\u010dili.<\/p>\n\n\n\n<p>Foto: Filip Bezd\u011bk a UCI &#8211; Ed Sykes a Alex Whitehead\/SWpix.com<\/p>\n","protected":false},"excerpt":{"rendered":"<p>Mathias Vacek p\u0159edvedl v&nbsp;silni\u010dn\u00edm z\u00e1vod\u011b mu\u017esk\u00e9 elity na mistrovstv\u00ed sv\u011bta v&nbsp;Curychu v\u00fdborn\u00fd v\u00fdkon, kdy\u017e se dlouho dr\u017eel vp\u0159edu s&nbsp;nejlep\u0161\u00edmi a nakonec obsadil 20. m\u00edsto. Titul z\u00edskal po neuv\u011b\u0159iteln\u00e9m s\u00f3lu Slovinec Tadej Poga\u010dar, kter\u00fd za\u00fato\u010dil u\u017e 100 km p\u0159ed c\u00edlem a posledn\u00edch 50 km jel na \u010dele s\u00e1m. \u010cesk\u00e1 reprezentace vstoupila do z\u00e1vodu ve \u010dtve\u0159ici Mathias [&hellip;]<\/p>\n","protected":false},"author":15,"featured_media":32352,"comment_status":"closed","ping_status":"open","sticky":false,"template":"","format":"standard","meta":{"footnotes":""},"categories":[2,46,1],"tags":[11],"class_list":["post-32351","post","type-post","status-publish","format-standard","has-post-thumbnail","hentry","category-novinky","category-novinky-sportovni-centra","category-uncategorized-cs","tag-silnice"],"_links":{"self":[{"href":"https:\/\/www.czechcyclingfederation.com\/en\/wp-json\/wp\/v2\/posts\/32351","targetHints":{"allow":["GET"]}}],"collection":[{"href":"https:\/\/www.czechcyclingfederation.com\/en\/wp-json\/wp\/v2\/posts"}],"about":[{"href":"https:\/\/www.czechcyclingfederation.com\/en\/wp-json\/wp\/v2\/types\/post"}],"author":[{"embeddable":true,"href":"https:\/\/www.czechcyclingfederation.com\/en\/wp-json\/wp\/v2\/users\/15"}],"replies":[{"embeddable":true,"href":"https:\/\/www.czechcyclingfederation.com\/en\/wp-json\/wp\/v2\/comments?post=32351"}],"version-history":[{"count":2,"href":"https:\/\/www.czechcyclingfederation.com\/en\/wp-json\/wp\/v2\/posts\/32351\/revisions"}],"predecessor-version":[{"id":32364,"href":"https:\/\/www.czechcyclingfederation.com\/en\/wp-json\/wp\/v2\/posts\/32351\/revisions\/32364"}],"wp:featuredmedia":[{"embeddable":true,"href":"https:\/\/www.czechcyclingfederation.com\/en\/wp-json\/wp\/v2\/media\/32352"}],"wp:attachment":[{"href":"https:\/\/www.czechcyclingfederation.com\/en\/wp-json\/wp\/v2\/media?parent=32351"}],"wp:term":[{"taxonomy":"category","embeddable":true,"href":"https:\/\/www.czechcyclingfederation.com\/en\/wp-json\/wp\/v2\/categories?post=32351"},{"taxonomy":"post_tag","embeddable":true,"href":"https:\/\/www.czechcyclingfederation.com\/en\/wp-json\/wp\/v2\/tags?post=32351"}],"curies":[{"name":"wp","href":"https:\/\/api.w.org\/{rel}","templated":true}]}}