{"id":32237,"date":"2024-09-26T07:19:34","date_gmt":"2024-09-26T05:19:34","guid":{"rendered":"https:\/\/www.czechcyclingfederation.com\/?p=32237"},"modified":"2024-09-26T07:19:37","modified_gmt":"2024-09-26T05:19:37","slug":"ceske-tymy-u23-po-skvelych-vykonech-na-mistrovstvi-evropy-tesne-pod-stupni-vitezu","status":"publish","type":"post","link":"https:\/\/www.czechcyclingfederation.com\/en\/ceske-tymy-u23-po-skvelych-vykonech-na-mistrovstvi-evropy-tesne-pod-stupni-vitezu\/","title":{"rendered":"\u010cesk\u00e9 t\u00fdmy U23 po skv\u011bl\u00fdch v\u00fdkonech na mistrovstv\u00ed Evropy t\u011bsn\u011b pod stupni v\u00edt\u011bz\u016f."},"content":{"rendered":"\n<p>V n\u011bmeck\u00e9m Gro\u00dfkoschenu se v sobotu 21. z\u00e1\u0159\u00ed konalo mistrovstv\u00ed Evropy kategorie do 23 let. \u010cesk\u00e1 Republika m\u011bla na t\u00e9to vrcholn\u00e9 reprezenta\u010dn\u00ed akci dv\u011b \u017eel\u00edzka v ohni. Jako t\u00fdm \u010cR 1 vstoupila do turnaje dvojice David Petr \/ Michal Musil ze Svit\u00e1vky. Jako t\u00fdm \u010cR 2 reprezentovala v turnaji dvojice bratr\u016f J\u00e1chyma a Vojt\u011bcha Baxov\u00fdch ze Zl\u00edna.&nbsp;<br>Ob\u011b dvojice se na mistrovstv\u00ed Evropy t\u00e9to v\u011bkov\u00e9 kategorie v tomto slo\u017een\u00ed p\u0159edstavili v\u016fbec poprv\u00e9.<br>T\u00fdmy Svit\u00e1vky a Zl\u00edna ovl\u00e1dly leto\u0161n\u00ed tuzemskou sez\u00f3nu a s odstupem p\u0159ed ostatn\u00edmi t\u00fdmy skon\u010dily v nominaci na mistrovstv\u00ed Evropy na prvn\u00edch dvou m\u00edstech. O medaile bojovalo na mistrovstv\u00ed Evropy celkem deset t\u00fdm\u016f z \u0161esti zem\u00ed.&nbsp;<br><br><strong>T\u00fdm \u010cR 1<\/strong>&nbsp;tedy&nbsp;<strong>David s Michalem<\/strong>&nbsp;narazili ve skupin\u011b postupn\u011b na n\u011bmeckou dvojku, \u0161v\u00fdcarskou jedni\u010dku, nov\u011b vznikl\u00fd t\u00fdm Slovenska reprezentovan\u00fd \u010deskou dvojic\u00ed a tak\u00e9 na Belgii. V prvn\u00edm utk\u00e1n\u00ed proti n\u011bmeck\u00e9 bratrsk\u00e9 dvojici si na\u0161i hr\u00e1\u010di vedli dob\u0159e a v polo\u010dase bylo utk\u00e1n\u00ed vyrovnan\u00e9. Ve druh\u00e9 polovin\u011b ale soupe\u0159 vyu\u017eil standardn\u00edch situac\u00ed po chyb\u00e1ch z \u010desk\u00e9 strany a zv\u00edt\u011bzil v pom\u011bru 2:5 z pohledu na\u0161\u00ed dvojice. Ve druh\u00e9m utk\u00e1n\u00ed narazil David s Michalem na jednoho ze dvou nejv\u011bt\u0161\u00edch favorit\u016f na zisk titulu, \u0161v\u00fdcarskou jedni\u010dku, kterou reprezentoval i jeden z bratr\u016f Fr\u00f6hlichov\u00fdch, kte\u0159\u00ed na lo\u0148sk\u00e9m seniorsk\u00e9m mistrovstv\u00ed sv\u011bta z\u00edskali st\u0159\u00edbrn\u00e9 medaile. I tento z\u00e1pas se nesl ve vyrovnan\u00e9m duchu, ale zku\u0161enost soupe\u0159e byla ve druh\u00e9 polovin\u011b utk\u00e1n\u00ed zn\u00e1t a \u0161v\u00fdcarsk\u00fd v\u00fdb\u011br zv\u00edt\u011bzil 5:3. Po t\u00e9to proh\u0159e ji\u017e bylo vcelku jasn\u00e9, \u017ee maximem bude t\u0159et\u00ed m\u00edsto ve skupin\u011b. To se poda\u0159ilo uko\u0159istit po dal\u0161\u00edch dvou z\u00e1pasech, kdy \u010desk\u00e1 dvojice porazila t\u00fdm Slovenska bez v\u011bt\u0161\u00edch pot\u00ed\u017e\u00ed 5:2 a pak i t\u00fdm Belgie v pom\u011bru 5:3. Po t\u0159et\u00edm m\u00edst\u011b tak do\u0161lo na z\u00e1pas o kone\u010dn\u00e9 p\u00e1t\u00e9 m\u00edsto, kter\u00e9 zvl\u00e1dli David s Michalem proti n\u011bmeck\u00e9mu t\u00fdmu a po v\u00edt\u011bzstv\u00ed 7:4 tak brali dobr\u00e9 p\u00e1t\u00e9 m\u00edsto v turnaji&nbsp;<\/p>\n\n\n\n<figure class=\"wp-block-image\"><img decoding=\"async\" src=\"https:\/\/ceskakolova.cz\/wp-content\/uploads\/2024\/09\/IMG_4521-1024x682.jpg\" alt=\"\" class=\"wp-image-8690\"\/><\/figure>\n\n\n\n<p><br><strong>T\u00fdm \u010cR 2<\/strong>&nbsp;tedy&nbsp;<strong>J\u00e1chym s Vojtou<\/strong>&nbsp;v z\u00e1kladn\u00ed skupin\u011b narazili postupn\u011b na n\u011bmeckou jedni\u010dku, \u0161v\u00fdcarskou dvojku, t\u00fdm Francie a taky n\u011bmeck\u00fd t\u0159et\u00ed v\u00fdb\u011br. Do turnaje vstoupila \u010desk\u00e1 bratrsk\u00e1 dvojice bezpochyby proti pap\u00edrov\u011b nejsiln\u011bj\u0161\u00edmu t\u00fdmu. Dom\u00e1c\u00ed bratrsk\u00e1 dvojice hraj\u00edc\u00ed jako N\u011bmecko 1 byla nejv\u011bt\u0161\u00edm favoritem cel\u00e9ho turnaje. T\u00fdm, kter\u00fd boduje i v nejvy\u0161\u0161\u00ed n\u011bmeck\u00e9 lize mu\u017e\u016f, kde mu aktu\u00e1ln\u011b n\u00e1le\u017e\u00ed \u010dtvrt\u00e9 m\u00edsto jist\u011b ne\u010dekal, \u017ee by mu mlad\u00e1 \u010desk\u00e1 dvojice mohla \u010dinit v\u011bt\u0161\u00ed pot\u00ed\u017ee. V doslova \u201ebratrovra\u017eedn\u00e9m\u201c boji p\u0159ekvapili J\u00e1chym s Vojtou star\u0161\u00ed a zku\u0161en\u011bj\u0161\u00ed soupe\u0159e, kdy\u017e vybojovali cennou rem\u00edzu 3:3. Po bodov\u00e9m zisku z prvn\u00edho n\u00e1ro\u010dn\u00e9ho utk\u00e1n\u00ed byl postup do semifin\u00e1le o kousek bl\u00ed\u017ee. V dal\u0161\u00edch utk\u00e1n\u00edch se \u010desk\u00e9mu v\u00fdb\u011bru poda\u0159ilo bodovat, kdy\u017e postupn\u011b porazil \u0161v\u00fdcarskou dvojku 3:1, n\u011bmeck\u00fd t\u0159et\u00ed t\u00fdm v pom\u011bru 6:4 a Francii bez v\u011bt\u0161\u00edch pot\u00ed\u017e\u00ed v\u00fdsledkem 7:3. O um\u00edst\u011bn\u00ed ve skupin\u011b na prvn\u00edch dvou m\u00edstech rozhodlo sk\u00f3re, kter\u00e9 m\u011bli \u010de\u0161t\u00ed hr\u00e1\u010di o n\u011bco hor\u0161\u00ed ne\u017e n\u011bmeck\u00fd t\u00fdm. Postup do semifin\u00e1le a p\u0159\u00edpadn\u00fd boj o medaile byl ale po odehr\u00e1n\u00ed z\u00e1kladn\u00edch skupin skv\u011bl\u00fdm v\u00fdsledkem. V semifin\u00e1lov\u00e9m utk\u00e1n\u00ed narazili brat\u0159i Baxovi na \u0161v\u00fdcarskou jedni\u010dku. Po vyrovnan\u00e9m utk\u00e1n\u00ed ale museli p\u0159ijmout t\u011bsnou por\u00e1\u017eku 3:4 co\u017e znamenalo z\u00e1pas o kone\u010dn\u00e9 t\u0159et\u00ed m\u00edsto a bronzov\u00e9 medaile. Toto utk\u00e1n\u00ed bylo op\u011bt utk\u00e1n\u00edm \u010dty\u0159 bratr\u016f. Za n\u011bmeckou dvojku toti\u017e nastoupili brat\u0159i Luis a Jannes M\u00fcllerovi. Po vyrovnan\u00e9m utk\u00e1n\u00ed, kter\u00e9 po odehr\u00e1n\u00ed z\u00e1kladn\u00ed hrac\u00ed doby skon\u010dilo rem\u00edzou 3:3, muselo p\u0159ij\u00edt na \u0159adu prodlou\u017een\u00ed. I to se neslo ve vyrovnan\u00e9m duchu a rozhodla a\u017e chyba v posledn\u00ed \u010d\u00e1sti nastaven\u00e9ho \u010dasu. N\u011bmeck\u00fd t\u00fdm dok\u00e1zal vyu\u017e\u00edt \u0161anci a zv\u00edt\u011bzil 6:5. Druh\u00fd \u010desk\u00fd t\u00fdm tak obsadil velmi dobr\u00e9 \u010dtvrt\u00e9 m\u00edsto.&nbsp;<\/p>\n\n\n\n<figure class=\"wp-block-image\"><img decoding=\"async\" src=\"https:\/\/ceskakolova.cz\/wp-content\/uploads\/2024\/09\/IMG_5022-2-1024x682.jpg\" alt=\"\" class=\"wp-image-8692\"\/><\/figure>\n\n\n\n<p><br>I kdy\u017e \u010desk\u00fdm t\u00fdm\u016fm uteklo um\u00edst\u011bn\u00ed na stupn\u00edch v\u00edt\u011bz\u016f jen velmi t\u011bsn\u011b, jedn\u00e1 se o velmi dobr\u00fd v\u00fdsledek a oba t\u00fdmy p\u0159edvedly bojovn\u00e9 a zodpov\u011bdn\u00e9 v\u00fdkony. Nav\u00edc je skv\u011blou zpr\u00e1vou pro \u010deskou reprezentaci, \u017ee maj\u00ed oba t\u00fdmy mo\u017enost startovat v tomto stejn\u00e9m slo\u017een\u00ed na mistrovstv\u00ed Evropy je\u0161t\u011b v dal\u0161\u00edch dvou sez\u00f3n\u00e1ch, zvl\u00e1dnou-li se samoz\u0159ejm\u011b kvalifikovat b\u011bhem dom\u00e1c\u00ed sout\u011b\u017ee kategorie U23. P\u0159i druh\u00e9m startu na \u0161ampion\u00e1tu ji\u017e ur\u010dit\u011b nebudou br\u00e1t \u017e\u00e1dn\u00fd jin\u00fd v\u00fdsledek ne\u017e evropskou medaili.&nbsp;<br><br>V turnaji zv\u00edt\u011bzili a titul mistr\u016f Evropy z\u00edskali pap\u00edrov\u011b nejsiln\u011bj\u0161\u00ed brat\u0159i Lehmannovi z N\u011bmecka, kte\u0159\u00ed se ale b\u011bhem turnaje hern\u011b docela tr\u00e1pili a svoje opravdov\u00e9 kvality potvrdili a\u017e v semifin\u00e1lov\u00e9m a fin\u00e1lov\u00e9m utk\u00e1n\u00ed. St\u0159\u00edbrn\u00e9 medaile z\u00edskal v\u00fdb\u011br \u0160v\u00fdcarska a bronzov\u00e9 medaile uko\u0159istil druh\u00fd n\u011bmeck\u00fd t\u00fdm.<\/p>\n","protected":false},"excerpt":{"rendered":"<p>V n\u011bmeck\u00e9m Gro\u00dfkoschenu se v sobotu 21. z\u00e1\u0159\u00ed konalo mistrovstv\u00ed Evropy kategorie do 23 let. \u010cesk\u00e1 Republika m\u011bla na t\u00e9to vrcholn\u00e9 reprezenta\u010dn\u00ed akci dv\u011b \u017eel\u00edzka v ohni. Jako t\u00fdm \u010cR 1 vstoupila do turnaje dvojice David Petr \/ Michal Musil ze Svit\u00e1vky. Jako t\u00fdm \u010cR 2 reprezentovala v turnaji dvojice bratr\u016f J\u00e1chyma a Vojt\u011bcha Baxov\u00fdch [&hellip;]<\/p>\n","protected":false},"author":2,"featured_media":32238,"comment_status":"closed","ping_status":"open","sticky":false,"template":"","format":"standard","meta":{"footnotes":""},"categories":[2,107],"tags":[61],"class_list":["post-32237","post","type-post","status-publish","format-standard","has-post-thumbnail","hentry","category-novinky","category-salovka-reprezentace","tag-salovka"],"_links":{"self":[{"href":"https:\/\/www.czechcyclingfederation.com\/en\/wp-json\/wp\/v2\/posts\/32237","targetHints":{"allow":["GET"]}}],"collection":[{"href":"https:\/\/www.czechcyclingfederation.com\/en\/wp-json\/wp\/v2\/posts"}],"about":[{"href":"https:\/\/www.czechcyclingfederation.com\/en\/wp-json\/wp\/v2\/types\/post"}],"author":[{"embeddable":true,"href":"https:\/\/www.czechcyclingfederation.com\/en\/wp-json\/wp\/v2\/users\/2"}],"replies":[{"embeddable":true,"href":"https:\/\/www.czechcyclingfederation.com\/en\/wp-json\/wp\/v2\/comments?post=32237"}],"version-history":[{"count":1,"href":"https:\/\/www.czechcyclingfederation.com\/en\/wp-json\/wp\/v2\/posts\/32237\/revisions"}],"predecessor-version":[{"id":32240,"href":"https:\/\/www.czechcyclingfederation.com\/en\/wp-json\/wp\/v2\/posts\/32237\/revisions\/32240"}],"wp:featuredmedia":[{"embeddable":true,"href":"https:\/\/www.czechcyclingfederation.com\/en\/wp-json\/wp\/v2\/media\/32238"}],"wp:attachment":[{"href":"https:\/\/www.czechcyclingfederation.com\/en\/wp-json\/wp\/v2\/media?parent=32237"}],"wp:term":[{"taxonomy":"category","embeddable":true,"href":"https:\/\/www.czechcyclingfederation.com\/en\/wp-json\/wp\/v2\/categories?post=32237"},{"taxonomy":"post_tag","embeddable":true,"href":"https:\/\/www.czechcyclingfederation.com\/en\/wp-json\/wp\/v2\/tags?post=32237"}],"curies":[{"name":"wp","href":"https:\/\/api.w.org\/{rel}","templated":true}]}}