{"id":32232,"date":"2024-09-25T16:31:46","date_gmt":"2024-09-25T14:31:46","guid":{"rendered":"https:\/\/www.czechcyclingfederation.com\/?p=32232"},"modified":"2025-04-16T10:30:47","modified_gmt":"2025-04-16T08:30:47","slug":"petr-balogh-slavi-kulate-narozeniny","status":"publish","type":"post","link":"https:\/\/www.czechcyclingfederation.com\/en\/petr-balogh-slavi-kulate-narozeniny\/","title":{"rendered":"Petr Balogh slav\u00ed kulat\u00e9 narozeniny"},"content":{"rendered":"\n<p>\u0160\u00e9f cyklokrosov\u00e9 komise \u010cesk\u00e9ho svazu cyklistiky Petr Balogh a \u010dlen prezidia \u010cSC oslav\u00ed dnes v\u00fdznamn\u00e9 \u017eivotn\u00ed jubileum \u2013 \u0161edes\u00e1t\u00e9 narozeniny. V ml\u00e1d\u00ed hr\u00e1l fotbal, za\u010d\u00ednal ve Vodn\u00edch stavb\u00e1ch T\u00e1bor, po vojn\u011b obl\u00e9kal dres Sokola Lom, kde po skon\u010den\u00ed aktivn\u00ed kari\u00e9ry d\u011blal tren\u00e9ra. Ve v\u0161ech t\u0159ech ro\u010dn\u00edc\u00edch dovedl sv\u016fj t\u00fdm k postupu, ale d\u00e1l ji\u017e pokra\u010dovat nemohl, chyb\u011bla mu pot\u0159ebn\u00e1 tren\u00e9rsk\u00e1 licence.<\/p>\n\n\n\n<p>I proto, a pro cyklokros dob\u0159e, p\u0159esedlal k cyklistice. Nejprve za\u010dal jako obchodn\u00ed z\u00e1stupce ve firm\u011b <a href=\"https:\/\/www.kalas.cz\">Kalas <\/a> a odtud byl k cyklokrosu jen kr\u016f\u010dek. Kdy\u017e se rozhodlo, \u017ee v roce 2001 se pojede v T\u00e1bo\u0159e mistrovstv\u00ed sv\u011bta, tak jej po\u0159adatel\u00e9 \u0161ampion\u00e1tu vt\u00e1hli do organiza\u010dn\u00edho v\u00fdboru. V t\u00e9 dob\u011b tak\u00e9 v T\u00e1bo\u0159e za\u010dali organizovat i dom\u00e1c\u00ed seri\u00e1l \u010cesk\u00e9ho poh\u00e1ru a rychle na to i z\u00e1vody Sv\u011btov\u00e9ho poh\u00e1ru.<\/p>\n\n\n\n<p>To st\u00e1l v \u010dele ve\u0161ker\u00e9ho d\u011bn\u00ed \u010cestm\u00edr Kala\u0161, ale po mistrovstv\u00ed sv\u011bta 2015, jej vyst\u0159\u00eddal pr\u00e1v\u011b Petr Balogh. Stal se p\u0159edsedou cyklokrosov\u00e9 komise \u010cSC, \u0161\u00e9fem cyklokrosov\u00e9ho t\u00fdmu v T\u00e1bo\u0159e i \u0161\u00e9fem organiza\u010dn\u00edch v\u00fdbor\u016f. Nyn\u00ed za n\u00edm stoj\u00ed \u00fasp\u011b\u0161n\u00fd sv\u011btov\u00fd \u0161ampion\u00e1t v roce 2024, mistrovstv\u00ed Evropy v roce 2017 a \u0159ada seri\u00e1l\u016f TOI TOI Cupu a naposledy HSF SYSTEM Cupu.<\/p>\n\n\n\n<p>Jm\u00e9nem \u010cesk\u00e9ho svazu cyklistiky pop\u0159\u00e1l Baloghovi prezident \u010cSC Petr Marek. \u201eJsem r\u00e1d jak cyklokros funguje a z\u00e1sadn\u00ed pod\u00edl na tom m\u00e1 Petr Balogh. Po\u0159\u00e1d\u00e1me u n\u00e1s sv\u011btov\u00e9 \u0161ampion\u00e1ty, Sv\u011btov\u00e9 poh\u00e1ry a \u010cesk\u00fd poh\u00e1r, d\u0159\u00edve TOI TOI Cup a od nov\u00e9 sezony HSF SYST\u00c9M je naprosto v\u00fdjime\u010dn\u00fd, z\u00e1vid\u00ed n\u00e1m jej zem\u011b v&nbsp;cel\u00e9 Evrop\u011b. Pet\u0159e, cht\u011bl bych ti pop\u0159\u00e1t mnoho zdrav- a nad\u0161en\u00ed do cyklistiky, kter\u00e9 st\u00e1le m\u00e1\u0161,\u201c \u0159ekl Petr Marek.<\/p>\n\n\n\n<p>foto Jaroslav Svoboda&nbsp;&nbsp;&nbsp;<\/p>\n","protected":false},"excerpt":{"rendered":"<p>\u0160\u00e9f cyklokrosov\u00e9 komise \u010cesk\u00e9ho svazu cyklistiky Petr Balogh a \u010dlen prezidia \u010cSC oslav\u00ed dnes v\u00fdznamn\u00e9 \u017eivotn\u00ed jubileum \u2013 \u0161edes\u00e1t\u00e9 narozeniny. V ml\u00e1d\u00ed hr\u00e1l fotbal, za\u010d\u00ednal ve Vodn\u00edch stavb\u00e1ch T\u00e1bor, po vojn\u011b obl\u00e9kal dres Sokola Lom, kde po skon\u010den\u00ed aktivn\u00ed kari\u00e9ry d\u011blal tren\u00e9ra. Ve v\u0161ech t\u0159ech ro\u010dn\u00edc\u00edch dovedl sv\u016fj t\u00fdm k postupu, ale d\u00e1l ji\u017e pokra\u010dovat [&hellip;]<\/p>\n","protected":false},"author":8,"featured_media":32233,"comment_status":"closed","ping_status":"open","sticky":false,"template":"","format":"standard","meta":{"footnotes":""},"categories":[58,2,65],"tags":[59,169],"class_list":["post-32232","post","type-post","status-publish","format-standard","has-post-thumbnail","hentry","category-cyklokros","category-novinky","category-subdisciplina","tag-cyklokros","tag-ostatni"],"_links":{"self":[{"href":"https:\/\/www.czechcyclingfederation.com\/en\/wp-json\/wp\/v2\/posts\/32232","targetHints":{"allow":["GET"]}}],"collection":[{"href":"https:\/\/www.czechcyclingfederation.com\/en\/wp-json\/wp\/v2\/posts"}],"about":[{"href":"https:\/\/www.czechcyclingfederation.com\/en\/wp-json\/wp\/v2\/types\/post"}],"author":[{"embeddable":true,"href":"https:\/\/www.czechcyclingfederation.com\/en\/wp-json\/wp\/v2\/users\/8"}],"replies":[{"embeddable":true,"href":"https:\/\/www.czechcyclingfederation.com\/en\/wp-json\/wp\/v2\/comments?post=32232"}],"version-history":[{"count":2,"href":"https:\/\/www.czechcyclingfederation.com\/en\/wp-json\/wp\/v2\/posts\/32232\/revisions"}],"predecessor-version":[{"id":34879,"href":"https:\/\/www.czechcyclingfederation.com\/en\/wp-json\/wp\/v2\/posts\/32232\/revisions\/34879"}],"wp:featuredmedia":[{"embeddable":true,"href":"https:\/\/www.czechcyclingfederation.com\/en\/wp-json\/wp\/v2\/media\/32233"}],"wp:attachment":[{"href":"https:\/\/www.czechcyclingfederation.com\/en\/wp-json\/wp\/v2\/media?parent=32232"}],"wp:term":[{"taxonomy":"category","embeddable":true,"href":"https:\/\/www.czechcyclingfederation.com\/en\/wp-json\/wp\/v2\/categories?post=32232"},{"taxonomy":"post_tag","embeddable":true,"href":"https:\/\/www.czechcyclingfederation.com\/en\/wp-json\/wp\/v2\/tags?post=32232"}],"curies":[{"name":"wp","href":"https:\/\/api.w.org\/{rel}","templated":true}]}}