{"id":3220,"date":"2021-01-12T11:38:26","date_gmt":"2021-01-12T10:38:26","guid":{"rendered":"http:\/\/www.czechcyclingfederation.com\/?p=3220"},"modified":"2021-01-12T11:40:13","modified_gmt":"2021-01-12T10:40:13","slug":"olympionik-opavsky-oslavil-devadesatiny","status":"publish","type":"post","link":"https:\/\/www.czechcyclingfederation.com\/en\/olympionik-opavsky-oslavil-devadesatiny\/","title":{"rendered":"Olympionik Opavsk\u00fd oslavil devades\u00e1tiny"},"content":{"rendered":"\n<p>V pond\u011bl\u00ed 11. ledna oslavil olympionik Ji\u0159\u00ed Opavsk\u00fd v\u00fdznamn\u00e9 \u017eivotn\u00ed jubileum, kdy\u017e se do\u017eil devades\u00e1ti let. S cyklistikou za\u010dal v roce 1949 v Brn\u011b v SK \u017didenice, o dva roky pozd\u011bji p\u0159estoupil do Dukly Praha. Ji\u017e v roce 1952 se p\u0159ipravoval na olympijsk\u00e9 hry v Helsink\u00e1ch, kam nakonec neodjel, ale o \u010dty\u0159i pozd\u011bji se ji\u017e nominoval na OH v Melbourne, kde se um\u00edstil ve st\u00edha\u010dce dru\u017estev spole\u010dn\u011b s Jaroslavem Cihl\u00e1\u0159em, Franti\u0161kem Jursou a Ji\u0159\u00edm Nouzou na p\u00e1t\u00e9m m\u00edst\u011b.<\/p>\n\n\n\n<p>Ji\u0159\u00ed Opavsk\u00fd byl i v\u00fdborn\u00fdm rychlobrusla\u0159em a pozd\u011bji i silni\u010d\u00e1\u0159em. Dostal se i do \u0161ir\u0161\u00ed nominace na zimn\u00ed olympijsk\u00e9 hry v roce 1956, kter\u00e9 se konaly v italsk\u00e9 Cortin\u011b d&#8217;Ampezzo a dokonce i na dal\u0161\u00ed letn\u00ed OH v \u0158\u00edm\u011b v roce 1960. \u00da\u010dast mu v\u0161ak v\u017edy \u00b4o vl\u00e1sek\u00b4 unikla. V roce 1959 m\u011bl startovat na Z\u00e1vod\u011b m\u00edru, ale z osobn\u00edch d\u016fvod\u016f v\u0161ak \u00fa\u010dast odm\u00edtl. Ji\u0159\u00ed Opavsk\u00fd se stal dev\u011btkr\u00e1t mistrem \u010cR na dr\u00e1ze.<\/p>\n\n\n\n<p>V roce 1962 ukon\u010dil z\u00e1vodn\u00ed \u010dinnost a v roce 1968 emigroval do \u0160v\u00e9dska. Zde v 45 letech za\u010dal se z\u00e1vodn\u00ed \u010dinnost\u00ed v kategorii Old boys ingre. Z\u00edskal pak celkem 44 titul\u016f mistra \u0160v\u00e9dska na silnici a v \u010dasovce, t\u0159ikr\u00e1t se stal mistrem Evropy na silnici a osmkr\u00e1t mistrem sv\u011bta v kategori\u00edch masters. V sou\u010dasn\u00e9 dob\u011b \u017eije Ji\u0159\u00ed Opavsk\u00fd v Ji\u017en\u00edch \u010cech\u00e1ch, je \u010dlenem pra\u017esk\u00e9ho klubu KOVO Praha.<\/p>\n\n\n\n<p>FOTO KOVO Praha<\/p>\n\n\n\n<figure class=\"wp-block-image size-large\"><img loading=\"lazy\" decoding=\"async\" width=\"1000\" height=\"667\" src=\"https:\/\/www.czechcyclingfederation.com\/wp-content\/uploads\/2021\/01\/IMG_0457.jpg\" alt=\"\" class=\"wp-image-3223\" srcset=\"https:\/\/www.czechcyclingfederation.com\/wp-content\/uploads\/2021\/01\/IMG_0457.jpg 1000w, https:\/\/www.czechcyclingfederation.com\/wp-content\/uploads\/2021\/01\/IMG_0457-300x200.jpg 300w, https:\/\/www.czechcyclingfederation.com\/wp-content\/uploads\/2021\/01\/IMG_0457-768x512.jpg 768w\" sizes=\"auto, (max-width: 1000px) 100vw, 1000px\" \/><\/figure>\n\n\n\n<figure class=\"wp-block-image size-large\"><img loading=\"lazy\" decoding=\"async\" width=\"405\" height=\"982\" src=\"https:\/\/www.czechcyclingfederation.com\/wp-content\/uploads\/2021\/01\/P1010089_.jpg\" alt=\"\" class=\"wp-image-3224\" srcset=\"https:\/\/www.czechcyclingfederation.com\/wp-content\/uploads\/2021\/01\/P1010089_.jpg 405w, https:\/\/www.czechcyclingfederation.com\/wp-content\/uploads\/2021\/01\/P1010089_-82x200.jpg 82w\" sizes=\"auto, (max-width: 405px) 100vw, 405px\" \/><figcaption>OLYMPUS DIGITAL CAMERA<\/figcaption><\/figure>\n\n\n\n<figure class=\"wp-block-image size-large\"><img loading=\"lazy\" decoding=\"async\" width=\"561\" height=\"715\" src=\"https:\/\/www.czechcyclingfederation.com\/wp-content\/uploads\/2021\/01\/Jirka1.jpg\" alt=\"\" class=\"wp-image-3225\" srcset=\"https:\/\/www.czechcyclingfederation.com\/wp-content\/uploads\/2021\/01\/Jirka1.jpg 561w, https:\/\/www.czechcyclingfederation.com\/wp-content\/uploads\/2021\/01\/Jirka1-157x200.jpg 157w\" sizes=\"auto, (max-width: 561px) 100vw, 561px\" \/><\/figure>\n\n\n\n<figure class=\"wp-block-image size-large\"><img loading=\"lazy\" decoding=\"async\" width=\"750\" height=\"1000\" src=\"http:\/\/www.czechcyclingfederation.com\/wp-content\/uploads\/2021\/01\/P1010135.jpg\" alt=\"\" class=\"wp-image-3221\" srcset=\"https:\/\/www.czechcyclingfederation.com\/wp-content\/uploads\/2021\/01\/P1010135.jpg 750w, https:\/\/www.czechcyclingfederation.com\/wp-content\/uploads\/2021\/01\/P1010135-150x200.jpg 150w\" sizes=\"auto, (max-width: 750px) 100vw, 750px\" \/><\/figure>\n","protected":false},"excerpt":{"rendered":"<p>V pond\u011bl\u00ed 11. ledna oslavil olympionik Ji\u0159\u00ed Opavsk\u00fd v\u00fdznamn\u00e9 \u017eivotn\u00ed jubileum, kdy\u017e se do\u017eil devades\u00e1ti let. S cyklistikou za\u010dal v roce 1949 v Brn\u011b v SK \u017didenice, o dva roky pozd\u011bji p\u0159estoupil do Dukly Praha. Ji\u017e v roce 1952 se p\u0159ipravoval na olympijsk\u00e9 hry v Helsink\u00e1ch, kam nakonec neodjel, ale o \u010dty\u0159i pozd\u011bji se ji\u017e [&hellip;]<\/p>\n","protected":false},"author":8,"featured_media":3221,"comment_status":"closed","ping_status":"open","sticky":false,"template":"","format":"standard","meta":{"footnotes":""},"categories":[2,65],"tags":[],"class_list":["post-3220","post","type-post","status-publish","format-standard","has-post-thumbnail","hentry","category-novinky","category-subdisciplina"],"_links":{"self":[{"href":"https:\/\/www.czechcyclingfederation.com\/en\/wp-json\/wp\/v2\/posts\/3220","targetHints":{"allow":["GET"]}}],"collection":[{"href":"https:\/\/www.czechcyclingfederation.com\/en\/wp-json\/wp\/v2\/posts"}],"about":[{"href":"https:\/\/www.czechcyclingfederation.com\/en\/wp-json\/wp\/v2\/types\/post"}],"author":[{"embeddable":true,"href":"https:\/\/www.czechcyclingfederation.com\/en\/wp-json\/wp\/v2\/users\/8"}],"replies":[{"embeddable":true,"href":"https:\/\/www.czechcyclingfederation.com\/en\/wp-json\/wp\/v2\/comments?post=3220"}],"version-history":[{"count":2,"href":"https:\/\/www.czechcyclingfederation.com\/en\/wp-json\/wp\/v2\/posts\/3220\/revisions"}],"predecessor-version":[{"id":3226,"href":"https:\/\/www.czechcyclingfederation.com\/en\/wp-json\/wp\/v2\/posts\/3220\/revisions\/3226"}],"wp:featuredmedia":[{"embeddable":true,"href":"https:\/\/www.czechcyclingfederation.com\/en\/wp-json\/wp\/v2\/media\/3221"}],"wp:attachment":[{"href":"https:\/\/www.czechcyclingfederation.com\/en\/wp-json\/wp\/v2\/media?parent=3220"}],"wp:term":[{"taxonomy":"category","embeddable":true,"href":"https:\/\/www.czechcyclingfederation.com\/en\/wp-json\/wp\/v2\/categories?post=3220"},{"taxonomy":"post_tag","embeddable":true,"href":"https:\/\/www.czechcyclingfederation.com\/en\/wp-json\/wp\/v2\/tags?post=3220"}],"curies":[{"name":"wp","href":"https:\/\/api.w.org\/{rel}","templated":true}]}}