{"id":32177,"date":"2024-09-24T14:50:13","date_gmt":"2024-09-24T12:50:13","guid":{"rendered":"https:\/\/www.czechcyclingfederation.com\/?p=32177"},"modified":"2024-09-27T18:14:21","modified_gmt":"2024-09-27T16:14:21","slug":"cyklokrosovy-hsf-system-cup-zacne-s-tydennim-zpozdenim","status":"publish","type":"post","link":"https:\/\/www.czechcyclingfederation.com\/en\/cyklokrosovy-hsf-system-cup-zacne-s-tydennim-zpozdenim\/","title":{"rendered":"Cyklokrosov\u00fd HSF SYSTEM Cup za\u010dne s t\u00fddenn\u00edm zpo\u017ed\u011bn\u00edm"},"content":{"rendered":"\n<p>S t\u00fddenn\u00edm zpo\u017ed\u011bn\u00edm odstartuje v sobotu 5. \u0159\u00edjna v Ostrav\u011b presti\u017en\u00ed cyklokrosov\u00fd seri\u00e1l HSF SYSTEM Cup. \u010cesk\u00fd poh\u00e1r po dlouh\u00fdch sedmn\u00e1cti letech zm\u011bnil hlavn\u00edho partnera, kter\u00fdm byla dosud spole\u010dnost TOI TOI. Povodn\u011b toti\u017e zru\u0161ily p\u016fvodn\u011b pl\u00e1novan\u00fd start poh\u00e1ru, kter\u00fd se m\u011bl uskute\u010dnit v sobotu 28. z\u00e1\u0159\u00ed ve Vesel\u00fd nad Lu\u017enic\u00ed.<\/p>\n\n\n\n<p>Seri\u00e1l vyvrchol\u00ed 7. prosince v Uni\u010dov\u011b a celkem zahrnuje \u0161est z\u00e1vod\u016f, p\u0159i\u010dem\u017e v\u0161echny jsou za\u0159azen\u00e9 do kategorie C2. V Uni\u010dov\u011b budou o mistrovsk\u00e9 medaile bojovat jezdci ml\u00e1de\u017enick\u00fdch kategori\u00ed, junio\u0159i a elitn\u00ed z\u00e1vodn\u00edci budou m\u00edt dom\u00e1c\u00ed \u0161ampion\u00e1t 11. ledna v Ji\u010d\u00edn\u011b. <em>&#8220;\u017de se do kalend\u00e1\u0159e vrac\u00ed Uni\u010dov, za to&nbsp; jsem stra\u0161n\u011b r\u00e1d, je to dlouholet\u00e1 ba\u0161ta cyklokrosu,&#8221; <\/em>zd\u016fraznil p\u0159edseda cyklokrosov\u00e9 komise \u010cesk\u00e9ho svazu cyklistiky <strong>Petr Balogh<\/strong>.<\/p>\n\n\n\n<figure class=\"wp-block-image size-large\"><img loading=\"lazy\" decoding=\"async\" width=\"1024\" height=\"683\" src=\"https:\/\/www.czechcyclingfederation.com\/wp-content\/uploads\/2024\/09\/016_20240924_JSvoboda_TKCX-1024x683.jpg\" alt=\"\" class=\"wp-image-32184\" srcset=\"https:\/\/www.czechcyclingfederation.com\/wp-content\/uploads\/2024\/09\/016_20240924_JSvoboda_TKCX-1024x683.jpg 1024w, https:\/\/www.czechcyclingfederation.com\/wp-content\/uploads\/2024\/09\/016_20240924_JSvoboda_TKCX-300x200.jpg 300w, https:\/\/www.czechcyclingfederation.com\/wp-content\/uploads\/2024\/09\/016_20240924_JSvoboda_TKCX-768x512.jpg 768w, https:\/\/www.czechcyclingfederation.com\/wp-content\/uploads\/2024\/09\/016_20240924_JSvoboda_TKCX-1536x1024.jpg 1536w, https:\/\/www.czechcyclingfederation.com\/wp-content\/uploads\/2024\/09\/016_20240924_JSvoboda_TKCX-2048x1365.jpg 2048w, https:\/\/www.czechcyclingfederation.com\/wp-content\/uploads\/2024\/09\/016_20240924_JSvoboda_TKCX-1320x880.jpg 1320w\" sizes=\"auto, (max-width: 1024px) 100vw, 1024px\" \/><\/figure>\n\n\n\n<p><em>&#8220;Byli jsme z toho s ohledem na po\u010das\u00ed tak\u00e9 nerv\u00f3zn\u00ed, ale z\u00e1vody budou,&#8221;<\/em> ujistil na dne\u0161n\u00ed tiskov\u00e9 konferenci v Praze autor a \u0161\u00e9f ostravsk\u00e9 trati <strong>Radovan \u0160\u0165astn\u00fd<\/strong>. <em>&#8220;Z\u00e1vodn\u00edci i div\u00e1ci se maj\u00ed na\u010d t\u011b\u0161it, nebo\u0165 se pojede na obrovsk\u00e9m mno\u017estv\u00ed r\u016fzn\u00fdch povrch\u016f. Hned druh\u00fd den pak po\u0159\u00e1d\u00e1me z\u00e1vod kategorie C1, kter\u00fd se pojede jako Grand Prix Ostravy,&#8221; <\/em>dodal \u0160\u0165astn\u00fd.<\/p>\n\n\n\n<p>Po Ostrav\u011b p\u0159ijdou na \u0159adu z\u00e1vody v Hlinsku, Kol\u00edn\u011b, R\u00fdma\u0159ov\u011b, Mlad\u00e9 Boleslavi a Uni\u010dov\u011b. V ka\u017ed\u00e9m z\u00e1vod\u011b bude na odm\u011bn\u00e1ch rozd\u011bleno 62 500 korun, tedy o 25 tis\u00edc v\u00edce ne\u017e loni. V\u00edt\u011bzov\u00e9 celkov\u00e9 klasifikace v elitn\u00edch kategori\u00edch obdr\u017e\u00ed 30 tis\u00edc mezi mu\u017ei a 14 tis\u00edc mezi \u017eenami. V\u00edt\u011bzstv\u00ed obhajuj\u00ed Pol\u00e1k Marek Konwa, jen\u017e se loni stal premi\u00e9rov\u00fdm zahrani\u010dn\u00edm v\u00edt\u011bzem dom\u00e1c\u00edho seri\u00e1lu, a Krist\u00fdna Zemanov\u00e1.<\/p>\n\n\n\n<p><em>&#8220;Sedmn\u00e1ctilet\u00e1 spolupr\u00e1ce s firmou TOI TOI byla velmi \u00fasp\u011b\u0161n\u00e1 a jsem za to stra\u0161n\u011b vd\u011b\u010dn\u00fd. Poda\u0159ilo se n\u00e1m uzav\u0159\u00edt novou spolupr\u00e1ci s HSF SYSTEM a v\u011b\u0159\u00edm, \u017ee bude fungovat i do budoucna,&#8221; <\/em>\u0159ekl Petr Balogh a vr\u00e1til se tak\u00e9 k re\u00e1ln\u00e9mu za\u0159azen\u00ed cyklokrosu do programu olympijsk\u00fdch her. <em>&#8220;Na mistrovstv\u00ed sv\u011bta by to m\u011blo b\u00fdt ozn\u00e1meno jako definitivn\u00ed. Spln\u00ed se tak dlouholet\u00fd cyklokrosov\u00fd sen a zcela jist\u011b to na\u0161emu sportu prosp\u011bje,&#8221;<\/em> m\u00edn\u00ed Balogh.<\/p>\n\n\n\n<p>A na dal\u0161\u00ed \u010dty\u0159i roky zvolen\u00fd prezident \u010cSC <strong>Petr Marek<\/strong> pod\u011bkoval Baloghovi za to, jak cyklokros v sou\u010dasn\u00e9 dob\u011b funguje. <em>\u201eDob\u0159e a d\u016fkazem toho jsou medaile Krist\u00fdny Zemanov\u00e9 \u010di Kry\u0161tofa Ba\u017eanta z mistrovstv\u00ed sv\u011bta. Osobn\u011b bych cht\u011bl celou cyklistiku pozvednout. Chci aby se u n\u00e1s jezdily mezin\u00e1rodn\u00ed z\u00e1vody, postavit velodrom a tak\u00e9 odpov\u00eddaj\u00edc\u00ed s\u00eddlo na\u0161eho svazu,&#8221;<\/em> \u0159ekl Petr Marek.<\/p>\n\n\n\n<figure class=\"wp-block-image size-large\"><img loading=\"lazy\" decoding=\"async\" width=\"1024\" height=\"683\" src=\"https:\/\/www.czechcyclingfederation.com\/wp-content\/uploads\/2024\/09\/015_20240924_JSvoboda_TKCX-1024x683.jpg\" alt=\"\" class=\"wp-image-32186\" srcset=\"https:\/\/www.czechcyclingfederation.com\/wp-content\/uploads\/2024\/09\/015_20240924_JSvoboda_TKCX-1024x683.jpg 1024w, https:\/\/www.czechcyclingfederation.com\/wp-content\/uploads\/2024\/09\/015_20240924_JSvoboda_TKCX-300x200.jpg 300w, https:\/\/www.czechcyclingfederation.com\/wp-content\/uploads\/2024\/09\/015_20240924_JSvoboda_TKCX-768x512.jpg 768w, https:\/\/www.czechcyclingfederation.com\/wp-content\/uploads\/2024\/09\/015_20240924_JSvoboda_TKCX-1536x1024.jpg 1536w, https:\/\/www.czechcyclingfederation.com\/wp-content\/uploads\/2024\/09\/015_20240924_JSvoboda_TKCX-2048x1365.jpg 2048w, https:\/\/www.czechcyclingfederation.com\/wp-content\/uploads\/2024\/09\/015_20240924_JSvoboda_TKCX-1320x880.jpg 1320w\" sizes=\"auto, (max-width: 1024px) 100vw, 1024px\" \/><\/figure>\n\n\n\n<p>Nov\u00fd reprezenta\u010dn\u00ed tren\u00e9r <strong>Michal Bedn\u00e1\u0159<\/strong> se zm\u00ednil, \u017ee reprezentace m\u00e1 za sebou ji\u017e dv\u011b akce &#8211; soust\u0159ed\u011bn\u00ed ve Vrchlab\u00ed a etapov\u00fd z\u00e1vod v okol\u00ed Plzn\u011b. A je\u0161t\u011b jedno soust\u0159ed\u011bn\u00ed je v pl\u00e1nu, nov\u011b ve St\u0159\u00edb\u0159e a podle tren\u00e9ra by m\u011blo b\u00fdt i motiva\u010dn\u00ed tr\u00e9novat na trat\u00edch, kde se p\u0159ipravoval n\u011bkolikan\u00e1sobn\u00fd mistr sv\u011bta Zden\u011bk \u0160tybar.<\/p>\n\n\n\n<p><em>&#8220;I kdy\u017e je program Sv\u011btov\u00fdch poh\u00e1r\u016f nov\u011b pro n\u00e1s nev\u00fdhodn\u00fd, proto\u017ee je nahu\u0161t\u011bn do prosince a ledna, a mlad\u00ed nebudou m\u00edt ani jednou mo\u017enost porovnat si s\u00edly p\u0159ed mistrovstv\u00edm Evropy, tak v\u011b\u0159\u00edm, \u017ee p\u0159\u00edpravu to neovlivn\u00ed. N\u011bkolik sezon jsem byl v roli asistenta a na novou v\u00fdzvu v roli hlavn\u00edho kou\u010de se t\u011b\u0161\u00edm a v\u011b\u0159\u00edm, \u017ee budeme \u00fasp\u011b\u0161n\u00ed,&#8221;<\/em> \u0159ekl Bedn\u00e1\u0159, kter\u00fd nejv\u00edce bude spol\u00e9hat na Zemanovou, Ba\u017eanta a juniorky, t\u0159eba Am\u00e1lii Gottwaldovou. Podle jeho slov pojedou mlad\u00ed krosa\u0159i na v\u0161ech z\u00e1vodech SP, kter\u00e9 jsou pro juniory a U23 vyps\u00e1ny, to znamen\u00e1 v Dublinu (1.12.), Hulstu (21.12.), Zonhovenu (22.12.), Besanconu (29.12.), Benidomu (19.1.) a Hoogerheide (26.1.).\u00a0\u00a0<\/p>\n\n\n\n<figure class=\"wp-block-image size-large\"><img loading=\"lazy\" decoding=\"async\" width=\"1024\" height=\"683\" src=\"https:\/\/www.czechcyclingfederation.com\/wp-content\/uploads\/2024\/09\/019_20240924_JSvoboda_TKCX-1024x683.jpg\" alt=\"\" class=\"wp-image-32188\" srcset=\"https:\/\/www.czechcyclingfederation.com\/wp-content\/uploads\/2024\/09\/019_20240924_JSvoboda_TKCX-1024x683.jpg 1024w, https:\/\/www.czechcyclingfederation.com\/wp-content\/uploads\/2024\/09\/019_20240924_JSvoboda_TKCX-300x200.jpg 300w, https:\/\/www.czechcyclingfederation.com\/wp-content\/uploads\/2024\/09\/019_20240924_JSvoboda_TKCX-768x512.jpg 768w, https:\/\/www.czechcyclingfederation.com\/wp-content\/uploads\/2024\/09\/019_20240924_JSvoboda_TKCX-1536x1024.jpg 1536w, https:\/\/www.czechcyclingfederation.com\/wp-content\/uploads\/2024\/09\/019_20240924_JSvoboda_TKCX-2048x1365.jpg 2048w, https:\/\/www.czechcyclingfederation.com\/wp-content\/uploads\/2024\/09\/019_20240924_JSvoboda_TKCX-1320x880.jpg 1320w\" sizes=\"auto, (max-width: 1024px) 100vw, 1024px\" \/><\/figure>\n\n\n\n<p><strong>Program z\u00e1vod\u016f HSF SYSTEM Cupu (\u010cesk\u00e9ho poh\u00e1ru):<\/strong><\/p>\n\n\n\n<p>5. \u0159\u00edjna: Ostrava<\/p>\n\n\n\n<p>12. \u0159\u00edjna: Hlinsko<\/p>\n\n\n\n<p>26. \u0159\u00edjna: Kol\u00edn<\/p>\n\n\n\n<p>16. listopadu: R\u00fdma\u0159ov<\/p>\n\n\n\n<p>23. listopadu: Mlad\u00e1 Boleslav<\/p>\n\n\n\n<p>7. prosince: Uni\u010dov<\/p>\n\n\n\n<p>Foto: Jaroslav Svoboda<\/p>\n","protected":false},"excerpt":{"rendered":"<p>S t\u00fddenn\u00edm zpo\u017ed\u011bn\u00edm odstartuje v sobotu 5. \u0159\u00edjna v Ostrav\u011b presti\u017en\u00ed cyklokrosov\u00fd seri\u00e1l HSF SYSTEM Cup. \u010cesk\u00fd poh\u00e1r po dlouh\u00fdch sedmn\u00e1cti letech zm\u011bnil hlavn\u00edho partnera, kter\u00fdm byla dosud spole\u010dnost TOI TOI. Povodn\u011b toti\u017e zru\u0161ily p\u016fvodn\u011b pl\u00e1novan\u00fd start poh\u00e1ru, kter\u00fd se m\u011bl uskute\u010dnit v sobotu 28. z\u00e1\u0159\u00ed ve Vesel\u00fd nad Lu\u017enic\u00ed. Seri\u00e1l vyvrchol\u00ed 7. prosince v [&hellip;]<\/p>\n","protected":false},"author":8,"featured_media":32182,"comment_status":"closed","ping_status":"open","sticky":false,"template":"","format":"standard","meta":{"footnotes":""},"categories":[58,2],"tags":[59],"class_list":["post-32177","post","type-post","status-publish","format-standard","has-post-thumbnail","hentry","category-cyklokros","category-novinky","tag-cyklokros"],"_links":{"self":[{"href":"https:\/\/www.czechcyclingfederation.com\/en\/wp-json\/wp\/v2\/posts\/32177","targetHints":{"allow":["GET"]}}],"collection":[{"href":"https:\/\/www.czechcyclingfederation.com\/en\/wp-json\/wp\/v2\/posts"}],"about":[{"href":"https:\/\/www.czechcyclingfederation.com\/en\/wp-json\/wp\/v2\/types\/post"}],"author":[{"embeddable":true,"href":"https:\/\/www.czechcyclingfederation.com\/en\/wp-json\/wp\/v2\/users\/8"}],"replies":[{"embeddable":true,"href":"https:\/\/www.czechcyclingfederation.com\/en\/wp-json\/wp\/v2\/comments?post=32177"}],"version-history":[{"count":4,"href":"https:\/\/www.czechcyclingfederation.com\/en\/wp-json\/wp\/v2\/posts\/32177\/revisions"}],"predecessor-version":[{"id":32307,"href":"https:\/\/www.czechcyclingfederation.com\/en\/wp-json\/wp\/v2\/posts\/32177\/revisions\/32307"}],"wp:featuredmedia":[{"embeddable":true,"href":"https:\/\/www.czechcyclingfederation.com\/en\/wp-json\/wp\/v2\/media\/32182"}],"wp:attachment":[{"href":"https:\/\/www.czechcyclingfederation.com\/en\/wp-json\/wp\/v2\/media?parent=32177"}],"wp:term":[{"taxonomy":"category","embeddable":true,"href":"https:\/\/www.czechcyclingfederation.com\/en\/wp-json\/wp\/v2\/categories?post=32177"},{"taxonomy":"post_tag","embeddable":true,"href":"https:\/\/www.czechcyclingfederation.com\/en\/wp-json\/wp\/v2\/tags?post=32177"}],"curies":[{"name":"wp","href":"https:\/\/api.w.org\/{rel}","templated":true}]}}