{"id":32113,"date":"2024-09-22T13:20:08","date_gmt":"2024-09-22T11:20:08","guid":{"rendered":"https:\/\/www.czechcyclingfederation.com\/?p=32113"},"modified":"2024-09-22T18:57:52","modified_gmt":"2024-09-22T16:57:52","slug":"vones-a-bartova-jsou-mistry-republiky-ve-stihacim-zavodu","status":"publish","type":"post","link":"https:\/\/www.czechcyclingfederation.com\/en\/vones-a-bartova-jsou-mistry-republiky-ve-stihacim-zavodu\/","title":{"rendered":"Vone\u0161 a B\u00e1rtov\u00e1 jsou mistry republiky ve st\u00edhac\u00edm z\u00e1vodu"},"content":{"rendered":"\n<p>St\u00edhac\u00edmi z\u00e1vody bylo v Brn\u011b zakon\u010deno dr\u00e1hov\u00e9 mistrovstv\u00ed republiky ve vytrvalostn\u00edch discipl\u00edn\u00e1ch. Tituly vybojovali Gabriela B\u00e1rtov\u00e1 z Dukly Praha a Jan Vone\u0161 z TUFO Pardus Prost\u011bjov.<\/p>\n\n\n\n<p>Nejrychlej\u0161\u00ed \u010das 4:49,993 zajel v kvalifikaci Maty\u00e1\u0161 Kobl\u00ed\u017eek (TUFO Pardus Prost\u011bjov), zat\u00edmco Jan Vone\u0161 4:51,875, ale v boji o zlato dok\u00e1zal \u010desk\u00fd olympionik v\u00fdrazn\u011b zrychlit a po zlatu ve scratchi vybojoval druh\u00fd titul, nav\u00edc bronz bral je\u0161t\u011b v bodovac\u00edm z\u00e1vodu. T\u0159et\u00ed skon\u010dil Michael Rotter z TJ Favorit Brno.<\/p>\n\n\n\n<p>Rovn\u011b\u017e druh\u00e9 zlato z\u00edskala B\u00e1rtov\u00e1, v sobotu vyhr\u00e1la spolu s Barborou N\u011bmcovou titul v madisonu. Petra \u0160ev\u010d\u00edkov\u00e1 na \u0161ampion\u00e1tu vybojovala dokonce t\u0159i medaile. V sobotu byla zlat\u00e1 ve scratchi, st\u0159\u00edbro brala v madisonu a dnes p\u0159idala stejn\u011b cenn\u00fd kov ve st\u00edhac\u00edm z\u00e1vodu.<\/p>\n\n\n\n<figure class=\"wp-block-image size-large\"><img loading=\"lazy\" decoding=\"async\" width=\"1024\" height=\"768\" src=\"https:\/\/www.czechcyclingfederation.com\/wp-content\/uploads\/2024\/09\/mistri-Obrazek-WhatsApp-2024-09-22-v-13.08.26_d4546af2-1024x768.jpg\" alt=\"\" class=\"wp-image-32119\" srcset=\"https:\/\/www.czechcyclingfederation.com\/wp-content\/uploads\/2024\/09\/mistri-Obrazek-WhatsApp-2024-09-22-v-13.08.26_d4546af2-1024x768.jpg 1024w, https:\/\/www.czechcyclingfederation.com\/wp-content\/uploads\/2024\/09\/mistri-Obrazek-WhatsApp-2024-09-22-v-13.08.26_d4546af2-267x200.jpg 267w, https:\/\/www.czechcyclingfederation.com\/wp-content\/uploads\/2024\/09\/mistri-Obrazek-WhatsApp-2024-09-22-v-13.08.26_d4546af2-768x576.jpg 768w, https:\/\/www.czechcyclingfederation.com\/wp-content\/uploads\/2024\/09\/mistri-Obrazek-WhatsApp-2024-09-22-v-13.08.26_d4546af2-1536x1152.jpg 1536w, https:\/\/www.czechcyclingfederation.com\/wp-content\/uploads\/2024\/09\/mistri-Obrazek-WhatsApp-2024-09-22-v-13.08.26_d4546af2-1320x990.jpg 1320w, https:\/\/www.czechcyclingfederation.com\/wp-content\/uploads\/2024\/09\/mistri-Obrazek-WhatsApp-2024-09-22-v-13.08.26_d4546af2.jpg 1600w\" sizes=\"auto, (max-width: 1024px) 100vw, 1024px\" \/><\/figure>\n\n\n\n<p>V\u00fdsledky:<\/p>\n\n\n\n<p>St\u00edhac\u00ed z\u00e1vod:<\/p>\n\n\n\n<p>\u017deny:<\/p>\n\n\n\n<p>Fin\u00e1le: B\u00e1rtov\u00e1 3:57,540 &#8211; \u0160ev\u010d\u00edkov\u00e1 3:58,970, o t\u0159et\u00ed m\u00edsto: Barton\u00edkov\u00e1 (v\u0161echny Dukla Praha) 4:00,580 &#8211; M\u00fcllerov\u00e1 (Aromitalia 3T Vaiano) 4:08,580.<\/p>\n\n\n\n<p>Mu\u017ei:<\/p>\n\n\n\n<p>Fin\u00e1le: Vone\u0161 4:48,074 &#8211; M. Kobl\u00ed\u017eek (oba TUFO Pardus Prost\u011bjov) 4:52,868, o 3. m\u00edsto: Rotter 4:58,022 &#8211; K\u0159enek (oba TJ Favorit Brno) 5:08,800, 5. Kadlec (Development Team DSM) 4:56,674, 6. Rugovac (TJ Favorit Brno) 4:57,384.<\/p>\n\n\n\n<p>FOTO Luk\u00e1\u0161 Thun<\/p>\n","protected":false},"excerpt":{"rendered":"<p>St\u00edhac\u00edmi z\u00e1vody bylo v Brn\u011b zakon\u010deno dr\u00e1hov\u00e9 mistrovstv\u00ed republiky ve vytrvalostn\u00edch discipl\u00edn\u00e1ch. Tituly vybojovali Gabriela B\u00e1rtov\u00e1 z Dukly Praha a Jan Vone\u0161 z TUFO Pardus Prost\u011bjov. Nejrychlej\u0161\u00ed \u010das 4:49,993 zajel v kvalifikaci Maty\u00e1\u0161 Kobl\u00ed\u017eek (TUFO Pardus Prost\u011bjov), zat\u00edmco Jan Vone\u0161 4:51,875, ale v boji o zlato dok\u00e1zal \u010desk\u00fd olympionik v\u00fdrazn\u011b zrychlit a po zlatu ve [&hellip;]<\/p>\n","protected":false},"author":8,"featured_media":32116,"comment_status":"closed","ping_status":"open","sticky":false,"template":"","format":"standard","meta":{"footnotes":""},"categories":[54,2],"tags":[9],"class_list":["post-32113","post","type-post","status-publish","format-standard","has-post-thumbnail","hentry","category-draha","category-novinky","tag-draha"],"_links":{"self":[{"href":"https:\/\/www.czechcyclingfederation.com\/en\/wp-json\/wp\/v2\/posts\/32113","targetHints":{"allow":["GET"]}}],"collection":[{"href":"https:\/\/www.czechcyclingfederation.com\/en\/wp-json\/wp\/v2\/posts"}],"about":[{"href":"https:\/\/www.czechcyclingfederation.com\/en\/wp-json\/wp\/v2\/types\/post"}],"author":[{"embeddable":true,"href":"https:\/\/www.czechcyclingfederation.com\/en\/wp-json\/wp\/v2\/users\/8"}],"replies":[{"embeddable":true,"href":"https:\/\/www.czechcyclingfederation.com\/en\/wp-json\/wp\/v2\/comments?post=32113"}],"version-history":[{"count":3,"href":"https:\/\/www.czechcyclingfederation.com\/en\/wp-json\/wp\/v2\/posts\/32113\/revisions"}],"predecessor-version":[{"id":32123,"href":"https:\/\/www.czechcyclingfederation.com\/en\/wp-json\/wp\/v2\/posts\/32113\/revisions\/32123"}],"wp:featuredmedia":[{"embeddable":true,"href":"https:\/\/www.czechcyclingfederation.com\/en\/wp-json\/wp\/v2\/media\/32116"}],"wp:attachment":[{"href":"https:\/\/www.czechcyclingfederation.com\/en\/wp-json\/wp\/v2\/media?parent=32113"}],"wp:term":[{"taxonomy":"category","embeddable":true,"href":"https:\/\/www.czechcyclingfederation.com\/en\/wp-json\/wp\/v2\/categories?post=32113"},{"taxonomy":"post_tag","embeddable":true,"href":"https:\/\/www.czechcyclingfederation.com\/en\/wp-json\/wp\/v2\/tags?post=32113"}],"curies":[{"name":"wp","href":"https:\/\/api.w.org\/{rel}","templated":true}]}}