{"id":32097,"date":"2024-09-21T19:15:46","date_gmt":"2024-09-21T17:15:46","guid":{"rendered":"https:\/\/www.czechcyclingfederation.com\/?p=32097"},"modified":"2024-09-21T20:11:10","modified_gmt":"2024-09-21T18:11:10","slug":"v-brne-se-bojuje-o-drahove-tituly-ve-vytrvalostnich-disciplinach","status":"publish","type":"post","link":"https:\/\/www.czechcyclingfederation.com\/en\/v-brne-se-bojuje-o-drahove-tituly-ve-vytrvalostnich-disciplinach\/","title":{"rendered":"Vone\u0161 z\u00edskal titul ve scratchi a v bodova\u010dce bral bronz"},"content":{"rendered":"\n<p>\u010cty\u0159i sady medail\u00ed na dom\u00e1c\u00edm \u0161ampion\u00e1tu si dnes na ov\u00e1lu v&nbsp;Brn\u011b rozd\u011blili cyklist\u00e9 a cyklistky ve vytrvalostn\u00edch discipl\u00edn\u00e1ch. O medaile bojovali mu\u017ei v&nbsp;madisonu, scratchi a bodovac\u00edm z\u00e1vodu, \u017eeny ve scratchi a madisonu. Nej\u00fasp\u011b\u0161n\u011bj\u0161\u00ed mezi mu\u017ei byl olympionik Jan Vone\u0161 z&nbsp;dom\u00e1c\u00edho Favoritu Brno, kter\u00fd vyhr\u00e1l scratch a bronz bral v&nbsp;bodovac\u00edm z\u00e1vodu.<\/p>\n\n\n\n<figure class=\"wp-block-image size-large\"><img loading=\"lazy\" decoding=\"async\" width=\"1024\" height=\"822\" src=\"http:\/\/www.czechcyclingfederation.com\/wp-content\/uploads\/2024\/09\/Obrazek-WhatsApp-2024-09-21-v-18.59.04_0c90bc83-1024x822.jpg\" alt=\"\" class=\"wp-image-32098\" srcset=\"https:\/\/www.czechcyclingfederation.com\/wp-content\/uploads\/2024\/09\/Obrazek-WhatsApp-2024-09-21-v-18.59.04_0c90bc83-1024x822.jpg 1024w, https:\/\/www.czechcyclingfederation.com\/wp-content\/uploads\/2024\/09\/Obrazek-WhatsApp-2024-09-21-v-18.59.04_0c90bc83-249x200.jpg 249w, https:\/\/www.czechcyclingfederation.com\/wp-content\/uploads\/2024\/09\/Obrazek-WhatsApp-2024-09-21-v-18.59.04_0c90bc83-768x616.jpg 768w, https:\/\/www.czechcyclingfederation.com\/wp-content\/uploads\/2024\/09\/Obrazek-WhatsApp-2024-09-21-v-18.59.04_0c90bc83.jpg 1200w\" sizes=\"auto, (max-width: 1024px) 100vw, 1024px\" \/><\/figure>\n\n\n\n<p>Petra \u0160ev\u010d\u00edkov\u00e1 z&nbsp;Dukly Praha vyhr\u00e1l scartch a spolu s Jarmilou Macha\u010dovou braly st\u0159\u00edbro v&nbsp;madisonu. Tak\u00e9 dv\u011b medaile \u2013 bronzov\u00e9 z&nbsp;madisonu a scratche vybojovala Patricie M\u00fcllerov\u00e1 jezd\u00edc\u00ed v&nbsp;barv\u00e1ch Aromitalia 3T Vaiano.<\/p>\n\n\n\n<p>V\u00fdsledky:&nbsp;<\/p>\n\n\n\n<p>Madison:<\/p>\n\n\n\n<p>Mlad\u0161\u00ed \u017e\u00e1ci:<\/p>\n\n\n\n<p>1. Brad\u00e1\u010d, Strakat\u00fd (Dukla Praha) 49, 2. \u010ctrn\u00e1ct\u00fd, Knotek (Dukla Praha) 27, 3. Markusek, Kelbl (Rexonix KOVO Praha\/TJ Favorit Brno) 12.<\/p>\n\n\n\n<p>Kadeti:<\/p>\n\n\n\n<p>1. Va\u0161ina, Kub\u011bna (TJ Favorit Brno\/ACS Development) 39, 2. Kani\u0161\u010dev, \u017duf\u00e1nek&nbsp; 26, 3. M. Bittner, Ne\u010dada (v\u0161ichni TUFO Pardus Prost\u011bjov) 12&nbsp;<\/p>\n\n\n\n<p>Junio\u0159i:<\/p>\n\n\n\n<p>1. Filip Richter, Adam Frajbi\u0161 44, 2. Brad\u00e1\u010d, Mat\u011bjek (v\u0161ichni Dukla Praha) 33, 3. Jaro\u0161, Rauschert (TUFO Pardus Prost\u011bjov) 29.<\/p>\n\n\n\n<p>\u017d\u00e1kyn\u011b a kadetky:<\/p>\n\n\n\n<p>1. Pechov\u00e1, Kr\u00e1tk\u00e1 (TUFO Pardus Prost\u011bjov\/Otosport Team Jesen\u00edk) 31, 2. N\u011bmcov\u00e1, Prnkov\u00e1 (Sportcomplex B\u0159eclav) 18, 3. Bene\u0161ov\u00e1, Jaro\u0161ov\u00e1 (Dukla Praha) 17.<\/p>\n\n\n\n<p>\u017deny a juniorky:<\/p>\n\n\n\n<p>1. B\u00e1rtov\u00e1, N\u011bmcov\u00e1 46, 2. Macha\u010dov\u00e1, \u0160ev\u010d\u00edkov\u00e1 (v\u0161echny Dukla Praha) 38, 3. M\u00fcllerov\u00e1, Rugovac (Aromitalia 3T Vaiano\/Team Skyline &#8211; Cadence) 14.<\/p>\n\n\n\n<p>Bodovac\u00ed z\u00e1vod:<\/p>\n\n\n\n<p>Mu\u017ei:<\/p>\n\n\n\n<p>1. K\u0159enek 47, 2. Pad\u011blek (oba TJ Favorit Brno) 40, 3. Vone\u0161 39, 4. \u0160tec (oba TUFO Pardus Prost\u011bjov) 35, 5. Kadlec (Development Team DSM) 36, 6. Rich. Kobr (ACS Development) 35.<\/p>\n\n\n\n<p>Scratch:<\/p>\n\n\n\n<p>Mu\u017ei:<\/p>\n\n\n\n<p>1. Vone\u0161, 2. Rich. Kobr, 3. Maty\u00e1\u0161 Kobl\u00ed\u017eek (TUFO Pardus Prost\u011bjov), 4. Rotter, 5. Rugovac (oba TJ Favorit Brno), 6. Kadlec.<\/p>\n\n\n\n<p>\u017deny:<\/p>\n\n\n\n<p>1.\u0160ev\u010d\u00edkov\u00e1, 2. Barton\u00edkov\u00e1 (Dukla Praha), 3. M\u00fcllerov\u00e1, 4. N\u011bmcov\u00e1, 5. Macha\u010dov\u00e1, 6. B\u00e1rtov\u00e1.<\/p>\n\n\n\n<p>FOTO Luk\u00e1\u0161 Thun<\/p>\n","protected":false},"excerpt":{"rendered":"<p>\u010cty\u0159i sady medail\u00ed na dom\u00e1c\u00edm \u0161ampion\u00e1tu si dnes na ov\u00e1lu v&nbsp;Brn\u011b rozd\u011blili cyklist\u00e9 a cyklistky ve vytrvalostn\u00edch discipl\u00edn\u00e1ch. O medaile bojovali mu\u017ei v&nbsp;madisonu, scratchi a bodovac\u00edm z\u00e1vodu, \u017eeny ve scratchi a madisonu. Nej\u00fasp\u011b\u0161n\u011bj\u0161\u00ed mezi mu\u017ei byl olympionik Jan Vone\u0161 z&nbsp;dom\u00e1c\u00edho Favoritu Brno, kter\u00fd vyhr\u00e1l scratch a bronz bral v&nbsp;bodovac\u00edm z\u00e1vodu. Petra \u0160ev\u010d\u00edkov\u00e1 z&nbsp;Dukly Praha vyhr\u00e1l [&hellip;]<\/p>\n","protected":false},"author":8,"featured_media":32102,"comment_status":"closed","ping_status":"open","sticky":false,"template":"","format":"standard","meta":{"footnotes":""},"categories":[54,2],"tags":[9],"class_list":["post-32097","post","type-post","status-publish","format-standard","has-post-thumbnail","hentry","category-draha","category-novinky","tag-draha"],"_links":{"self":[{"href":"https:\/\/www.czechcyclingfederation.com\/en\/wp-json\/wp\/v2\/posts\/32097","targetHints":{"allow":["GET"]}}],"collection":[{"href":"https:\/\/www.czechcyclingfederation.com\/en\/wp-json\/wp\/v2\/posts"}],"about":[{"href":"https:\/\/www.czechcyclingfederation.com\/en\/wp-json\/wp\/v2\/types\/post"}],"author":[{"embeddable":true,"href":"https:\/\/www.czechcyclingfederation.com\/en\/wp-json\/wp\/v2\/users\/8"}],"replies":[{"embeddable":true,"href":"https:\/\/www.czechcyclingfederation.com\/en\/wp-json\/wp\/v2\/comments?post=32097"}],"version-history":[{"count":2,"href":"https:\/\/www.czechcyclingfederation.com\/en\/wp-json\/wp\/v2\/posts\/32097\/revisions"}],"predecessor-version":[{"id":32112,"href":"https:\/\/www.czechcyclingfederation.com\/en\/wp-json\/wp\/v2\/posts\/32097\/revisions\/32112"}],"wp:featuredmedia":[{"embeddable":true,"href":"https:\/\/www.czechcyclingfederation.com\/en\/wp-json\/wp\/v2\/media\/32102"}],"wp:attachment":[{"href":"https:\/\/www.czechcyclingfederation.com\/en\/wp-json\/wp\/v2\/media?parent=32097"}],"wp:term":[{"taxonomy":"category","embeddable":true,"href":"https:\/\/www.czechcyclingfederation.com\/en\/wp-json\/wp\/v2\/categories?post=32097"},{"taxonomy":"post_tag","embeddable":true,"href":"https:\/\/www.czechcyclingfederation.com\/en\/wp-json\/wp\/v2\/tags?post=32097"}],"curies":[{"name":"wp","href":"https:\/\/api.w.org\/{rel}","templated":true}]}}