{"id":32059,"date":"2024-09-20T09:23:58","date_gmt":"2024-09-20T07:23:58","guid":{"rendered":"https:\/\/www.czechcyclingfederation.com\/?p=32059"},"modified":"2024-09-20T09:25:54","modified_gmt":"2024-09-20T07:25:54","slug":"prilbu-moravy-vyhrali-danove-haugsted-a-wulff","status":"publish","type":"post","link":"https:\/\/www.czechcyclingfederation.com\/en\/prilbu-moravy-vyhrali-danove-haugsted-a-wulff\/","title":{"rendered":"P\u0159ilbu Moravy vyhr\u00e1li D\u00e1nov\u00e9 Haugsted a Wulff"},"content":{"rendered":"\n<p>Tradi\u010dn\u00ed dr\u00e1hov\u00e9 z\u00e1vody P\u0159ilbu Moravy ovl\u00e1dli tentokr\u00e1t na brn\u011bnsk\u00e9m ov\u00e1lu d\u00e1n\u0161t\u00ed z\u00e1vodn\u00edci Conrad Haugsted, Noah Wulff se ziskem 58 bod\u016f. Z \u010desk\u00fdch dr\u00e1ha\u0159\u016f si nejl\u00e9pe vedli Maty\u00e1\u0161 Kobl\u00ed\u017eek a Jan Vone\u0161 (TUFO Pardus Prost\u011bjov), kte\u0159\u00ed obsadili t\u0159et\u00ed m\u00edsto s 29 body.<\/p>\n\n\n\n<p>Mezi \u017eenami kralovaly Jarmila Macha\u010dov\u00e1 a Gabriela B\u00e1rtov\u00e1 z Dukly Praha), z\u00e1vodu junior\u016f vyhr\u00e1li Heimo Fugger a Valentin Zobl z Rakouska, druz\u00ed skon\u010dili Adam Brad\u00e1\u010d a \u0160imon Mat\u011bjek z Dukly Praha.<\/p>\n\n\n\n<p>V\u00fdsledky:<\/p>\n\n\n\n<p>Madison:<\/p>\n\n\n\n<p>Junio\u0159i:<\/p>\n\n\n\n<p>1. Fugger, Zobl (Rak.) 75, 2. Brad\u00e1\u010d, Mat\u011bjek (Dukla Praha) 27, 3. Jaro\u0161, Rauschert (TUFO Pardus Prost\u011bjov) 14.<\/p>\n\n\n\n<p>\u017deny a juniorky:<\/p>\n\n\n\n<p>1. Macha\u010dov\u00e1, B\u00e1rtov\u00e1 (Dukla Praha) 89, 2. Ba\u010d\u00edkov\u00e1, Barton\u00edkov\u00e1 (SR\/Dukla Praha) 54, 3. Rugovac, M\u00fcllerov\u00e1 (Skyline Cadence\/ Aromitalia 3T Vaiano) 17.<\/p>\n\n\n\n<p>Mu\u017ei:<\/p>\n\n\n\n<p>1. Haugsted, Wulff (D\u00e1n.) 58, 2. Yogev, Loginov (Izr.) 38, 3. M. Kobl\u00ed\u017eek, Vone\u0161 (TUFO Pardus Prost\u011bjov) 29, 4. K\u0159enek Rugovac (TJ Favorit Brno) 23, 5. Winkler, Donega (D\u00e1n.\/It.) 18, 6. Wafler, Kadlec (Rak.\/ACS Development) 13.<\/p>\n\n\n\n<p>FOTO Jan Brychta<\/p>\n","protected":false},"excerpt":{"rendered":"<p>Tradi\u010dn\u00ed dr\u00e1hov\u00e9 z\u00e1vody P\u0159ilbu Moravy ovl\u00e1dli tentokr\u00e1t na brn\u011bnsk\u00e9m ov\u00e1lu d\u00e1n\u0161t\u00ed z\u00e1vodn\u00edci Conrad Haugsted, Noah Wulff se ziskem 58 bod\u016f. Z \u010desk\u00fdch dr\u00e1ha\u0159\u016f si nejl\u00e9pe vedli Maty\u00e1\u0161 Kobl\u00ed\u017eek a Jan Vone\u0161 (TUFO Pardus Prost\u011bjov), kte\u0159\u00ed obsadili t\u0159et\u00ed m\u00edsto s 29 body. Mezi \u017eenami kralovaly Jarmila Macha\u010dov\u00e1 a Gabriela B\u00e1rtov\u00e1 z Dukly Praha), z\u00e1vodu junior\u016f vyhr\u00e1li [&hellip;]<\/p>\n","protected":false},"author":8,"featured_media":32060,"comment_status":"closed","ping_status":"open","sticky":false,"template":"","format":"standard","meta":{"footnotes":""},"categories":[54,2],"tags":[9],"class_list":["post-32059","post","type-post","status-publish","format-standard","has-post-thumbnail","hentry","category-draha","category-novinky","tag-draha"],"_links":{"self":[{"href":"https:\/\/www.czechcyclingfederation.com\/en\/wp-json\/wp\/v2\/posts\/32059","targetHints":{"allow":["GET"]}}],"collection":[{"href":"https:\/\/www.czechcyclingfederation.com\/en\/wp-json\/wp\/v2\/posts"}],"about":[{"href":"https:\/\/www.czechcyclingfederation.com\/en\/wp-json\/wp\/v2\/types\/post"}],"author":[{"embeddable":true,"href":"https:\/\/www.czechcyclingfederation.com\/en\/wp-json\/wp\/v2\/users\/8"}],"replies":[{"embeddable":true,"href":"https:\/\/www.czechcyclingfederation.com\/en\/wp-json\/wp\/v2\/comments?post=32059"}],"version-history":[{"count":1,"href":"https:\/\/www.czechcyclingfederation.com\/en\/wp-json\/wp\/v2\/posts\/32059\/revisions"}],"predecessor-version":[{"id":32062,"href":"https:\/\/www.czechcyclingfederation.com\/en\/wp-json\/wp\/v2\/posts\/32059\/revisions\/32062"}],"wp:featuredmedia":[{"embeddable":true,"href":"https:\/\/www.czechcyclingfederation.com\/en\/wp-json\/wp\/v2\/media\/32060"}],"wp:attachment":[{"href":"https:\/\/www.czechcyclingfederation.com\/en\/wp-json\/wp\/v2\/media?parent=32059"}],"wp:term":[{"taxonomy":"category","embeddable":true,"href":"https:\/\/www.czechcyclingfederation.com\/en\/wp-json\/wp\/v2\/categories?post=32059"},{"taxonomy":"post_tag","embeddable":true,"href":"https:\/\/www.czechcyclingfederation.com\/en\/wp-json\/wp\/v2\/tags?post=32059"}],"curies":[{"name":"wp","href":"https:\/\/api.w.org\/{rel}","templated":true}]}}