{"id":32054,"date":"2024-09-20T07:05:31","date_gmt":"2024-09-20T05:05:31","guid":{"rendered":"https:\/\/www.czechcyclingfederation.com\/?p=32054"},"modified":"2024-09-20T07:05:35","modified_gmt":"2024-09-20T05:05:35","slug":"cyklisty-ceka-ms-ve-svycarsku-vacek-jede-casovku-i-silnicni-zavod","status":"publish","type":"post","link":"https:\/\/www.czechcyclingfederation.com\/en\/cyklisty-ceka-ms-ve-svycarsku-vacek-jede-casovku-i-silnicni-zavod\/","title":{"rendered":"Cyklisty \u010dek\u00e1 MS ve \u0160v\u00fdcarsku, Vacek jede \u010dasovku i silni\u010dn\u00ed z\u00e1vod"},"content":{"rendered":"\n<p>Od ned\u011ble 22. z\u00e1\u0159\u00ed bude Curych hostit mistrovstv\u00ed sv\u011bta v silni\u010dn\u00ed a para cyklistice. V akci se b\u011bhem t\u00fddne p\u0159edstav\u00ed celkem 26 \u010desk\u00fdch reprezentant\u016f. V\u010detn\u011b <strong>Mathiase Vacka<\/strong>, kter\u00fd m\u00e1 za sebou Vueltu, kde skon\u010dil druh\u00fd ve dvou etap\u00e1ch. Ve \u0160v\u00fdcarsku se postav\u00ed na start \u010dasovky i silni\u010dn\u00edho z\u00e1vodu.<\/p>\n\n\n\n<p><em>\u201eUvid\u00edme, co s jeho t\u011blem ud\u011blala Vuelta, ale v\u011b\u0159\u00edm, \u017ee zejm\u00e9na v \u010dasovce m\u00e1 na hodn\u011b dobr\u00fd v\u00fdsledek. Na Vuelt\u011b zajel \u010dasovky skv\u011ble. Ne\u0159\u00edk\u00e1m, \u017ee jede pro medaili, to by asi byla trochu senzace, ale des\u00edtka je ur\u010dit\u011b re\u00e1ln\u00e1. Za m\u011b by to byl super v\u00fdsledek,\u201c<\/em> \u0159ekl reprezenta\u010dn\u00ed tren\u00e9r <strong>Petr Kaltofen<\/strong>.<\/p>\n\n\n\n<p>Vacek pak t\u00fdden po \u010dasovce bude l\u00eddrem \u010desk\u00e9ho t\u00fdmu v silni\u010dn\u00edm z\u00e1vod\u011b mu\u017esk\u00e9 elitn\u00ed kategorie. K ruce mu budou Otruba, Schlegel a Boro\u0161. V nominaci chyb\u00ed elitn\u00ed vrcha\u0159 Hirt, kter\u00e9ho zbrzdily zdravotn\u00ed probl\u00e9my a tren\u00e9rovi s&nbsp;p\u0159edstihem \u0159ekl, \u017ee by se nestihl dostat zp\u00e1tky do optim\u00e1ln\u00ed formy.<\/p>\n\n\n\n<p><em>\u201eBude to hodn\u011b t\u011b\u017ek\u00fd z\u00e1vod, v\u0161ichni mluv\u00ed o tom, \u017ee by m\u011bl vyhr\u00e1t n\u011bkdo z&nbsp;elitn\u00edch vrcha\u0159\u016f. Ale kdy\u017e to Vackovi sedne, m\u016f\u017ee p\u0159ekvapit. M\u00e1 k sob\u011b dob\u0159e poskl\u00e1dan\u00fd t\u00fdm, kluci se mu budou sna\u017eit maxim\u00e1ln\u011b pomoci,\u201c<\/em> p\u0159iznal tren\u00e9r.<\/p>\n\n\n\n<p>V&nbsp;\u017een\u00e1ch, kde na rozd\u00edl od mistrovstv\u00ed Evropy nen\u00ed samostatn\u00e1 kategorie U23, pojedou v&nbsp;\u010desk\u00e9m dresu <strong>Julia Kopeck\u00fd, Nikola Noskov\u00e1 a Barbora N\u011bmcov\u00e1.<\/strong> <em>\u201eM\u011blo by to sed\u011bt hlavn\u011b Nikole, kter\u00e9 se letos v&nbsp;kopc\u00edch da\u0159\u00ed. Jul\u010da i B\u00e1ra jsou hodn\u011b mlad\u00e9 a uvid\u00edme, co s&nbsp;nimi ten dlouh\u00fd z\u00e1vod ud\u011bl\u00e1,\u201c<\/em> \u0159ekl Kaltofen.<\/p>\n\n\n\n<figure class=\"wp-block-image size-large\"><img loading=\"lazy\" decoding=\"async\" width=\"1024\" height=\"683\" src=\"http:\/\/www.czechcyclingfederation.com\/wp-content\/uploads\/2024\/09\/MS-Limburg-Matyas-Kopecky-3-1024x683.jpg\" alt=\"\" class=\"wp-image-31987\" srcset=\"https:\/\/www.czechcyclingfederation.com\/wp-content\/uploads\/2024\/09\/MS-Limburg-Matyas-Kopecky-3-1024x683.jpg 1024w, https:\/\/www.czechcyclingfederation.com\/wp-content\/uploads\/2024\/09\/MS-Limburg-Matyas-Kopecky-3-300x200.jpg 300w, https:\/\/www.czechcyclingfederation.com\/wp-content\/uploads\/2024\/09\/MS-Limburg-Matyas-Kopecky-3-768x512.jpg 768w, https:\/\/www.czechcyclingfederation.com\/wp-content\/uploads\/2024\/09\/MS-Limburg-Matyas-Kopecky-3-1536x1024.jpg 1536w, https:\/\/www.czechcyclingfederation.com\/wp-content\/uploads\/2024\/09\/MS-Limburg-Matyas-Kopecky-3-2048x1365.jpg 2048w, https:\/\/www.czechcyclingfederation.com\/wp-content\/uploads\/2024\/09\/MS-Limburg-Matyas-Kopecky-3-1320x880.jpg 1320w\" sizes=\"auto, (max-width: 1024px) 100vw, 1024px\" \/><\/figure>\n\n\n\n<p>Dal\u0161\u00ed \u010deskou nad\u011bj\u00ed je <strong>Maty\u00e1\u0161 Kopeck\u00fd<\/strong> v kategorii U23. Na mistrovstv\u00ed Evropy skon\u010dil v silni\u010dn\u00edm z\u00e1vod\u011b p\u0159ed t\u00fddnem des\u00e1t\u00fd. <em>\u201eJe to excelentn\u00ed klasik\u00e1\u0159 a mysl\u00edm, \u017ee by ty kopce mohl p\u0159ejet. Nejsou tak dlouh\u00e9. Pak by mohl m\u00ed\u0159it hodn\u011b vysoko,\u201c<\/em> odhadoval tren\u00e9r.<\/p>\n\n\n\n<p class=\"has-medium-font-size\"><strong>\u0160ump\u00edk favoritem mezi juniory<\/strong><\/p>\n\n\n\n<p>Velk\u00e9 nad\u011bje bude \u010desk\u00e1 reprezentace vkl\u00e1dat i do juniorsk\u00fdch kategori\u00ed. <em>\u201ePavel \u0160ump\u00edk ur\u010dit\u011b pat\u0159\u00ed mezi favority. I s&nbsp;ohledem na v\u00fdsledky v&nbsp;sezon\u011b. Nakonec po dohod\u011b vynech\u00e1v\u00e1 \u010dasovku, aby se maxim\u00e1ln\u011b mohl koncentrovat na silni\u010dn\u00ed z\u00e1vod. Je to skv\u011bl\u00fd vrcha\u0159, tra\u0165 mu bude vyhovovat. To sam\u00e9 plat\u00ed pro Danielu Hezinovou v&nbsp;juniork\u00e1ch, kter\u00e9 kopce taky sed\u00ed,\u201c<\/em> doplnil tren\u00e9r reprezentace k&nbsp;ambic\u00edm.<\/p>\n\n\n\n<p class=\"has-medium-font-size\"><strong>Anto\u0161ov\u00e1 vypadla z&nbsp;nominace kv\u016fli zran\u011bn\u00ed<\/strong><\/p>\n\n\n\n<p>Mezi paracyklisty se v&nbsp;\u010desk\u00e9m dresu p\u0159edstav\u00ed b\u011bhem MS celkem p\u011bt \u010desk\u00fdch reprezentant\u016f v\u010detn\u011b t\u0159\u00ed \u00fa\u010dastn\u00edk\u016f paralympi\u00e1dy v&nbsp;Pa\u0159\u00ed\u017ei: <strong>Patrik Jahoda, Jind\u0159ich Ma\u0161\u00edn, Pavl\u00edna Vejvodov\u00e1, Ivo Koblasa a Jan Mo\u0161t\u011bk.<\/strong>&nbsp; Z&nbsp;nominace na posledn\u00ed chv\u00edli vypadla kv\u016fli zran\u011bn\u00ed handbikerka Kate\u0159ina Anto\u0161ov\u00e1, rovn\u011b\u017e \u00fa\u010dastnice paralympi\u00e1dy.<\/p>\n\n\n\n<p>V&nbsp;Pa\u0159\u00ed\u017ei startovali Patrik Jahoda, Jind\u0159ich Ma\u0161\u00edn a Pavl\u00edna Vejvodov\u00e1. <em>\u201ePo tom, co Pavl\u00edn\u011b Vejvodov\u00e9 t\u011bsn\u011b utekla medaile v \u010dasovce na paralympi\u00e1d\u011b, nejvy\u0161\u0161\u00ed o\u010dek\u00e1v\u00e1n\u00ed sm\u011b\u0159uj\u00ed pr\u00e1v\u011b k n\u00ed. Na Pavl\u00ednu \u010dek\u00e1 start v jej\u00ed kategorii T1, nikoliv ve slou\u010den\u00fdch T1-T2, jak tomu bylo v Pa\u0159\u00ed\u017ei,\u201c<\/em> uvedl mana\u017eer t\u00fdmu <strong>Vojt\u011bch Pavl\u00edk<\/strong>.<\/p>\n\n\n\n<p class=\"has-medium-font-size\"><strong>Nominace \u010desk\u00e9 reprezentace:<\/strong><\/p>\n\n\n\n<p class=\"has-medium-font-size\"><strong>Silni\u010dn\u00ed cyklistika<\/strong><\/p>\n\n\n\n<p><strong>Mu\u017ei: <\/strong>Mathias Vacek (\u010dasovka, silni\u010dn\u00ed z\u00e1vod), Jakub Otruba, Michal Schlegel, Michael Boro\u0161 (v\u0161. silni\u010dn\u00ed z\u00e1vod).<\/p>\n\n\n\n<p><strong>\u017deny:<\/strong> Nikola Noskov\u00e1, Julia Kopeck\u00fd, Barbora N\u011bmcov\u00e1 (v\u0161. silni\u010dn\u00ed z\u00e1vod).<\/p>\n\n\n\n<p><strong>Mu\u017ei U23: <\/strong>Daniel Rube\u0161 (\u010dasovka), Tom\u00e1\u0161 P\u0159idal (\u010dasovka a silni\u010dn\u00ed z\u00e1vod), Maty\u00e1\u0161 Kopeck\u00fd, Pavel Nov\u00e1k, Daniel Vyso\u010dan (v\u0161. silni\u010dn\u00ed z\u00e1vod).<\/p>\n\n\n\n<p><strong>Junio\u0159i: <\/strong>Pavel \u0160ump\u00edk, Mat\u011bj Pit\u00e1k, Adam Pe\u0161ek, Adam Bittman, \u0160t\u011bp\u00e1n Zah\u00e1lka (v\u0161. silni\u010dn\u00ed z\u00e1vod).<\/p>\n\n\n\n<p><strong>Juniorky: <\/strong>Nela Ka\u0148kovsk\u00e1 (\u010dasovka a silni\u010dn\u00ed z\u00e1vod), \u0160t\u011bp\u00e1nka Dubcov\u00e1, Daniela Hezinov\u00e1, Kate\u0159ina Doud\u011brov\u00e1 (v\u0161. silni\u010dn\u00ed z\u00e1vod).<\/p>\n\n\n\n<p class=\"has-medium-font-size\"><strong>Para cyklistika <\/strong><\/p>\n\n\n\n<p>(v\u0161ichni jedou \u010dasovku i silni\u010dn\u00ed z\u00e1vod)<\/p>\n\n\n\n<p><strong>Mu\u017ei: <\/strong>Patrik Jahoda(kategorie H1), Jind\u0159ich Ma\u0161\u00edn(T2), Ivo Koblasa (C2), Jan Mo\u0161t\u011bk (C3).<\/p>\n\n\n\n<p><strong>\u017deny: <\/strong>Pavl\u00edna Vejvodov\u00e1 (T1).<\/p>\n\n\n\n<p class=\"has-medium-font-size\"><strong>Program MS a \u010desk\u00e1 \u00fa\u010dast<\/strong><\/p>\n\n\n\n<p><strong>22. 9., <\/strong>12.00: <strong>\u010dasovka \u017een ELITE<\/strong> (bez \u010desk\u00e9 \u00fa\u010dasti), <strong>14.45: \u010dasovka mu\u017e\u016f ELITE<\/strong> (M. Vacek).<\/p>\n\n\n\n<p><strong>23. 9., <\/strong>9.15: <strong>\u010dasovka junior\u016f<\/strong> (bez \u010desk\u00e9 \u00fa\u010dasti), 14.45: <strong>\u010dasovka mu\u017e\u016f U23<\/strong> (Rube\u0161, P\u0159idal).<\/p>\n\n\n\n<p><strong>24. 9., <\/strong>8.30: <strong>\u010dasovka juniorek<\/strong> (Ka\u0148kovsk\u00e1), od 11.00: <strong>\u010dasovky para<\/strong> <strong>cyklistika<\/strong> (Jahoda, Koblasa, Mo\u0161t\u011bk, Ma\u0161\u00edn, Vejvodov\u00e1).<\/p>\n\n\n\n<p><strong>26. 9., <\/strong>10.00: <strong>silni\u010dn\u00ed z\u00e1vod juniorek<\/strong> (Ka\u0148kovsk\u00e1, Dubcov\u00e1, Hezinov\u00e1, Doud\u011brov\u00e1), 14.15: <strong>silni\u010dn\u00ed z\u00e1vod junior\u016f<\/strong> (\u0160ump\u00edk, Pit\u00e1k, Pe\u0161ek, Bittman, Zah\u00e1lka), od 9.00: <strong>silni\u010dn\u00ed z\u00e1vody para<\/strong> <strong>cyklistika<\/strong> (Jahoda, Mo\u0161t\u011bk).<\/p>\n\n\n\n<p><strong>27. 9., <\/strong>12.45: <strong>silni\u010dn\u00ed z\u00e1vod mu\u017e\u016f U23<\/strong> (P\u0159idal, M. Kopeck\u00fd, Nov\u00e1k, Vyso\u010dan), od 8.15: <strong>silni\u010dn\u00ed z\u00e1vody para<\/strong> (Koblasa, Ma\u0161\u00edn, Vejvodov\u00e1).<\/p>\n\n\n\n<p><strong>28. 9., <\/strong>12.45: <strong>silni\u010dn\u00ed z\u00e1vod \u017een<\/strong> (Noskov\u00e1, J. Kopeck\u00fd, N\u011bmcov\u00e1).<\/p>\n\n\n\n<p><strong>29. 9., <\/strong>10.30: <strong>silni\u010dn\u00ed z\u00e1vod mu\u017e\u016f<\/strong> (M. Vacek, Otruba, Schlegel, Boro\u0161).<\/p>\n\n\n\n<p>Foto: Jan Brychta a Filip Bezd\u011bk<\/p>\n","protected":false},"excerpt":{"rendered":"<p>Od ned\u011ble 22. z\u00e1\u0159\u00ed bude Curych hostit mistrovstv\u00ed sv\u011bta v silni\u010dn\u00ed a para cyklistice. V akci se b\u011bhem t\u00fddne p\u0159edstav\u00ed celkem 26 \u010desk\u00fdch reprezentant\u016f. V\u010detn\u011b Mathiase Vacka, kter\u00fd m\u00e1 za sebou Vueltu, kde skon\u010dil druh\u00fd ve dvou etap\u00e1ch. Ve \u0160v\u00fdcarsku se postav\u00ed na start \u010dasovky i silni\u010dn\u00edho z\u00e1vodu. \u201eUvid\u00edme, co s jeho t\u011blem ud\u011blala Vuelta, [&hellip;]<\/p>\n","protected":false},"author":15,"featured_media":32056,"comment_status":"closed","ping_status":"open","sticky":false,"template":"","format":"standard","meta":{"footnotes":""},"categories":[46,2],"tags":[11],"class_list":["post-32054","post","type-post","status-publish","format-standard","has-post-thumbnail","hentry","category-novinky-sportovni-centra","category-novinky","tag-silnice"],"_links":{"self":[{"href":"https:\/\/www.czechcyclingfederation.com\/en\/wp-json\/wp\/v2\/posts\/32054","targetHints":{"allow":["GET"]}}],"collection":[{"href":"https:\/\/www.czechcyclingfederation.com\/en\/wp-json\/wp\/v2\/posts"}],"about":[{"href":"https:\/\/www.czechcyclingfederation.com\/en\/wp-json\/wp\/v2\/types\/post"}],"author":[{"embeddable":true,"href":"https:\/\/www.czechcyclingfederation.com\/en\/wp-json\/wp\/v2\/users\/15"}],"replies":[{"embeddable":true,"href":"https:\/\/www.czechcyclingfederation.com\/en\/wp-json\/wp\/v2\/comments?post=32054"}],"version-history":[{"count":2,"href":"https:\/\/www.czechcyclingfederation.com\/en\/wp-json\/wp\/v2\/posts\/32054\/revisions"}],"predecessor-version":[{"id":32058,"href":"https:\/\/www.czechcyclingfederation.com\/en\/wp-json\/wp\/v2\/posts\/32054\/revisions\/32058"}],"wp:featuredmedia":[{"embeddable":true,"href":"https:\/\/www.czechcyclingfederation.com\/en\/wp-json\/wp\/v2\/media\/32056"}],"wp:attachment":[{"href":"https:\/\/www.czechcyclingfederation.com\/en\/wp-json\/wp\/v2\/media?parent=32054"}],"wp:term":[{"taxonomy":"category","embeddable":true,"href":"https:\/\/www.czechcyclingfederation.com\/en\/wp-json\/wp\/v2\/categories?post=32054"},{"taxonomy":"post_tag","embeddable":true,"href":"https:\/\/www.czechcyclingfederation.com\/en\/wp-json\/wp\/v2\/tags?post=32054"}],"curies":[{"name":"wp","href":"https:\/\/api.w.org\/{rel}","templated":true}]}}