{"id":32051,"date":"2024-09-19T15:02:49","date_gmt":"2024-09-19T13:02:49","guid":{"rendered":"https:\/\/www.czechcyclingfederation.com\/?p=32051"},"modified":"2024-09-19T15:02:52","modified_gmt":"2024-09-19T13:02:52","slug":"mathias-vacek-vsechna-koncentrace-po-vuelte-smeruje-k-mistrovstvi-sveta","status":"publish","type":"post","link":"https:\/\/www.czechcyclingfederation.com\/en\/mathias-vacek-vsechna-koncentrace-po-vuelte-smeruje-k-mistrovstvi-sveta\/","title":{"rendered":"Mathias Vacek: V\u0161echna koncentrace po Vuelt\u011b sm\u011b\u0159uje k mistrovstv\u00ed sv\u011bta"},"content":{"rendered":"\n<p>Mathias Vacek bude jedin\u00fdm \u010desk\u00fdm reprezentantem mezi elitou, kter\u00fd se p\u0159edstav\u00ed v \u010dasovce na mistrovstv\u00ed sv\u011bta ve \u0160v\u00fdcarsku. U\u017e nadch\u00e1zej\u00edc\u00ed ned\u011bli se v Curychu pokus\u00ed nav\u00e1zat na skv\u011bl\u00e1 p\u0159edstaven\u00ed z boje proti chronometru na \u0161pan\u011blsk\u00e9 Vuelt\u011b, kde absolvoval premi\u00e9ru na Grand Tour. O t\u00fdden pozd\u011bji pak bude v zemi pod Alpami \u010deskou jedni\u010dkou pro hromadn\u00fd z\u00e1vod.<\/p>\n\n\n\n<p><strong>S jak\u00fdmi ambicemi vstoup\u00edte do ned\u011bln\u00ed \u010dasovky dlouh\u00e9 46 kilometr\u016f?<\/strong><\/p>\n\n\n\n<p>Bude m\u00fdm hlavn\u00edm c\u00edlem na mistrovstv\u00ed sv\u011bta. Po Vuelt\u011b jsem si odpo\u010dinul. Necht\u011bl jsem jet hned mistrovstv\u00ed Evropy, proto\u017ee jsem byl v\u00e1\u017en\u011b unaven\u00fd. V\u0161echnu koncentraci pro zbytek sezony jsem napnul k \u0161ampion\u00e1tu. Pojedu n\u00e1sledn\u011b je\u0161t\u011b dva z\u00e1vody, ale absolutn\u00ed d\u016fraz kladu na p\u0159edstaven\u00ed ve \u0160v\u00fdcarsku. Snad v sob\u011b je\u0161t\u011b najdu dost s\u00edly. Je to atraktivn\u00ed \u010dasovka, p\u0159ev\u00fd\u0161en\u00ed je p\u0159es \u010dty\u0159i sta metr\u016f. D\u00e9lkou je podobn\u00e1 t\u00e9 z mistrovstv\u00ed republiky. Uprost\u0159ed je stoup\u00e1n\u00ed, pak se zase kles\u00e1 zp\u011bt do m\u011bsta. Jde o hodn\u011b zaj\u00edmav\u00fd profil, na n\u011bm\u017e podle m\u00e9ho maj\u00ed \u0161anci i cyklist\u00e9, kte\u0159\u00ed nejsou vylo\u017een\u011b specialist\u00e9 na \u010dasovku. P\u016fjde o dokonal\u00e9 rozlo\u017een\u00ed sil na tak dlouh\u00e9 trati.<\/p>\n\n\n\n<p><strong>O t\u00fdden pozd\u011bji v\u00e1s \u010dek\u00e1 na mistrovstv\u00ed sv\u011bta z\u00e1vod s hromadn\u00fdm startem na 273 kilometr\u016f, kde je p\u0159ev\u00fd\u0161en\u00ed 4291 v\u00fd\u0161kov\u00fdch metr\u016f. P\u016fjde o nejn\u00e1ro\u010dn\u011bj\u0161\u00ed \u0161ampion\u00e1t za posledn\u00ed roky?<\/strong><\/p>\n\n\n\n<p>Silni\u010dn\u00ed z\u00e1vod s v\u00fdrazn\u00fdm p\u0159ev\u00fd\u0161en\u00edm pojedou skv\u011bl\u00e1 jm\u00e9na jako Tadej Poga\u010dar, Primo\u017e Rogli\u010d \u010di Remco Evenepoel. V\u0161ichni se chystali speci\u00e1ln\u011b na \u0161ampion\u00e1t. Bude t\u011b\u017ek\u00e9 bojovat o nejvy\u0161\u0161\u00ed p\u0159\u00ed\u010dky v konkurenci velk\u00fdch reprezenta\u010dn\u00edch v\u00fdb\u011br\u016f, ale na silnici se m\u016f\u017ee st\u00e1t cokoliv.<\/p>\n\n\n\n<figure class=\"wp-block-image size-large\"><img loading=\"lazy\" decoding=\"async\" width=\"1024\" height=\"682\" src=\"http:\/\/www.czechcyclingfederation.com\/wp-content\/uploads\/2024\/07\/vacek-4-1024x682.jpg\" alt=\"\" class=\"wp-image-30848\" srcset=\"https:\/\/www.czechcyclingfederation.com\/wp-content\/uploads\/2024\/07\/vacek-4-1024x682.jpg 1024w, https:\/\/www.czechcyclingfederation.com\/wp-content\/uploads\/2024\/07\/vacek-4-300x200.jpg 300w, https:\/\/www.czechcyclingfederation.com\/wp-content\/uploads\/2024\/07\/vacek-4-768x511.jpg 768w, https:\/\/www.czechcyclingfederation.com\/wp-content\/uploads\/2024\/07\/vacek-4-1536x1022.jpg 1536w, https:\/\/www.czechcyclingfederation.com\/wp-content\/uploads\/2024\/07\/vacek-4-2048x1363.jpg 2048w, https:\/\/www.czechcyclingfederation.com\/wp-content\/uploads\/2024\/07\/vacek-4-1320x879.jpg 1320w\" sizes=\"auto, (max-width: 1024px) 100vw, 1024px\" \/><\/figure>\n\n\n\n<p><strong>Stihl jste si po Vuelt\u011b dostate\u010dn\u011b odpo\u010dinout?<\/strong><\/p>\n\n\n\n<p>\u00danava byla velik\u00e1. N\u00e1ro\u010dnost leto\u0161n\u00ed Vuelty byla extr\u00e9mn\u00ed. V ka\u017ed\u00e9 etap\u011b p\u0159ev\u00fd\u0161en\u00ed minim\u00e1ln\u011b dva tis\u00edce v\u00fd\u0161kov\u00fdch metr\u016f, to je t\u011b\u017ek\u00e9 p\u0159e\u017e\u00edt. Pro m\u00e9 t\u011blo to nav\u00edc bylo n\u011bco nov\u00e9ho. Ale \u010dekal jsem, \u017ee z hlediska \u00fanavy budu po z\u00e1vod\u011b v je\u0161t\u011b v\u011bt\u0161\u00ed krizi.<\/p>\n\n\n\n<p><strong>Skv\u011ble jste na Vuelt\u011b zvl\u00e1dl \u010dasovky. V \u00favodn\u00ed jste dojel druh\u00fd, v z\u00e1v\u011bre\u010dn\u00e9 \u0161est\u00fd. Jednalo se o velk\u00fd rozd\u00edl po devaten\u00e1cti etap\u00e1ch, kter\u00e9 peloton absolvoval p\u0159ed vyvrcholen\u00edm Grand Tour v Madridu?<\/strong><\/p>\n\n\n\n<p>Pro m\u011b se jednalo o prvn\u00ed Grand Tour a \u00fapln\u011b jsem nev\u011bd\u011bl, jak moje t\u011blo bude reagovat po t\u0159ech t\u00fddnech z\u00e1vodn\u00edho z\u00e1p\u0159ahu. U\u017e jsem byl dost unaven\u00fd. Rozjel jsem to jako prvn\u00ed den, ale u\u017e jsem byl na dn\u011b sv\u00fdch sil. Nav\u00edc z\u00e1v\u011bre\u010dn\u00e1 \u010dasovka byla del\u0161\u00ed o dvan\u00e1ct kilometr\u016f ne\u017e \u00favodn\u00ed. V\u00fdsledkem bylo \u0161est\u00e9 m\u00edsto.<\/p>\n\n\n\n<p><strong>Vozil jste b\u00edl\u00fd trikot nejlep\u0161\u00edho jezdce do 25 let, dvakr\u00e1t dojel v etap\u011b druh\u00fd, jednou \u010dtvrt\u00fd, p\u0159idal jste tak\u00e9 \u0161est\u00e9 a sedm\u00e9 m\u00edsto. Pos\u00edlil jste hodn\u011b svoji reputaci?<\/strong><\/p>\n\n\n\n<p>Postupn\u011b jsem vn\u00edmal, \u017ee jsem p\u0159ekvapil hodn\u011b z\u00e1vodn\u00edk\u016f. Nechci \u0159\u00edkat, \u017ee nev\u011bd\u011bli, kdo jsem. Ale na Grand Tour je dobr\u00fd v\u00fdsledek prost\u011b n\u011bco jin\u00e9ho. To je o level v\u00fd\u0161e. T\u0159eba v etap\u011b do Cordoby nikdo nepo\u010d\u00edtal, \u017ee dok\u00e1\u017eu p\u0159ejet kopec a je\u0161t\u011b bojovat o v\u00fdhru v etap\u011b. Bylo pak docela vtipn\u00e9 poslouchat, kdy\u017e si dal\u0161\u00ed den cyklist\u00e9 vykl\u00e1dali, co se na \u0161pici d\u011blo. Byl to dobr\u00fd pocit.<\/p>\n\n\n\n<figure class=\"wp-block-image size-large\"><img loading=\"lazy\" decoding=\"async\" width=\"1024\" height=\"683\" src=\"http:\/\/www.czechcyclingfederation.com\/wp-content\/uploads\/2024\/08\/vacek-vuelta-1024x683.jpg\" alt=\"\" class=\"wp-image-31290\" srcset=\"https:\/\/www.czechcyclingfederation.com\/wp-content\/uploads\/2024\/08\/vacek-vuelta-1024x683.jpg 1024w, https:\/\/www.czechcyclingfederation.com\/wp-content\/uploads\/2024\/08\/vacek-vuelta-300x200.jpg 300w, https:\/\/www.czechcyclingfederation.com\/wp-content\/uploads\/2024\/08\/vacek-vuelta-768x512.jpg 768w, https:\/\/www.czechcyclingfederation.com\/wp-content\/uploads\/2024\/08\/vacek-vuelta-1536x1024.jpg 1536w, https:\/\/www.czechcyclingfederation.com\/wp-content\/uploads\/2024\/08\/vacek-vuelta-1320x880.jpg 1320w, https:\/\/www.czechcyclingfederation.com\/wp-content\/uploads\/2024\/08\/vacek-vuelta.jpg 2048w\" sizes=\"auto, (max-width: 1024px) 100vw, 1024px\" \/><\/figure>\n\n\n\n<p><strong>Dok\u00e1\u017eete predikovat, jak\u00e1 Grand Tour v\u00e1s m\u016f\u017ee \u010dekat v p\u0159\u00ed\u0161t\u00ed sezon\u011b?<\/strong><\/p>\n\n\n\n<p>P\u0159\u00e1n\u00edm ka\u017ed\u00e9ho cyklisty je start na Tour de France. Kdybych jel Giro nebo Vueltu, nebudu se zlobit ani za jedno. Ale m\u00fdm snem je Tour de France.<\/p>\n\n\n\n<p><strong>A budete u\u017e v jin\u00e9 pozici? M\u016f\u017ee v\u00e1s Lidl-Trek pou\u017e\u00edt jako l\u00eddra pro celkov\u00e9 po\u0159ad\u00ed?<\/strong><\/p>\n\n\n\n<p>Z\u00e1vodn\u00edk mus\u00ed bitv\u011b o celkov\u00e9 po\u0159ad\u00ed na Grand Tour pod\u0159\u00eddit celou p\u0159\u00edpravu, b\u00fdt nastaven\u00fd \u00fapln\u011b jinak i psychicky. Mysl\u00edm, \u017ee je nere\u00e1ln\u00e9, abych bojoval o podium proti Rogli\u010dovi nebo Poga\u010darovi. Mo\u017en\u00e1 na men\u0161\u00edch etapov\u00fdch z\u00e1vodech, ale na Giru, Tour nebo Vuelt\u011b je\u0161t\u011b tenhle \u010das nep\u0159i\u0161el. Fyzicky jsem stav\u011bn\u00fd jinak ne\u017e vrcha\u0159i z top t\u00fdm\u016f. M\u011bl bych to neskute\u010dn\u011b t\u011b\u017ek\u00e9. Sp\u00ed\u0161 to vid\u00edm na bitvy o etapy, ne\u017e na celkov\u00e9 um\u00edst\u011bn\u00ed.<\/p>\n\n\n\n<p>Foto: Jan Brychta<\/p>\n","protected":false},"excerpt":{"rendered":"<p>Mathias Vacek bude jedin\u00fdm \u010desk\u00fdm reprezentantem mezi elitou, kter\u00fd se p\u0159edstav\u00ed v \u010dasovce na mistrovstv\u00ed sv\u011bta ve \u0160v\u00fdcarsku. U\u017e nadch\u00e1zej\u00edc\u00ed ned\u011bli se v Curychu pokus\u00ed nav\u00e1zat na skv\u011bl\u00e1 p\u0159edstaven\u00ed z boje proti chronometru na \u0161pan\u011blsk\u00e9 Vuelt\u011b, kde absolvoval premi\u00e9ru na Grand Tour. O t\u00fdden pozd\u011bji pak bude v zemi pod Alpami \u010deskou jedni\u010dkou pro hromadn\u00fd [&hellip;]<\/p>\n","protected":false},"author":30,"featured_media":30838,"comment_status":"closed","ping_status":"open","sticky":false,"template":"","format":"standard","meta":{"footnotes":""},"categories":[2],"tags":[11],"class_list":["post-32051","post","type-post","status-publish","format-standard","has-post-thumbnail","hentry","category-novinky","tag-silnice"],"_links":{"self":[{"href":"https:\/\/www.czechcyclingfederation.com\/en\/wp-json\/wp\/v2\/posts\/32051","targetHints":{"allow":["GET"]}}],"collection":[{"href":"https:\/\/www.czechcyclingfederation.com\/en\/wp-json\/wp\/v2\/posts"}],"about":[{"href":"https:\/\/www.czechcyclingfederation.com\/en\/wp-json\/wp\/v2\/types\/post"}],"author":[{"embeddable":true,"href":"https:\/\/www.czechcyclingfederation.com\/en\/wp-json\/wp\/v2\/users\/30"}],"replies":[{"embeddable":true,"href":"https:\/\/www.czechcyclingfederation.com\/en\/wp-json\/wp\/v2\/comments?post=32051"}],"version-history":[{"count":2,"href":"https:\/\/www.czechcyclingfederation.com\/en\/wp-json\/wp\/v2\/posts\/32051\/revisions"}],"predecessor-version":[{"id":32053,"href":"https:\/\/www.czechcyclingfederation.com\/en\/wp-json\/wp\/v2\/posts\/32051\/revisions\/32053"}],"wp:featuredmedia":[{"embeddable":true,"href":"https:\/\/www.czechcyclingfederation.com\/en\/wp-json\/wp\/v2\/media\/30838"}],"wp:attachment":[{"href":"https:\/\/www.czechcyclingfederation.com\/en\/wp-json\/wp\/v2\/media?parent=32051"}],"wp:term":[{"taxonomy":"category","embeddable":true,"href":"https:\/\/www.czechcyclingfederation.com\/en\/wp-json\/wp\/v2\/categories?post=32051"},{"taxonomy":"post_tag","embeddable":true,"href":"https:\/\/www.czechcyclingfederation.com\/en\/wp-json\/wp\/v2\/tags?post=32051"}],"curies":[{"name":"wp","href":"https:\/\/api.w.org\/{rel}","templated":true}]}}