{"id":32031,"date":"2024-09-17T14:51:13","date_gmt":"2024-09-17T12:51:13","guid":{"rendered":"https:\/\/www.czechcyclingfederation.com\/?p=32031"},"modified":"2024-09-17T21:57:39","modified_gmt":"2024-09-17T19:57:39","slug":"cyklokrosovy-brilon-racing-team-mb-rozsiril-svoji-sestavu","status":"publish","type":"post","link":"https:\/\/www.czechcyclingfederation.com\/en\/cyklokrosovy-brilon-racing-team-mb-rozsiril-svoji-sestavu\/","title":{"rendered":"Cyklokrosov\u00fd Brilon Racing Team MB roz\u0161\u00ed\u0159il svoji sestavu"},"content":{"rendered":"\n<p>Jedin\u00fd \u010desk\u00fd cyklokrosov\u00fd kontinent\u00e1ln\u00ed t\u00fdm Brilon Racing Team MB p\u0159ed novou sezonou v\u00fdrazn\u011b roz\u0161\u00ed\u0159il svoji sestavu, do n\u00ed\u017e p\u0159ibyli n\u011bkte\u0159\u00ed junio\u0159i a juniorky. &#8220;Minul\u00e1 sezona byla velice \u00fasp\u011b\u0161n\u00e1. Byli jsme vid\u011bt v ml\u00e1de\u017enick\u00fdch kategori\u00edch, ale i mezi dosp\u011bl\u00fdmi, sedm na\u0161ich cyklokrosa\u0159\u016f bylo na startu mistrovstv\u00ed sv\u011bta,&#8221; \u0159ekl na dne\u0161n\u00edm p\u0159edstaven\u00ed celku \u0161\u00e9f st\u00e1je Josef Hlad\u00edk.<\/p>\n\n\n\n<p>A tren\u00e9r V\u00e1clav Je\u017eek, kter\u00fd se p\u0159ev\u00e1\u017en\u011b v\u011bnuje pr\u00e1ci s\u00a0ml\u00e1de\u017e\u00ed, p\u0159idal. &#8220;O\u010dek\u00e1v\u00e1n\u00ed jsou velk\u00e1, byli bychom nad\u0161eni, kdybychom zopakovali v\u00fdsledky z minul\u00e9 sezony.&#8221; Pochopiteln\u011b nejv\u00edce spol\u00e9h\u00e1 na Krist\u00fdnu Zemanovou, medailistku z mistrovstv\u00ed Evropy i mistrovstv\u00ed sv\u011bta a dokonce ji vid\u00ed jako mo\u017enou sv\u011btovou \u0161ampionku v kategorii U23, v n\u00ed\u017e letos bude startovat naposledy. &#8220;Je to mo\u017en\u00e1 adeptka, ale to se teprve uvid\u00ed.\u201c<\/p>\n\n\n\n<p>Sama z\u00e1vodnice, o n\u00ed\u017e byl velk\u00fd z\u00e1jem ze zahrani\u010dn\u00edch st\u00e1j\u00ed, je se svoji p\u0159\u00edpravou velmi spokojena. &#8220;Z\u00e1jem m\u011bly velk\u00e9 t\u00fdmy, ale pro m\u011b je t\u011b\u017ek\u00e9 odej\u00edt z \u010ceska, m\u00e1m zde v\u00fdborn\u00e9 podm\u00ednky, z\u00e1zem\u00ed v t\u00fdmu i rodin\u011b. Zat\u00edm se mi kari\u00e9\u0159e st\u00e1le da\u0159\u00ed se lep\u0161it a uva\u017eovala bych o tom, kdyby tomu tak nebylo, ale zat\u00edm nikoliv. Dokud to funguje, tak nen\u00ed pot\u0159eba n\u011bco m\u011bnit,&#8221; zd\u016fraznila Zemanov\u00e1.<\/p>\n\n\n\n<p>V l\u00e9t\u011b jezdila na silnici, ale hlavn\u011b se v\u011bnovala mlad\u00e9 discipl\u00edn\u011b gravel. &#8220;Jsem mistryn\u011b \u010cR a nevy\u0161el mi jen jeden z\u00e1vod s\u00e9rie po n\u00e1ro\u010dn\u00e9 p\u0159\u00edprav\u011b. Je\u0161t\u011b m\u011b \u010dek\u00e1 mistrovstv\u00ed sv\u011bta 5. \u0159\u00edjna v Belgii a potom se ji\u017e zam\u011b\u0159\u00edm na cyklokros. Gravelov\u00fd \u0161ampion\u00e1t ale m\u011b\u0159\u00ed 134 kilometr\u016f a j\u00e1 tak dlouh\u00fd z\u00e1vod je\u0161t\u011b nejela. Ale zcela ur\u010dit\u011b to bude dobr\u00e1 p\u0159\u00edprava pro kros,&#8221; p\u0159idala Zemanov\u00e1.<\/p>\n\n\n\n<p>Mezi mu\u017ei by m\u011bl prapor t\u00fdmu dr\u017eet nejv\u00fd\u0161e V\u00e1clav Je\u017eek, ale jeho p\u0159\u00edpravu naru\u0161ilo zran\u011bn\u00ed. &#8220;Odjel jsem p\u00e1r z\u00e1vod\u016f na silnici, na B\u00edte\u0161i skon\u010dil des\u00e1t\u00fd a byl i v nominaci na Z\u00e1vod m\u00edru. P\u0159i jednom z tr\u00e9nink\u016f jsem v\u0161ak ve sjezdu trefil d\u00edru a pochroumal si koleno a p\u0159es dva m\u011bs\u00edce to bylo s tr\u00e9ninkem \u0161patn\u00e9. P\u0159\u00edpravu to ur\u010dit\u011b ovlivnilo, ale na cyklokrosov\u00e9 okruhy se zkus\u00edm vr\u00e1tit co nejsiln\u011bj\u0161\u00ed,&#8221; \u0159ekl V\u00e1clav Je\u017eek mlad\u0161\u00ed.&nbsp;&nbsp;&nbsp;&nbsp;&nbsp;&nbsp;&nbsp;&nbsp;<\/p>\n\n\n\n<p>Krom\u011b V\u00e1clava Je\u017eka, Krist\u00fdny Zemanov\u00e9, Barbory Je\u0159\u00e1bkov\u00e9 a Kate\u0159iny Hlad\u00edkov\u00e9 jsou pro nast\u00e1vaj\u00edc\u00ed sezonu v t\u00fdmu je\u0161t\u011b junio\u0159i Tom\u00e1\u0161 H\u00e1jek, Luk\u00e1\u0161 Kristl, Anton\u00edn John, Petr Mi\u0148ovsk\u00fd, David Svoboda, Robert Lang, Mat\u011bj Havelka, Eli\u00e1\u0161 Hofman a juniorky Veronika Sedl\u00e1\u010dkov\u00e1, Ad\u00e9la Str\u00e1nsk\u00e1 a Aneta Dlouh\u00e1.<\/p>\n","protected":false},"excerpt":{"rendered":"<p>Jedin\u00fd \u010desk\u00fd cyklokrosov\u00fd kontinent\u00e1ln\u00ed t\u00fdm Brilon Racing Team MB p\u0159ed novou sezonou v\u00fdrazn\u011b roz\u0161\u00ed\u0159il svoji sestavu, do n\u00ed\u017e p\u0159ibyli n\u011bkte\u0159\u00ed junio\u0159i a juniorky. &#8220;Minul\u00e1 sezona byla velice \u00fasp\u011b\u0161n\u00e1. Byli jsme vid\u011bt v ml\u00e1de\u017enick\u00fdch kategori\u00edch, ale i mezi dosp\u011bl\u00fdmi, sedm na\u0161ich cyklokrosa\u0159\u016f bylo na startu mistrovstv\u00ed sv\u011bta,&#8221; \u0159ekl na dne\u0161n\u00edm p\u0159edstaven\u00ed celku \u0161\u00e9f st\u00e1je Josef Hlad\u00edk. [&hellip;]<\/p>\n","protected":false},"author":8,"featured_media":32034,"comment_status":"closed","ping_status":"open","sticky":false,"template":"","format":"standard","meta":{"footnotes":""},"categories":[58,2],"tags":[59],"class_list":["post-32031","post","type-post","status-publish","format-standard","has-post-thumbnail","hentry","category-cyklokros","category-novinky","tag-cyklokros"],"_links":{"self":[{"href":"https:\/\/www.czechcyclingfederation.com\/en\/wp-json\/wp\/v2\/posts\/32031","targetHints":{"allow":["GET"]}}],"collection":[{"href":"https:\/\/www.czechcyclingfederation.com\/en\/wp-json\/wp\/v2\/posts"}],"about":[{"href":"https:\/\/www.czechcyclingfederation.com\/en\/wp-json\/wp\/v2\/types\/post"}],"author":[{"embeddable":true,"href":"https:\/\/www.czechcyclingfederation.com\/en\/wp-json\/wp\/v2\/users\/8"}],"replies":[{"embeddable":true,"href":"https:\/\/www.czechcyclingfederation.com\/en\/wp-json\/wp\/v2\/comments?post=32031"}],"version-history":[{"count":3,"href":"https:\/\/www.czechcyclingfederation.com\/en\/wp-json\/wp\/v2\/posts\/32031\/revisions"}],"predecessor-version":[{"id":32043,"href":"https:\/\/www.czechcyclingfederation.com\/en\/wp-json\/wp\/v2\/posts\/32031\/revisions\/32043"}],"wp:featuredmedia":[{"embeddable":true,"href":"https:\/\/www.czechcyclingfederation.com\/en\/wp-json\/wp\/v2\/media\/32034"}],"wp:attachment":[{"href":"https:\/\/www.czechcyclingfederation.com\/en\/wp-json\/wp\/v2\/media?parent=32031"}],"wp:term":[{"taxonomy":"category","embeddable":true,"href":"https:\/\/www.czechcyclingfederation.com\/en\/wp-json\/wp\/v2\/categories?post=32031"},{"taxonomy":"post_tag","embeddable":true,"href":"https:\/\/www.czechcyclingfederation.com\/en\/wp-json\/wp\/v2\/tags?post=32031"}],"curies":[{"name":"wp","href":"https:\/\/api.w.org\/{rel}","templated":true}]}}