{"id":32018,"date":"2024-09-15T20:27:11","date_gmt":"2024-09-15T18:27:11","guid":{"rendered":"https:\/\/www.czechcyclingfederation.com\/?p=32018"},"modified":"2024-09-15T20:27:14","modified_gmt":"2024-09-15T18:27:14","slug":"bittner-spurtoval-na-evrope-sedmy","status":"publish","type":"post","link":"https:\/\/www.czechcyclingfederation.com\/en\/bittner-spurtoval-na-evrope-sedmy\/","title":{"rendered":"Bittner spurtoval na Evrop\u011b sedm\u00fd"},"content":{"rendered":"\n<p><strong>\u010cesk\u00fd reprezentant Pavel Bittner vybojoval sedm\u00e9 m\u00edsto na mistrovstv\u00ed Evropy v silni\u010dn\u00ed cyklistice v belgick\u00e9m Limburgu. Po hromadn\u00e9m spurtu slavil titul dom\u00e1c\u00ed Tim Merlier p\u0159ed Nizozemcem Olavem Kooijem a Estoncem Madisem Mihkelsem.<\/strong><\/p>\n\n\n\n<p><em>&#8220;Kluci nechali na trati v\u0161echno. Adam \u0164oupal\u00edk se mnou z\u016fstal do \u00fapln\u00e9ho z\u00e1v\u011bru. V\u0161em d\u011bkuji, jak se pro m\u011b ob\u011btovali. P\u0159esto\u017ee jsme m\u011bli men\u0161\u00ed t\u00fdm, vybojovali jsme sedmou p\u0159\u00ed\u010dku. M\u011bl jsem po Vuelt\u011b dobr\u00e9 nohy. Mo\u017en\u00e1 kdybych ud\u011blal n\u011bjak\u00e9 v\u011bci tro\u0161ku jinak, mohl jsem b\u00fdt v top p\u011bt. Ale i tak jsem spokojen\u00fd,&#8221; <\/em>hodnotil vystoupen\u00ed na mistrovstv\u00ed Evropy Pavel Bittner.<\/p>\n\n\n\n<p>Z\u00e1vod se sna\u017eili kontrolovat reprezentanti It\u00e1lie pro Jonathana Milana, jen\u017ee nakonec nem\u011bli pozici ani v elitn\u00ed des\u00edtce. Slavili dom\u00e1c\u00ed Belgi\u010dan\u00e9. Zlat\u00fd Tim Merlier zvl\u00e1dl z\u00e1vod s p\u0159ev\u00fd\u0161en\u00edm 1224 v\u00fd\u0161kov\u00fdch metr\u016f pr\u016fm\u011brnou rychlost\u00ed 48,23 kilometr\u016f v hodin\u011b.<\/p>\n\n\n\n<figure class=\"wp-block-image size-full\"><img loading=\"lazy\" decoding=\"async\" width=\"800\" height=\"533\" src=\"http:\/\/www.czechcyclingfederation.com\/wp-content\/uploads\/2024\/09\/bittner-2.jpeg\" alt=\"\" class=\"wp-image-32022\" srcset=\"https:\/\/www.czechcyclingfederation.com\/wp-content\/uploads\/2024\/09\/bittner-2.jpeg 800w, https:\/\/www.czechcyclingfederation.com\/wp-content\/uploads\/2024\/09\/bittner-2-300x200.jpeg 300w, https:\/\/www.czechcyclingfederation.com\/wp-content\/uploads\/2024\/09\/bittner-2-768x512.jpeg 768w\" sizes=\"auto, (max-width: 800px) 100vw, 800px\" \/><\/figure>\n\n\n\n<p><em>&#8220;Z\u00e1vod byl hodn\u011b hektick\u00fd a m\u011bl ne\u010dekan\u00fd pr\u016fb\u011bh, kdy neodjela v\u011bt\u0161\u00ed skupina a nevytvo\u0159il se z\u00e1sadn\u00ed rozestup,&#8221;<\/em> komentoval bitvu o evropsk\u00e9 zlato Petr Kaltofen, tren\u00e9r \u010desk\u00e9 reprezentace.<\/p>\n\n\n\n<p><em>&#8220;Mysl\u00edm, \u017ee z\u00e1vod se na\u0161im kluk\u016fm povedl. Pavel Bittner cht\u011bl jet na zadn\u00edm kole Nora Kristoffa, co\u017e ud\u011blal. Pak u\u017e to bylo o absolutn\u00ed rychlosti. M\u00e1me pozici v elitn\u00ed des\u00edtce, s \u010d\u00edm\u017e jsme spokojeni,&#8221;<\/em> hodnotil Petr Kaltofen.<\/p>\n\n\n\n<p><strong>Silni\u010dn\u00ed z\u00e1vod mu\u017e\u016f (222,8 km)<\/strong>: 1. Merlier (Bel.) 4:37:09 hod., 2. Kooij (Niz.), 3. Mihkels (Est.), 4. Philipsen (Bel.), 5. Kristoff (Nor.), \u20267. P. Bittner, 24. A. \u0164oupal\u00edk stejn\u00fd \u010das, 59. Neuman +7:28 min., M. Zah\u00e1lka (v\u0161. \u010cR) nedokon\u010dil.<\/p>\n\n\n\n<p>Foto: Filip Bezd\u011bk<\/p>\n","protected":false},"excerpt":{"rendered":"<p>\u010cesk\u00fd reprezentant Pavel Bittner vybojoval sedm\u00e9 m\u00edsto na mistrovstv\u00ed Evropy v silni\u010dn\u00ed cyklistice v belgick\u00e9m Limburgu. Po hromadn\u00e9m spurtu slavil titul dom\u00e1c\u00ed Tim Merlier p\u0159ed Nizozemcem Olavem Kooijem a Estoncem Madisem Mihkelsem. &#8220;Kluci nechali na trati v\u0161echno. Adam \u0164oupal\u00edk se mnou z\u016fstal do \u00fapln\u00e9ho z\u00e1v\u011bru. V\u0161em d\u011bkuji, jak se pro m\u011b ob\u011btovali. P\u0159esto\u017ee jsme m\u011bli [&hellip;]<\/p>\n","protected":false},"author":30,"featured_media":32024,"comment_status":"closed","ping_status":"open","sticky":false,"template":"","format":"standard","meta":{"footnotes":""},"categories":[2],"tags":[11],"class_list":["post-32018","post","type-post","status-publish","format-standard","has-post-thumbnail","hentry","category-novinky","tag-silnice"],"_links":{"self":[{"href":"https:\/\/www.czechcyclingfederation.com\/en\/wp-json\/wp\/v2\/posts\/32018","targetHints":{"allow":["GET"]}}],"collection":[{"href":"https:\/\/www.czechcyclingfederation.com\/en\/wp-json\/wp\/v2\/posts"}],"about":[{"href":"https:\/\/www.czechcyclingfederation.com\/en\/wp-json\/wp\/v2\/types\/post"}],"author":[{"embeddable":true,"href":"https:\/\/www.czechcyclingfederation.com\/en\/wp-json\/wp\/v2\/users\/30"}],"replies":[{"embeddable":true,"href":"https:\/\/www.czechcyclingfederation.com\/en\/wp-json\/wp\/v2\/comments?post=32018"}],"version-history":[{"count":2,"href":"https:\/\/www.czechcyclingfederation.com\/en\/wp-json\/wp\/v2\/posts\/32018\/revisions"}],"predecessor-version":[{"id":32027,"href":"https:\/\/www.czechcyclingfederation.com\/en\/wp-json\/wp\/v2\/posts\/32018\/revisions\/32027"}],"wp:featuredmedia":[{"embeddable":true,"href":"https:\/\/www.czechcyclingfederation.com\/en\/wp-json\/wp\/v2\/media\/32024"}],"wp:attachment":[{"href":"https:\/\/www.czechcyclingfederation.com\/en\/wp-json\/wp\/v2\/media?parent=32018"}],"wp:term":[{"taxonomy":"category","embeddable":true,"href":"https:\/\/www.czechcyclingfederation.com\/en\/wp-json\/wp\/v2\/categories?post=32018"},{"taxonomy":"post_tag","embeddable":true,"href":"https:\/\/www.czechcyclingfederation.com\/en\/wp-json\/wp\/v2\/tags?post=32018"}],"curies":[{"name":"wp","href":"https:\/\/api.w.org\/{rel}","templated":true}]}}