{"id":32003,"date":"2024-09-15T12:57:11","date_gmt":"2024-09-15T10:57:11","guid":{"rendered":"https:\/\/www.czechcyclingfederation.com\/?p=32003"},"modified":"2024-09-15T16:12:25","modified_gmt":"2024-09-15T14:12:25","slug":"stepanka-dubcova-ma-bronz-z-me-daniela-hezinova-pata","status":"publish","type":"post","link":"https:\/\/www.czechcyclingfederation.com\/en\/stepanka-dubcova-ma-bronz-z-me-daniela-hezinova-pata\/","title":{"rendered":"\u0160t\u011bp\u00e1nka Dubcov\u00e1 m\u00e1 bronz z\u00a0ME, Daniela Hezinov\u00e1 p\u00e1t\u00e1!"},"content":{"rendered":"\n<p>Osmn\u00e1ctilet\u00e1 <strong>\u0160t\u011bp\u00e1nka Dubcov\u00e1<\/strong> se postarala o dosavadn\u00ed nejv\u011bt\u0161\u00ed \u010desk\u00fd \u00fasp\u011bch na mistrovstv\u00ed Evropy v&nbsp;silni\u010dn\u00ed cyklistice v&nbsp;belgick\u00e9m Limburgu, kdy\u017e v&nbsp;silni\u010dn\u00edm z\u00e1vod\u011b juniorek vybojovala bronz. V\u00fdborn\u00e9 vystoupen\u00ed \u010desk\u00fdch barev podtrhla p\u00e1t\u00fdm m\u00edstem <strong>Daniela Hezinov\u00e1<\/strong>.<\/p>\n\n\n\n<p><em>\u201eJe to obrovsk\u00fd \u00fasp\u011bch, jsem za to moc r\u00e1da. Z\u00e1vod byl dost stresov\u00fd, pln\u00fd p\u00e1d\u016f a dal\u0161\u00edch nebezpe\u010dn\u00fdch situac\u00ed. Bylo jasn\u00e9, \u017ee to na technick\u00e9 trati bude hlavn\u011b o pozic\u00edch. Na za\u010d\u00e1tku jsem se \u00fapln\u011b ide\u00e1ln\u011b nec\u00edtila, ale s&nbsp;postupem \u010dasu to bylo lep\u0161\u00ed a lep\u0161\u00ed. Byly jsme domluven\u00e9, \u017ee kdy\u017e dojde na spurt, Dan\u010da Hezinov\u00e1 mi to rozjede a ono to klaplo. Dan\u010da z&nbsp;toho je\u0161t\u011b byla p\u00e1t\u00e1, tak\u017ee to dopadlo skv\u011ble,\u201c <\/em>\u0159ekla Dubcov\u00e1.<\/p>\n\n\n\n<figure class=\"wp-block-image size-large\"><img loading=\"lazy\" decoding=\"async\" width=\"1024\" height=\"683\" src=\"https:\/\/www.czechcyclingfederation.com\/wp-content\/uploads\/2024\/09\/dubcova-2-1024x683.jpg\" alt=\"\" class=\"wp-image-32006\" srcset=\"https:\/\/www.czechcyclingfederation.com\/wp-content\/uploads\/2024\/09\/dubcova-2-1024x683.jpg 1024w, https:\/\/www.czechcyclingfederation.com\/wp-content\/uploads\/2024\/09\/dubcova-2-300x200.jpg 300w, https:\/\/www.czechcyclingfederation.com\/wp-content\/uploads\/2024\/09\/dubcova-2-768x512.jpg 768w, https:\/\/www.czechcyclingfederation.com\/wp-content\/uploads\/2024\/09\/dubcova-2-1536x1024.jpg 1536w, https:\/\/www.czechcyclingfederation.com\/wp-content\/uploads\/2024\/09\/dubcova-2-2048x1366.jpg 2048w, https:\/\/www.czechcyclingfederation.com\/wp-content\/uploads\/2024\/09\/dubcova-2-1320x880.jpg 1320w\" sizes=\"auto, (max-width: 1024px) 100vw, 1024px\" \/><\/figure>\n\n\n\n<p>Spokojen byl i reprezenta\u010dn\u00ed tren\u00e9r <strong>Petr Kaltofen<\/strong>: <em>\u201eKone\u010dn\u011b jsme prolomili sm\u016flu, kter\u00e1 n\u00e1s na Evrop\u011b prov\u00e1z\u00ed. Nevyhnuli jsme se p\u00e1d\u016fm jak v&nbsp;kategorii junior\u016f, tak v&nbsp;obou z\u00e1vodech U23 i mezi \u017eenami,\u201c <\/em>p\u0159iznal tren\u00e9r.<\/p>\n\n\n\n<p><em>\u201eHolky dnes jezdily aktivn\u011b. Cht\u011bli jsme m\u00edt zastoupen\u00ed ve skupin\u00e1ch, pokud n\u011bkdo odjede, a p\u0159ipravit co nejlep\u0161\u00ed pozici pro l\u00eddry. Peloton jezdil v\u011bt\u0161inu z\u00e1vodu pohromad\u011b a bylo domluveno, \u017ee z\u00e1v\u011br zkus\u00edme na \u0160t\u011bp\u00e1nku. Taktika se vyplatila. M\u00e1me bronz a p\u00e1t\u00e9 m\u00edsto, tak\u017ee maxim\u00e1ln\u00ed spokojenost,\u201c<\/em> uvedl Kaltofen.<\/p>\n\n\n\n<figure class=\"wp-block-image size-large\"><img loading=\"lazy\" decoding=\"async\" width=\"1024\" height=\"683\" src=\"https:\/\/www.czechcyclingfederation.com\/wp-content\/uploads\/2024\/09\/dubcova-3-1024x683.jpg\" alt=\"\" class=\"wp-image-32008\" srcset=\"https:\/\/www.czechcyclingfederation.com\/wp-content\/uploads\/2024\/09\/dubcova-3-1024x683.jpg 1024w, https:\/\/www.czechcyclingfederation.com\/wp-content\/uploads\/2024\/09\/dubcova-3-300x200.jpg 300w, https:\/\/www.czechcyclingfederation.com\/wp-content\/uploads\/2024\/09\/dubcova-3-768x512.jpg 768w, https:\/\/www.czechcyclingfederation.com\/wp-content\/uploads\/2024\/09\/dubcova-3-1536x1024.jpg 1536w, https:\/\/www.czechcyclingfederation.com\/wp-content\/uploads\/2024\/09\/dubcova-3-2048x1365.jpg 2048w, https:\/\/www.czechcyclingfederation.com\/wp-content\/uploads\/2024\/09\/dubcova-3-1320x880.jpg 1320w\" sizes=\"auto, (max-width: 1024px) 100vw, 1024px\" \/><\/figure>\n\n\n\n<p><em>\u201eZ\u00e1vod byl hodn\u011b rychl\u00fd. Zkou\u0161ela jsem nastoupit a odjet, p\u0159esto\u017ee okruh na to nebyl \u00fapln\u011b d\u011blan\u00fd. Ka\u017ed\u00fd n\u00e1stup p\u0159id\u00e1val tlak na sprintery. Jednou jsme byly odjet\u00e9 v docela dobr\u00e9 sestav\u011b, ale \u0160pan\u011blky p\u0159it\u00e1hly bal\u00edk zp\u00e1tky. Kdy\u017e bylo jasn\u00e9, \u017ee se bude spurtovat, pomohla jsem \u0160t\u011bp\u00e1nce. Ale bylo to hodn\u011b hektick\u00e9, ne\u0161lo ud\u011blat n\u011bjak\u00fd vl\u00e1\u010dek. Uk\u00e1zaly jsme, \u017ee \u010desk\u00e9 juniorky pat\u0159\u00ed mezi evropskou \u0161pi\u010dku<\/em>,<em>\u201c<\/em> prohl\u00e1sila Daniela Hezinov\u00e1, kter\u00e1 spurtovala p\u00e1t\u00e1.<\/p>\n\n\n\n<p><strong>Silni\u010dn\u00ed z\u00e1vod juniorek <\/strong>(72,9 km): 1. Langenbargov\u00e1 (Niz.) 1:43:15, 2. Br\u00e4utigamov\u00e1 (N\u011bm.), <strong>3. Dubcov\u00e1 (\u010cR), <\/strong>4. Geryov\u00e1 (Fr.), <strong>5. Hezinov\u00e1 (\u010cR), \u2026 21. Doud\u011brov\u00e1 <\/strong>v\u0161. stejn\u00fd \u010das, <strong>71. Ka\u0148kovsk\u00e1 <\/strong>(v\u0161. \u010cR) +8:26.<\/p>\n\n\n\n<p>Foto: Filip Bezd\u011bk<\/p>\n\n\n\n<p><\/p>\n","protected":false},"excerpt":{"rendered":"<p>Osmn\u00e1ctilet\u00e1 \u0160t\u011bp\u00e1nka Dubcov\u00e1 se postarala o dosavadn\u00ed nejv\u011bt\u0161\u00ed \u010desk\u00fd \u00fasp\u011bch na mistrovstv\u00ed Evropy v&nbsp;silni\u010dn\u00ed cyklistice v&nbsp;belgick\u00e9m Limburgu, kdy\u017e v&nbsp;silni\u010dn\u00edm z\u00e1vod\u011b juniorek vybojovala bronz. V\u00fdborn\u00e9 vystoupen\u00ed \u010desk\u00fdch barev podtrhla p\u00e1t\u00fdm m\u00edstem Daniela Hezinov\u00e1. \u201eJe to obrovsk\u00fd \u00fasp\u011bch, jsem za to moc r\u00e1da. Z\u00e1vod byl dost stresov\u00fd, pln\u00fd p\u00e1d\u016f a dal\u0161\u00edch nebezpe\u010dn\u00fdch situac\u00ed. Bylo jasn\u00e9, \u017ee to [&hellip;]<\/p>\n","protected":false},"author":15,"featured_media":32004,"comment_status":"closed","ping_status":"open","sticky":false,"template":"","format":"standard","meta":{"footnotes":""},"categories":[2],"tags":[11],"class_list":["post-32003","post","type-post","status-publish","format-standard","has-post-thumbnail","hentry","category-novinky","tag-silnice"],"_links":{"self":[{"href":"https:\/\/www.czechcyclingfederation.com\/en\/wp-json\/wp\/v2\/posts\/32003","targetHints":{"allow":["GET"]}}],"collection":[{"href":"https:\/\/www.czechcyclingfederation.com\/en\/wp-json\/wp\/v2\/posts"}],"about":[{"href":"https:\/\/www.czechcyclingfederation.com\/en\/wp-json\/wp\/v2\/types\/post"}],"author":[{"embeddable":true,"href":"https:\/\/www.czechcyclingfederation.com\/en\/wp-json\/wp\/v2\/users\/15"}],"replies":[{"embeddable":true,"href":"https:\/\/www.czechcyclingfederation.com\/en\/wp-json\/wp\/v2\/comments?post=32003"}],"version-history":[{"count":2,"href":"https:\/\/www.czechcyclingfederation.com\/en\/wp-json\/wp\/v2\/posts\/32003\/revisions"}],"predecessor-version":[{"id":32013,"href":"https:\/\/www.czechcyclingfederation.com\/en\/wp-json\/wp\/v2\/posts\/32003\/revisions\/32013"}],"wp:featuredmedia":[{"embeddable":true,"href":"https:\/\/www.czechcyclingfederation.com\/en\/wp-json\/wp\/v2\/media\/32004"}],"wp:attachment":[{"href":"https:\/\/www.czechcyclingfederation.com\/en\/wp-json\/wp\/v2\/media?parent=32003"}],"wp:term":[{"taxonomy":"category","embeddable":true,"href":"https:\/\/www.czechcyclingfederation.com\/en\/wp-json\/wp\/v2\/categories?post=32003"},{"taxonomy":"post_tag","embeddable":true,"href":"https:\/\/www.czechcyclingfederation.com\/en\/wp-json\/wp\/v2\/tags?post=32003"}],"curies":[{"name":"wp","href":"https:\/\/api.w.org\/{rel}","templated":true}]}}