{"id":3199,"date":"2021-01-11T14:14:25","date_gmt":"2021-01-11T13:14:25","guid":{"rendered":"http:\/\/www.czechcyclingfederation.com\/?p=3199"},"modified":"2021-01-11T14:14:25","modified_gmt":"2021-01-11T13:14:25","slug":"volte-zde-jsou-vsechny-navrhy-nove-podoby-koruny-pro-krale-cyklistiky","status":"publish","type":"post","link":"https:\/\/www.czechcyclingfederation.com\/en\/volte-zde-jsou-vsechny-navrhy-nove-podoby-koruny-pro-krale-cyklistiky\/","title":{"rendered":"Volte! Zde jsou v\u0161echny n\u00e1vrhy nov\u00e9 podoby koruny pro Kr\u00e1le cyklistiky"},"content":{"rendered":"\n<p>Cel\u00fd uplynul\u00fd t\u00fdden jsme V\u00e1m na na\u0161ich soci\u00e1ln\u00edch s\u00edt\u00edch p\u0159edstavovali studentsk\u00e9 n\u00e1vrhy nov\u00e9 koruny pro Kr\u00e1le cyklistiky.<\/p>\n\n\n\n<p><\/p>\n\n\n\n<p>Nyn\u00ed V\u00e1m je kompletn\u011b p\u0159edstavujeme i zde. Pokud se chcete zapojit (a my budeme moc r\u00e1di) do volby v\u00edt\u011bzn\u00e9ho n\u00e1vrhu, hlasujte pros\u00edm do st\u0159edy 13. 1. a to bu\u010f pod p\u0159\u00edsp\u011bvek na na\u0161em <a href=\"https:\/\/www.instagram.com\/p\/CJ3nxKiH15s\/\">IG<\/a> nebo <a href=\"https:\/\/www.facebook.com\/czechcyclingfederation\/photos\/a.1834766003271789\/3625893374159034\">FB<\/a> a nebo na n\u00e1\u0161 email <a href=\"mailto:info@ceskysvazcyklistiky.cz\">info@ceskysvazcyklistiky.cz<\/a> <\/p>\n\n\n\n<p><\/p>\n\n\n\n<figure class=\"wp-block-image size-large\"><img loading=\"lazy\" decoding=\"async\" width=\"791\" height=\"246\" src=\"https:\/\/www.czechcyclingfederation.com\/wp-content\/uploads\/2021\/01\/julie-koh-1.png\" alt=\"\" class=\"wp-image-3207\" srcset=\"https:\/\/www.czechcyclingfederation.com\/wp-content\/uploads\/2021\/01\/julie-koh-1.png 791w, https:\/\/www.czechcyclingfederation.com\/wp-content\/uploads\/2021\/01\/julie-koh-1-300x93.png 300w, https:\/\/www.czechcyclingfederation.com\/wp-content\/uploads\/2021\/01\/julie-koh-1-768x239.png 768w\" sizes=\"auto, (max-width: 791px) 100vw, 791px\" \/><\/figure>\n\n\n\n<figure class=\"wp-block-image size-large\"><img loading=\"lazy\" decoding=\"async\" width=\"791\" height=\"243\" src=\"https:\/\/www.czechcyclingfederation.com\/wp-content\/uploads\/2021\/01\/v\u00edt-andr\u00e1\u0161ek-1.png\" alt=\"\" class=\"wp-image-3208\" srcset=\"https:\/\/www.czechcyclingfederation.com\/wp-content\/uploads\/2021\/01\/v\u00edt-andr\u00e1\u0161ek-1.png 791w, https:\/\/www.czechcyclingfederation.com\/wp-content\/uploads\/2021\/01\/v\u00edt-andr\u00e1\u0161ek-1-300x92.png 300w, https:\/\/www.czechcyclingfederation.com\/wp-content\/uploads\/2021\/01\/v\u00edt-andr\u00e1\u0161ek-1-768x236.png 768w\" sizes=\"auto, (max-width: 791px) 100vw, 791px\" \/><\/figure>\n\n\n\n<figure class=\"wp-block-image size-large\"><img loading=\"lazy\" decoding=\"async\" width=\"790\" height=\"246\" src=\"https:\/\/www.czechcyclingfederation.com\/wp-content\/uploads\/2021\/01\/lucie-pasty\u0159\u00edkov\u00e1-2.png\" alt=\"\" class=\"wp-image-3209\" srcset=\"https:\/\/www.czechcyclingfederation.com\/wp-content\/uploads\/2021\/01\/lucie-pasty\u0159\u00edkov\u00e1-2.png 790w, https:\/\/www.czechcyclingfederation.com\/wp-content\/uploads\/2021\/01\/lucie-pasty\u0159\u00edkov\u00e1-2-300x93.png 300w, https:\/\/www.czechcyclingfederation.com\/wp-content\/uploads\/2021\/01\/lucie-pasty\u0159\u00edkov\u00e1-2-768x239.png 768w\" sizes=\"auto, (max-width: 790px) 100vw, 790px\" \/><\/figure>\n\n\n\n<figure class=\"wp-block-image size-large\"><img loading=\"lazy\" decoding=\"async\" width=\"789\" height=\"245\" src=\"https:\/\/www.czechcyclingfederation.com\/wp-content\/uploads\/2021\/01\/tom\u00e1\u0161-vot\u0159el-2.png\" alt=\"\" class=\"wp-image-3212\" srcset=\"https:\/\/www.czechcyclingfederation.com\/wp-content\/uploads\/2021\/01\/tom\u00e1\u0161-vot\u0159el-2.png 789w, https:\/\/www.czechcyclingfederation.com\/wp-content\/uploads\/2021\/01\/tom\u00e1\u0161-vot\u0159el-2-300x93.png 300w, https:\/\/www.czechcyclingfederation.com\/wp-content\/uploads\/2021\/01\/tom\u00e1\u0161-vot\u0159el-2-768x238.png 768w\" sizes=\"auto, (max-width: 789px) 100vw, 789px\" \/><\/figure>\n\n\n\n<figure class=\"wp-block-image size-large\"><img loading=\"lazy\" decoding=\"async\" width=\"789\" height=\"242\" src=\"https:\/\/www.czechcyclingfederation.com\/wp-content\/uploads\/2021\/01\/vendula-\u0161pa\u010dkov\u00e1-1.png\" alt=\"\" class=\"wp-image-3211\" srcset=\"https:\/\/www.czechcyclingfederation.com\/wp-content\/uploads\/2021\/01\/vendula-\u0161pa\u010dkov\u00e1-1.png 789w, https:\/\/www.czechcyclingfederation.com\/wp-content\/uploads\/2021\/01\/vendula-\u0161pa\u010dkov\u00e1-1-300x92.png 300w, https:\/\/www.czechcyclingfederation.com\/wp-content\/uploads\/2021\/01\/vendula-\u0161pa\u010dkov\u00e1-1-768x236.png 768w\" sizes=\"auto, (max-width: 789px) 100vw, 789px\" \/><\/figure>\n","protected":false},"excerpt":{"rendered":"<p>Cel\u00fd uplynul\u00fd t\u00fdden jsme V\u00e1m na na\u0161ich soci\u00e1ln\u00edch s\u00edt\u00edch p\u0159edstavovali studentsk\u00e9 n\u00e1vrhy nov\u00e9 koruny pro Kr\u00e1le cyklistiky. Nyn\u00ed V\u00e1m je kompletn\u011b p\u0159edstavujeme i zde. Pokud se chcete zapojit (a my budeme moc r\u00e1di) do volby v\u00edt\u011bzn\u00e9ho n\u00e1vrhu, hlasujte pros\u00edm do st\u0159edy 13. 1. a to bu\u010f pod p\u0159\u00edsp\u011bvek na na\u0161em IG nebo FB a nebo [&hellip;]<\/p>\n","protected":false},"author":1,"featured_media":461,"comment_status":"closed","ping_status":"open","sticky":false,"template":"","format":"standard","meta":{"footnotes":""},"categories":[28,34,2],"tags":[131],"class_list":["post-3199","post","type-post","status-publish","format-standard","has-post-thumbnail","hentry","category-cesky-svaz-cyklistiky","category-kral-cyklistiky","category-novinky","tag-kral-cyklistiky"],"_links":{"self":[{"href":"https:\/\/www.czechcyclingfederation.com\/en\/wp-json\/wp\/v2\/posts\/3199","targetHints":{"allow":["GET"]}}],"collection":[{"href":"https:\/\/www.czechcyclingfederation.com\/en\/wp-json\/wp\/v2\/posts"}],"about":[{"href":"https:\/\/www.czechcyclingfederation.com\/en\/wp-json\/wp\/v2\/types\/post"}],"author":[{"embeddable":true,"href":"https:\/\/www.czechcyclingfederation.com\/en\/wp-json\/wp\/v2\/users\/1"}],"replies":[{"embeddable":true,"href":"https:\/\/www.czechcyclingfederation.com\/en\/wp-json\/wp\/v2\/comments?post=3199"}],"version-history":[{"count":8,"href":"https:\/\/www.czechcyclingfederation.com\/en\/wp-json\/wp\/v2\/posts\/3199\/revisions"}],"predecessor-version":[{"id":3219,"href":"https:\/\/www.czechcyclingfederation.com\/en\/wp-json\/wp\/v2\/posts\/3199\/revisions\/3219"}],"wp:featuredmedia":[{"embeddable":true,"href":"https:\/\/www.czechcyclingfederation.com\/en\/wp-json\/wp\/v2\/media\/461"}],"wp:attachment":[{"href":"https:\/\/www.czechcyclingfederation.com\/en\/wp-json\/wp\/v2\/media?parent=3199"}],"wp:term":[{"taxonomy":"category","embeddable":true,"href":"https:\/\/www.czechcyclingfederation.com\/en\/wp-json\/wp\/v2\/categories?post=3199"},{"taxonomy":"post_tag","embeddable":true,"href":"https:\/\/www.czechcyclingfederation.com\/en\/wp-json\/wp\/v2\/tags?post=3199"}],"curies":[{"name":"wp","href":"https:\/\/api.w.org\/{rel}","templated":true}]}}