{"id":31979,"date":"2024-09-13T19:44:50","date_gmt":"2024-09-13T17:44:50","guid":{"rendered":"https:\/\/www.czechcyclingfederation.com\/?p=31979"},"modified":"2024-09-13T20:04:12","modified_gmt":"2024-09-13T18:04:12","slug":"matyas-kopecky-desaty-v-silnicnim-zavode-na-me","status":"publish","type":"post","link":"https:\/\/www.czechcyclingfederation.com\/en\/matyas-kopecky-desaty-v-silnicnim-zavode-na-me\/","title":{"rendered":"Maty\u00e1\u0161 Kopeck\u00fd des\u00e1t\u00fd v\u00a0silni\u010dn\u00edm z\u00e1vod\u011b na ME"},"content":{"rendered":"\n<p>V\u00fdborn\u00fdm des\u00e1t\u00fdm m\u00edstem se bl\u00fdskl \u010desk\u00fd reprezentant <strong>Maty\u00e1\u0161 Kopeck\u00fd<\/strong> v&nbsp;silni\u010dn\u00edm z\u00e1vod\u011b kategorie mu\u017e\u016f U23 na mistrovstv\u00ed Evropy v&nbsp;belgick\u00e9m Limburgu. Postaral se o nejlep\u0161\u00ed \u010desk\u00fd v\u00fdsledek dne.<\/p>\n\n\n\n<p>Kopeck\u00fd, kter\u00fd \u017eije v&nbsp;Nizozemsku a p\u016fsob\u00ed v&nbsp;pro-kontinent\u00e1ln\u00edm t\u00fdmu <strong>Novo Nordisk<\/strong>, potvrdil pov\u011bst velmi dobr\u00e9ho klasik\u00e1\u0159e.<\/p>\n\n\n\n<p>Kdy\u017e se l\u00e1mal chleba a z&nbsp;pelotonu odjela \u010dtrn\u00e1cti\u010dlenn\u00e1 skupina, nechyb\u011bl v&nbsp;n\u00ed. Nikdo z&nbsp;hlavn\u00edho pole u\u017e se do boj\u016f o \u010deln\u00ed p\u0159\u00ed\u010dky zapojit nedok\u00e1zal.<\/p>\n\n\n\n<p>Titul vybojoval Nizozemec Huub Artz pot\u00e9, co se vedouc\u00ed skupina je\u0161t\u011b nad\u011blila, Kopeck\u00fd vyhr\u00e1l spurt p\u011bti\u010dlenn\u00e9 skupiny o des\u00e1t\u00e9 m\u00edsto.<\/p>\n\n\n\n<p><em>\u201eOd startu jsem se c\u00edtil dob\u0159e a v\u011bd\u011bl jsem, \u017ee se z\u00e1vod bude rozhodovat na kostk\u00e1ch. Kluci m\u011b tam dr\u017eeli dob\u0159e vp\u0159edu a\u017e na prvn\u00ed kostky a pak jsme odjeli. Pro m\u011b to byla skv\u011bl\u00e1 situace, ale ud\u011blal jsem chybu, kdy\u017e odjeli t\u0159i kluci, kte\u0159\u00ed to vydr\u017eeli a\u017e do c\u00edle. Pak jsem musel hr\u00e1t trochu poker a dokon\u010dil jsem na des\u00e1t\u00e9m m\u00edst\u011b. Cht\u011bl jsem v\u00edc, ale i takhle se u\u010d\u00edme,\u201c<\/em> \u0159ekl Maty\u00e1\u0161 Kopeck\u00fd.<\/p>\n\n\n\n<figure class=\"wp-block-image size-large\"><img loading=\"lazy\" decoding=\"async\" width=\"1024\" height=\"683\" src=\"https:\/\/www.czechcyclingfederation.com\/wp-content\/uploads\/2024\/09\/MS-Limburg-Matyas-Kopecky-2-1-1024x683.jpg\" alt=\"\" class=\"wp-image-31992\" srcset=\"https:\/\/www.czechcyclingfederation.com\/wp-content\/uploads\/2024\/09\/MS-Limburg-Matyas-Kopecky-2-1-1024x683.jpg 1024w, https:\/\/www.czechcyclingfederation.com\/wp-content\/uploads\/2024\/09\/MS-Limburg-Matyas-Kopecky-2-1-300x200.jpg 300w, https:\/\/www.czechcyclingfederation.com\/wp-content\/uploads\/2024\/09\/MS-Limburg-Matyas-Kopecky-2-1-768x512.jpg 768w, https:\/\/www.czechcyclingfederation.com\/wp-content\/uploads\/2024\/09\/MS-Limburg-Matyas-Kopecky-2-1-1536x1024.jpg 1536w, https:\/\/www.czechcyclingfederation.com\/wp-content\/uploads\/2024\/09\/MS-Limburg-Matyas-Kopecky-2-1-2048x1365.jpg 2048w, https:\/\/www.czechcyclingfederation.com\/wp-content\/uploads\/2024\/09\/MS-Limburg-Matyas-Kopecky-2-1-1320x880.jpg 1320w\" sizes=\"auto, (max-width: 1024px) 100vw, 1024px\" \/><\/figure>\n\n\n\n<p>Druh\u00fdm nejlep\u0161\u00edm \u010cechem v\u00a0z\u00e1vod\u011b byl<strong> 30. Maty\u00e1\u0161 Fiala, Daniel Vyso\u010dan <\/strong>dojel 73.,<strong> Daniel Mr\u00e1z <\/strong>87.,<strong> Jan Bittner a Daniel Rube\u0161 <\/strong>nedokon\u010dili.<\/p>\n\n\n\n<p class=\"has-medium-font-size\"><strong>Nela Slan\u00edkov\u00e1 v\u00a0\u00faniku dne<\/strong>, <strong>Barbora N\u011bmcov\u00e1 26.<\/strong><\/p>\n\n\n\n<p>Sm\u016flu m\u011bla <strong>Julia Kopeck\u00fd <\/strong>v\u00a0z\u00e1vod\u011b \u017een U23. Byla l\u00eddrem \u010dty\u0159\u010dlenn\u00e9 \u010desk\u00e9 sestavy, ale jej\u00ed nad\u011bje na solidn\u00ed v\u00fdsledek zhatil p\u00e1d zhruba 10 km p\u0159ed c\u00edlem, v n\u011bm\u017e z\u016fstala i <strong>Krist\u00fdna Burlov\u00e1.<\/strong><\/p>\n\n\n\n<p>Ale i tak byly \u010desk\u00e9 barvy, kter\u00e9 reprezentovaly je\u0161t\u011b <strong>Barbora N\u011bmcov\u00e1<\/strong> a <strong>Nela Slan\u00edkov\u00e1<\/strong>, v\u00a0z\u00e1vod\u011b vid\u011bt.<\/p>\n\n\n\n<figure class=\"wp-block-image size-large\"><img loading=\"lazy\" decoding=\"async\" width=\"1024\" height=\"683\" src=\"https:\/\/www.czechcyclingfederation.com\/wp-content\/uploads\/2024\/09\/zeny-U23-1024x683.jpg\" alt=\"\" class=\"wp-image-31980\" srcset=\"https:\/\/www.czechcyclingfederation.com\/wp-content\/uploads\/2024\/09\/zeny-U23-1024x683.jpg 1024w, https:\/\/www.czechcyclingfederation.com\/wp-content\/uploads\/2024\/09\/zeny-U23-300x200.jpg 300w, https:\/\/www.czechcyclingfederation.com\/wp-content\/uploads\/2024\/09\/zeny-U23-768x512.jpg 768w, https:\/\/www.czechcyclingfederation.com\/wp-content\/uploads\/2024\/09\/zeny-U23-1536x1024.jpg 1536w, https:\/\/www.czechcyclingfederation.com\/wp-content\/uploads\/2024\/09\/zeny-U23-2048x1365.jpg 2048w, https:\/\/www.czechcyclingfederation.com\/wp-content\/uploads\/2024\/09\/zeny-U23-1320x880.jpg 1320w\" sizes=\"auto, (max-width: 1024px) 100vw, 1024px\" \/><\/figure>\n\n\n\n<p>Teprve devaten\u00e1ctilet\u00e1 Slan\u00edkov\u00e1 se dostala do \u00faniku dne. Nejd\u0159\u00edv odjela s\u00a0D\u00e1nkou Holmovou, pak na \u010dele z\u016fstala sama. Ov\u0161em favoritky v\u00a0hlavn\u00edm poli v\u00a0z\u00e1v\u011bru z\u00e1vodu zrychlily a \u010desk\u00e1 reprezentantka byla asi 22 kilometr\u016f p\u0159ed c\u00edlem dojeta.<\/p>\n\n\n\n<figure class=\"wp-block-image size-large\"><img loading=\"lazy\" decoding=\"async\" width=\"1024\" height=\"683\" src=\"https:\/\/www.czechcyclingfederation.com\/wp-content\/uploads\/2024\/09\/slanikova-1024x683.jpg\" alt=\"\" class=\"wp-image-31983\" srcset=\"https:\/\/www.czechcyclingfederation.com\/wp-content\/uploads\/2024\/09\/slanikova-1024x683.jpg 1024w, https:\/\/www.czechcyclingfederation.com\/wp-content\/uploads\/2024\/09\/slanikova-300x200.jpg 300w, https:\/\/www.czechcyclingfederation.com\/wp-content\/uploads\/2024\/09\/slanikova-768x512.jpg 768w, https:\/\/www.czechcyclingfederation.com\/wp-content\/uploads\/2024\/09\/slanikova-1536x1024.jpg 1536w, https:\/\/www.czechcyclingfederation.com\/wp-content\/uploads\/2024\/09\/slanikova-2048x1365.jpg 2048w, https:\/\/www.czechcyclingfederation.com\/wp-content\/uploads\/2024\/09\/slanikova-1320x880.jpg 1320w\" sizes=\"auto, (max-width: 1024px) 100vw, 1024px\" \/><\/figure>\n\n\n\n<p>O medailistk\u00e1ch rozhodoval z\u00e1v\u011bre\u010dn\u00fd spurt, v\u00a0n\u011bm\u017e m\u011bla nejv\u00edce sil Holan\u010fanka Sofie van Rooijenov\u00e1. Nejlep\u0161\u00ed \u010ce\u0161kou byla 26. Barbora N\u011bmcov\u00e1 ve stejn\u00e9m \u010dase jako v\u00edt\u011bzka, v\u00a0pelotonu se po pohlcen\u00ed udr\u017eela i Nela Slan\u00edkov\u00e1, kter\u00e1 skon\u010dila na 31. m\u00edst\u011b.<\/p>\n\n\n\n<p><em>\u201eS Nel\u010dou jsme m\u011bli za \u00fakol nenechat ujet \u017e\u00e1dn\u00fd \u00fanik nebo se do n\u011bj aspo\u0148 dostat. To se Nel\u010de povedlo a 60 kilometr\u016f jela v&nbsp;\u00faniku s&nbsp;D\u00e1nkou! Posledn\u00edch 25 kilometr\u016f, kdy u\u017e byla dojeta, to za\u010dalo vypadat na spurt. C\u00edl byl jasn\u00fd, dov\u00e9zt tam na co nejlep\u0161\u00ed pozici Kiki Burlovou. Jen\u017ee 10 kilometr\u016f p\u0159ed c\u00edlem do\u0161lo k&nbsp;velk\u00e9mu p\u00e1du, kde byla jak Kiki tak Jul\u010da. Tak jsme se pak sna\u017eily zajet co nejlep\u0161\u00ed v\u00fdsledek my. Bohu\u017eel, j\u00e1 na ty spurty \u00fapln\u011b nejsem, tak\u017ee jsem s&nbsp;26. m\u00edstem celkem docela spokojena,\u201c <\/em>\u0159ekla \u00fa\u0159aduj\u00edc\u00ed mistryn\u011b republiky Barbora N\u011bmcov\u00e1.<\/p>\n\n\n\n<p><strong>V\u00fdsledky silni\u010dn\u00edch z\u00e1vod\u016f \u2013 mu\u017ei U23 <\/strong>(162 km): 1. Artz (Niz.) 3:22:33, 2. Behrens (N\u011bm.) stejn\u00fd \u010das, 3. Lozouet (Fr.) +10, 4. Wenzel (Luc.) +32, 5. Weiss (\u0160v\u00fdc.) +34, \u2026 <strong>10. M. Kopeck\u00fd <\/strong>+2:15, <strong>30. Fiala <\/strong>+2:48, <strong>73. Vyso\u010dan <\/strong>+2:55, <strong>87. Mr\u00e1z <\/strong>+3:08, <strong>J. Bittner, Rube\u0161 <\/strong>(v\u0161. \u010cR) nedokon\u010dili.<\/p>\n\n\n\n<p><strong>\u017deny U23 <\/strong>(101,4 km): 1. van Rooijenov\u00e1 2:26:231, 2. Sourenov\u00e1 (ob\u011b Niz.), 3. Gasparriniov\u00e1 (It.), 4. Jord\u00e1nov\u00e1 (Ma\u010f.), 5. Tveitov\u00e1 (Nor.) \u2026 <strong>26. N\u011bmcov\u00e1, 31. Slan\u00edkov\u00e1 <\/strong>v\u0161. stejn\u00fd \u010das, <strong>68. Burlov\u00e1 <\/strong>+1:42, <strong>J. Kopeck\u00fd <\/strong>(v\u0161. \u010cR) nedokon\u010dila.<\/p>\n\n\n\n<p>Foto: Filip Bezd\u011bk<\/p>\n","protected":false},"excerpt":{"rendered":"<p>V\u00fdborn\u00fdm des\u00e1t\u00fdm m\u00edstem se bl\u00fdskl \u010desk\u00fd reprezentant Maty\u00e1\u0161 Kopeck\u00fd v&nbsp;silni\u010dn\u00edm z\u00e1vod\u011b kategorie mu\u017e\u016f U23 na mistrovstv\u00ed Evropy v&nbsp;belgick\u00e9m Limburgu. Postaral se o nejlep\u0161\u00ed \u010desk\u00fd v\u00fdsledek dne. Kopeck\u00fd, kter\u00fd \u017eije v&nbsp;Nizozemsku a p\u016fsob\u00ed v&nbsp;pro-kontinent\u00e1ln\u00edm t\u00fdmu Novo Nordisk, potvrdil pov\u011bst velmi dobr\u00e9ho klasik\u00e1\u0159e. Kdy\u017e se l\u00e1mal chleba a z&nbsp;pelotonu odjela \u010dtrn\u00e1cti\u010dlenn\u00e1 skupina, nechyb\u011bl v&nbsp;n\u00ed. Nikdo z&nbsp;hlavn\u00edho pole [&hellip;]<\/p>\n","protected":false},"author":15,"featured_media":31987,"comment_status":"closed","ping_status":"open","sticky":false,"template":"","format":"standard","meta":{"footnotes":""},"categories":[2,1],"tags":[11],"class_list":["post-31979","post","type-post","status-publish","format-standard","has-post-thumbnail","hentry","category-novinky","category-uncategorized-cs","tag-silnice"],"_links":{"self":[{"href":"https:\/\/www.czechcyclingfederation.com\/en\/wp-json\/wp\/v2\/posts\/31979","targetHints":{"allow":["GET"]}}],"collection":[{"href":"https:\/\/www.czechcyclingfederation.com\/en\/wp-json\/wp\/v2\/posts"}],"about":[{"href":"https:\/\/www.czechcyclingfederation.com\/en\/wp-json\/wp\/v2\/types\/post"}],"author":[{"embeddable":true,"href":"https:\/\/www.czechcyclingfederation.com\/en\/wp-json\/wp\/v2\/users\/15"}],"replies":[{"embeddable":true,"href":"https:\/\/www.czechcyclingfederation.com\/en\/wp-json\/wp\/v2\/comments?post=31979"}],"version-history":[{"count":7,"href":"https:\/\/www.czechcyclingfederation.com\/en\/wp-json\/wp\/v2\/posts\/31979\/revisions"}],"predecessor-version":[{"id":31997,"href":"https:\/\/www.czechcyclingfederation.com\/en\/wp-json\/wp\/v2\/posts\/31979\/revisions\/31997"}],"wp:featuredmedia":[{"embeddable":true,"href":"https:\/\/www.czechcyclingfederation.com\/en\/wp-json\/wp\/v2\/media\/31987"}],"wp:attachment":[{"href":"https:\/\/www.czechcyclingfederation.com\/en\/wp-json\/wp\/v2\/media?parent=31979"}],"wp:term":[{"taxonomy":"category","embeddable":true,"href":"https:\/\/www.czechcyclingfederation.com\/en\/wp-json\/wp\/v2\/categories?post=31979"},{"taxonomy":"post_tag","embeddable":true,"href":"https:\/\/www.czechcyclingfederation.com\/en\/wp-json\/wp\/v2\/tags?post=31979"}],"curies":[{"name":"wp","href":"https:\/\/api.w.org\/{rel}","templated":true}]}}