{"id":31968,"date":"2024-09-12T16:36:30","date_gmt":"2024-09-12T14:36:30","guid":{"rendered":"https:\/\/www.czechcyclingfederation.com\/?p=31968"},"modified":"2024-09-17T14:41:26","modified_gmt":"2024-09-17T12:41:26","slug":"posledni-brilon-cup-z-bezpecnostnich-duvodu-zrusen","status":"publish","type":"post","link":"https:\/\/www.czechcyclingfederation.com\/en\/posledni-brilon-cup-z-bezpecnostnich-duvodu-zrusen\/","title":{"rendered":"Posledn\u00ed Brilon Cup z bezpe\u010dnostn\u00edch d\u016fvod\u016f zru\u0161en"},"content":{"rendered":"\n<p>V\u00e1\u017een\u00ed z\u00e1vodn\u00edci a p\u0159\u00edznivci,<\/p>\n\n\n\n<p>je n\u00e1m to l\u00edto, ale mus\u00edme v\u00e1m ozn\u00e1mit, \u017ee posledn\u00ed d\u00edl silni\u010dn\u00edho poh\u00e1ru ml\u00e1de\u017ee a \u017een Brilon Cup v Nov\u00e9m Mal\u00edn\u011b, napl\u00e1novan\u00fd na 15. 9., byl zru\u0161en z d\u016fvodu nep\u0159\u00edzniv\u00e9 p\u0159edpov\u011bdi po\u010das\u00ed. Bezpe\u010dnost \u00fa\u010dastn\u00edk\u016f je na\u0161\u00ed nejvy\u0161\u0161\u00ed prioritou a v sou\u010dasn\u00e9 situaci nen\u00ed mo\u017en\u00e9 zajistit bezpe\u010dn\u00e9 podm\u00ednky pro kon\u00e1n\u00ed z\u00e1vodu.<\/p>\n\n\n\n<p>V p\u0159\u00edpad\u011b ji\u017e uhrazen\u00e9ho startovn\u00e9ho pros\u00edm kontaktujte po\u0159adatele.<\/p>\n\n\n\n<p>Celkov\u00e9 po\u0159ad\u00ed poh\u00e1ru bude vyhl\u00e1\u0161eno podle dosavadn\u00edch v\u00fdsledk\u016f, forma p\u0159ed\u00e1n\u00ed ocen\u011bn\u00ed bude up\u0159esn\u011bna.<\/p>\n","protected":false},"excerpt":{"rendered":"<p>V\u00e1\u017een\u00ed z\u00e1vodn\u00edci a p\u0159\u00edznivci, je n\u00e1m to l\u00edto, ale mus\u00edme v\u00e1m ozn\u00e1mit, \u017ee posledn\u00ed d\u00edl silni\u010dn\u00edho poh\u00e1ru ml\u00e1de\u017ee a \u017een Brilon Cup v Nov\u00e9m Mal\u00edn\u011b, napl\u00e1novan\u00fd na 15. 9., byl zru\u0161en z d\u016fvodu nep\u0159\u00edzniv\u00e9 p\u0159edpov\u011bdi po\u010das\u00ed. Bezpe\u010dnost \u00fa\u010dastn\u00edk\u016f je na\u0161\u00ed nejvy\u0161\u0161\u00ed prioritou a v sou\u010dasn\u00e9 situaci nen\u00ed mo\u017en\u00e9 zajistit bezpe\u010dn\u00e9 podm\u00ednky pro kon\u00e1n\u00ed z\u00e1vodu. V [&hellip;]<\/p>\n","protected":false},"author":2,"featured_media":31969,"comment_status":"closed","ping_status":"open","sticky":false,"template":"","format":"standard","meta":{"footnotes":""},"categories":[2],"tags":[],"class_list":["post-31968","post","type-post","status-publish","format-standard","has-post-thumbnail","hentry","category-novinky"],"_links":{"self":[{"href":"https:\/\/www.czechcyclingfederation.com\/en\/wp-json\/wp\/v2\/posts\/31968","targetHints":{"allow":["GET"]}}],"collection":[{"href":"https:\/\/www.czechcyclingfederation.com\/en\/wp-json\/wp\/v2\/posts"}],"about":[{"href":"https:\/\/www.czechcyclingfederation.com\/en\/wp-json\/wp\/v2\/types\/post"}],"author":[{"embeddable":true,"href":"https:\/\/www.czechcyclingfederation.com\/en\/wp-json\/wp\/v2\/users\/2"}],"replies":[{"embeddable":true,"href":"https:\/\/www.czechcyclingfederation.com\/en\/wp-json\/wp\/v2\/comments?post=31968"}],"version-history":[{"count":1,"href":"https:\/\/www.czechcyclingfederation.com\/en\/wp-json\/wp\/v2\/posts\/31968\/revisions"}],"predecessor-version":[{"id":31971,"href":"https:\/\/www.czechcyclingfederation.com\/en\/wp-json\/wp\/v2\/posts\/31968\/revisions\/31971"}],"wp:featuredmedia":[{"embeddable":true,"href":"https:\/\/www.czechcyclingfederation.com\/en\/wp-json\/wp\/v2\/media\/31969"}],"wp:attachment":[{"href":"https:\/\/www.czechcyclingfederation.com\/en\/wp-json\/wp\/v2\/media?parent=31968"}],"wp:term":[{"taxonomy":"category","embeddable":true,"href":"https:\/\/www.czechcyclingfederation.com\/en\/wp-json\/wp\/v2\/categories?post=31968"},{"taxonomy":"post_tag","embeddable":true,"href":"https:\/\/www.czechcyclingfederation.com\/en\/wp-json\/wp\/v2\/tags?post=31968"}],"curies":[{"name":"wp","href":"https:\/\/api.w.org\/{rel}","templated":true}]}}