{"id":31896,"date":"2024-09-09T09:24:38","date_gmt":"2024-09-09T07:24:38","guid":{"rendered":"https:\/\/www.czechcyclingfederation.com\/?p=31896"},"modified":"2024-09-09T20:32:55","modified_gmt":"2024-09-09T18:32:55","slug":"velka-cena-hradce-kralove-pro-stocka","status":"publish","type":"post","link":"https:\/\/www.czechcyclingfederation.com\/en\/velka-cena-hradce-kralove-pro-stocka\/","title":{"rendered":"Velk\u00e1 cena Hradce Kr\u00e1lov\u00e9 pro \u0160to\u010dka"},"content":{"rendered":"\n<p>Tradi\u010dn\u00ed silni\u010dn\u00ed z\u00e1vod Velkou cenu Hradce Kr\u00e1lov\u00e9 kter\u00fd vyhr\u00e1l slovensk\u00fd jezdec Mat\u00fa\u0161 \u0160to\u010dek z t\u00fdmu ATT Investments. Z\u00e1vod se jel na 35 kol o celkov\u00e9 d\u00e9lce 42 kilometr\u016f a \u0160to\u010dek ve spurtu zdolal Tom\u00e1\u0161e Kaloj\u00edrose (Pierre Baguette) s n\u00edm\u017e jel v \u00faniku.<\/p>\n\n\n\n<p>Akce se konala v centru m\u011bsta na Masarykov\u011b n\u00e1m\u011bst\u00ed, kde si div\u00e1ci u\u017eili i b\u011b\u017eeck\u00e9 z\u00e1vody, z\u00e1vody v\u202fkolob\u011bhu, charitativn\u00ed z\u00e1vod pro d\u011bti a dal\u0161\u00ed akce a ve startovn\u00edm poli se se\u0161lo p\u0159es 400 z\u00e1vodn\u00edk\u016f a z\u00e1vodnic.<\/p>\n\n\n\n<p>V elitn\u00edm cyklistick\u00e9m z\u00e1vod\u011b se p\u0159edstavilo 10 t\u00fdm\u016f z cel\u00e9 republiky a konkurence byla op\u011bt vysok\u00e1 \u2013 na trati se potkali z\u00e1vodn\u00edci z Elkov Kasper, ATT Investments Team nebo po\u0159\u00e1daj\u00edc\u00ed st\u00e1j Rafkarna IDEA cycling team. Ze t\u0159et\u00edho m\u00edsta se radoval Richard Kobr z ACS Development.<\/p>\n\n\n\n<p>V\u00fdsledky:<\/p>\n\n\n\n<p>1. \u0160to\u010dek (SR\/ATT Investments) 57:50, 2. Kaloj\u00edros (Pierre Baguette) +7, 3. Rich. Kobr (ACS Development), 4. Kerl (TJ Auto \u0160koda Mlad\u00e1 Boleslav) oba +16, 5. Kuba (Elkov Kasper), 6. Mayer (KC Hlinsko) oba +18.<\/p>\n","protected":false},"excerpt":{"rendered":"<p>Tradi\u010dn\u00ed silni\u010dn\u00ed z\u00e1vod Velkou cenu Hradce Kr\u00e1lov\u00e9 kter\u00fd vyhr\u00e1l slovensk\u00fd jezdec Mat\u00fa\u0161 \u0160to\u010dek z t\u00fdmu ATT Investments. Z\u00e1vod se jel na 35 kol o celkov\u00e9 d\u00e9lce 42 kilometr\u016f a \u0160to\u010dek ve spurtu zdolal Tom\u00e1\u0161e Kaloj\u00edrose (Pierre Baguette) s n\u00edm\u017e jel v \u00faniku. Akce se konala v centru m\u011bsta na Masarykov\u011b n\u00e1m\u011bst\u00ed, kde si div\u00e1ci u\u017eili [&hellip;]<\/p>\n","protected":false},"author":8,"featured_media":31897,"comment_status":"closed","ping_status":"open","sticky":false,"template":"","format":"standard","meta":{"footnotes":""},"categories":[2,18],"tags":[11],"class_list":["post-31896","post","type-post","status-publish","format-standard","has-post-thumbnail","hentry","category-novinky","category-silnice","tag-silnice"],"_links":{"self":[{"href":"https:\/\/www.czechcyclingfederation.com\/en\/wp-json\/wp\/v2\/posts\/31896","targetHints":{"allow":["GET"]}}],"collection":[{"href":"https:\/\/www.czechcyclingfederation.com\/en\/wp-json\/wp\/v2\/posts"}],"about":[{"href":"https:\/\/www.czechcyclingfederation.com\/en\/wp-json\/wp\/v2\/types\/post"}],"author":[{"embeddable":true,"href":"https:\/\/www.czechcyclingfederation.com\/en\/wp-json\/wp\/v2\/users\/8"}],"replies":[{"embeddable":true,"href":"https:\/\/www.czechcyclingfederation.com\/en\/wp-json\/wp\/v2\/comments?post=31896"}],"version-history":[{"count":2,"href":"https:\/\/www.czechcyclingfederation.com\/en\/wp-json\/wp\/v2\/posts\/31896\/revisions"}],"predecessor-version":[{"id":31909,"href":"https:\/\/www.czechcyclingfederation.com\/en\/wp-json\/wp\/v2\/posts\/31896\/revisions\/31909"}],"wp:featuredmedia":[{"embeddable":true,"href":"https:\/\/www.czechcyclingfederation.com\/en\/wp-json\/wp\/v2\/media\/31897"}],"wp:attachment":[{"href":"https:\/\/www.czechcyclingfederation.com\/en\/wp-json\/wp\/v2\/media?parent=31896"}],"wp:term":[{"taxonomy":"category","embeddable":true,"href":"https:\/\/www.czechcyclingfederation.com\/en\/wp-json\/wp\/v2\/categories?post=31896"},{"taxonomy":"post_tag","embeddable":true,"href":"https:\/\/www.czechcyclingfederation.com\/en\/wp-json\/wp\/v2\/tags?post=31896"}],"curies":[{"name":"wp","href":"https:\/\/api.w.org\/{rel}","templated":true}]}}