{"id":3188,"date":"2021-01-09T15:32:13","date_gmt":"2021-01-09T14:32:13","guid":{"rendered":"http:\/\/www.czechcyclingfederation.com\/?p=3188"},"modified":"2021-01-09T15:32:13","modified_gmt":"2021-01-09T14:32:13","slug":"havlikova-ma-osmy-boros-ctvrty-cyklokrosovy-titul","status":"publish","type":"post","link":"https:\/\/www.czechcyclingfederation.com\/en\/havlikova-ma-osmy-boros-ctvrty-cyklokrosovy-titul\/","title":{"rendered":"Havl\u00edkov\u00e1 m\u00e1 osm\u00fd, Boro\u0161 \u010dtvrt\u00fd cyklokrosov\u00fd titul"},"content":{"rendered":"\n<p>Dom\u00e1c\u00ed cyklokrosov\u00fd \u0161ampion\u00e1t, kter\u00fd se dnes uskute\u010dnil ve st\u0159edo\u010desk\u00fdch Jabkenic\u00edch, p\u0159inesl tituly nejv\u011bt\u0161\u00edm favorit\u016fm. Nejprce Pavla Havl\u00edkov\u00e1 \u2026 si dojela ji\u017e pro rekordn\u00ed osm\u00e9 zlato, v\u00a0z\u00e1vod\u011b mu\u017e\u016f vyhr\u00e1l po\u010dtvrt\u00e9 Michael Boro\u0161 (\u010cEZ Cyklo team T\u00e1bor). Ten se na \u010desk\u00fd tr\u016fn vr\u00e1til po ro\u010dn\u00ed pauze, kdy\u017e p\u0159ed rokem skon\u010dil v\u00a0Ji\u010d\u00edn\u011b t\u0159et\u00ed. Spolu s n\u00edm brali medaile st\u0159\u00edbrn\u00fd Tom\u00e1\u0161 Paprstka (GAPP System &#8211; KOLOFIX MTB Racing Team) a t\u0159et\u00ed Josef Jel\u00ednek (Cyklostar Trek Pirelli), kter\u00fd byl nejlep\u0161\u00ed z jezdc\u016f U23.<\/p>\n\n\n\n<p>Start m\u011bl nejlep\u0161\u00ed Paprstka a Jel\u00ednek, vep\u0159edu byli i dal\u0161\u00ed jezdci kategorie U23 \u0160imon Van\u00ed\u010dek (\u010cEZ Cyklo Team T\u00e1bor) a Jakub \u0158\u00edman (Auto \u0160koda Mlad\u00e1 Boleslav). Hned prvn\u00ed p\u0159ek\u00e1\u017eky v\u0161ak znamenaly stop pro jednoho ze spolufavorit\u016f Adama \u0164oupal\u00edka (Elkov Kasper). Nejprve m\u011bl p\u00e1d po hned startu, kdy\u017e \u0161patn\u011b na\u0161l\u00e1pl ped\u00e1l a definitivn\u00ed konec p\u0159i\u0161el za necelou minutu, kdy\u017e po prvn\u00ed p\u0159esko\u010den\u00e9 kl\u00e1d\u011b do druh\u00e9 najel p\u0159\u00edmo, porou\u010del se p\u0159es \u0159id\u00edtka a zlomil p\u0159edn\u00ed kolo. T\u00edm pro n\u011bj z\u00e1vod skon\u010dil stejn\u011b jako sen o zisku druh\u00e9ho titulu.<\/p>\n\n\n\n<p>Boro\u0161 na posledn\u00edch sedmi \u0161ampion\u00e1tech st\u00e1l v\u017edy na stupn\u00edch v\u00edt\u011bz\u016f a dnes tuto s\u00e9rii prodlou\u017eil. Po vla\u017en\u011bj\u0161\u00edm za\u010d\u00e1tku, kdy\u017e v c\u00edli \u00favodn\u00edho kola byl \u0161est\u00fd, se ji\u017e ve druh\u00e9m kole propracoval do veden\u00ed. Nicm\u00e9n\u011b Paprstka, \u010dty\u0159n\u00e1sobn\u00fd v\u00edt\u011bz dom\u00e1c\u00edho poh\u00e1ru se vzd\u00e1t necht\u011bl, ale od t\u0159et\u00edho kola se mu Boro\u0161 p\u0159ece jen za\u010dal vzdalovat a p\u0159ed Paprstku se naopak dostal Jel\u00ednek.<\/p>\n\n\n\n<p>Boro\u0161 po podklouznut\u00ed p\u0159edn\u00edho kola ve t\u0159et\u00edm okruhu musel rovnat \u0159id\u00edtka a Jel\u00ednek s Paprstkou se p\u0159ed n\u011bj dostali. Zat\u00edmco Paprstku dok\u00e1zal Boro\u0161 p\u0159edjel vz\u00e1p\u011bt\u00ed, Jel\u00ednek na nic ne\u010dekal a uj\u00ed\u017ed\u011bl d\u00e1l s mal\u00fdm n\u00e1skokem. Ale i toto manko dok\u00e1zal Boro\u0161 zlikvidovat a pak si ji\u017e jel v poklidu pro nejcenn\u011bj\u0161\u00ed medaili. Sv\u016fj n\u00e1skok na velice fyzicky n\u00e1ro\u010dn\u00e9 trati navy\u0161oval pomalu, ale jist\u011b. Na druh\u00e9m m\u00edst\u011b se usadil po p\u0159ekon\u00e1n\u00ed mal\u00e9 krize Paprstka a neochv\u011bjn\u011b si po letech 2017 a 2019 dojel pro sv\u00e9 t\u0159et\u00ed st\u0159\u00edbro, ale spokojen byl jist\u011b i Jel\u00ednek, kter\u00fd po lo\u0148sk\u00e9m \u010dtvrt\u00e9m m\u00edst\u011b v Ji\u010d\u00edn\u011b z\u00edskal prvn\u00ed medaili mezi elitn\u00edmi jezdci.<\/p>\n\n\n\n<p>Obrovskou pochvalu ale jist\u011b zaslou\u017e\u00ed i dva na\u0161i nejlep\u0161\u00ed junio\u0159i Mat\u011bj Str\u00e1nsk\u00fd (IVAR CS &#8211; Author Team) a Pavel Jind\u0159ich (TJ Stadion Louny) startuj\u00edc\u00ed mimo z\u00e1vod. Dr\u017eeli se mezi t\u011bmi nejlep\u0161\u00edmi a kdy\u017e je po\u0159adatel\u00e9 odvol\u00e1vali t\u011bsn\u011b p\u0159ed c\u00edlem z trati, tak jeli na t\u0159et\u00edm resp. \u010dtvrt\u00e9m m\u00edst\u011b.<\/p>\n\n\n\n<p>&#8220;Jednoduch\u00e9 to ur\u010dit\u011b nebylo, tra\u0165 byla rozbl\u00e1cen\u00e1, fyzicky n\u00e1ro\u010dn\u00e1 a trestala ka\u017edou chybu. Dnes mi to ale sed\u011blo a nezpanika\u0159 jsem ani kdy\u017e jsem ve t\u0159et\u00edm kole p\u0159i\u0161el o veden\u00ed po podklouznut\u00ed. Pot\u00e9 co jsem si Tom\u00e1\u0161e a Pepu v t\u011b\u017ek\u00e9m \u00faseku dojel, tak jsem pokra\u010doval ji\u017e v klidu a soust\u0159edil se na svoji j\u00edzdu,&#8221; \u0159ekl v c\u00edli ji\u017e \u010dty\u0159n\u00e1sobn\u00fd \u0161ampion Michael Boro\u0161.<\/p>\n\n\n\n<p>Nest\u00e1rnouc\u00ed Havl\u00edkov\u00e1 op\u011bt kralovala. Poprv\u00e9 jedouc\u00ed v nov\u00e9m dresu celku LAWI junior team, vybojovala sv\u016fj ji\u017e osm\u00fd mistrovsk\u00fd titul a osamostatnila se tak na \u010dele medailov\u00e9ho po\u0159ad\u00ed, kdy\u017e dosud se se sedmi tituly o veden\u00ed d\u011blila s Radom\u00edrem \u0160im\u016fnkem star\u0161\u00edm a Zde\u0148kem \u0160tybarem.<\/p>\n\n\n\n<p>Obh\u00e1jkyn\u011b zlata Havl\u00edkov\u00e1 se hned po startu usadila na vedouc\u00ed pozici a dala soupe\u0159k\u00e1m jasn\u011b v\u011bd\u011bt, \u017ee je op\u011bt p\u0159ipraven\u00e1 bojovat o nejcenn\u011bj\u0161\u00ed medaili. A v c\u00edli prvn\u00edho okruhu se s n\u00ed dr\u017eela ji\u017e jen Nikola Noskov\u00e1 (SD Worx), kter\u00e1 si na \u0161ampion\u00e1t odsko\u010dila ze soust\u0159ed\u011bn\u00ed sv\u00e9ho t\u00fdmu ve \u0160pan\u011blsku. Pouze ony dv\u011b dok\u00e1zaly okruh dlouh\u00fd 2730 metr\u016f zajet po deset minut, t\u0159et\u00ed Karla \u0160\u0165\u011bp\u00e1nov\u00e1 (Maloja Pushbikers MTB) ji\u017e m\u011bla odstup 12 vte\u0159in.<\/p>\n\n\n\n<p>Ve druh\u00e9m se Noskov\u00e1 je\u0161t\u011b dr\u017eela Havl\u00edkov\u00e9, ale jejich n\u00e1skok na t\u0159et\u00ed \u0160t\u011bp\u00e1novou narostl na t\u00e9m\u011b\u0159 p\u016fl minuty, o dal\u0161\u00edch patn\u00e1ct vte\u0159in byly zp\u011bt obh\u00e1jkyn\u011b lo\u0148sk\u00e9ho st\u0159\u00edbra Nikola Bajgerov\u00e1 (Dukla Praha) a bikerka Tereza Tvar\u016f\u017ekov\u00e1 (Expres CZ- Tufo Team Kol\u00edn).<\/p>\n\n\n\n<p>Ve t\u0159et\u00edm okruhu z p\u011bti se ji\u017e Havl\u00edkov\u00e9 ale poda\u0159ilo trochu Noskov\u00e9 poodjet a v c\u00edli m\u011bla p\u0159ed n\u00ed k dobru deset vte\u0159in. P\u0159i n\u00e1jezdu do posledn\u00edho kola Havl\u00edkov\u00e1 zv\u00fd\u0161ila sv\u016fj n\u00e1skok p\u0159ed Noskovou na p\u016fl minuty a t\u0159et\u00ed \u0160t\u011bp\u00e1nov\u00e1 m\u011bla manko minutu dvacet. Sedmat\u0159icetilet\u00e1 Havl\u00edkov\u00e1 jako jedin\u00e1 st\u00e1le jezdila okruh pod deset minut a i ve sv\u00e9m v\u011bku mnohem mlad\u0161\u00ed soupe\u0159ky dr\u017eela s p\u0159ehledem za sv\u00fdmi z\u00e1dy.<\/p>\n\n\n\n<p>Mlad\u00e1 Van\u00ed\u010dkov\u00e1 si dob\u0159e rozvrhla sv\u00e9 s\u00edly a v posledn\u00edm kole zdramatizovala boj o bronz, kdy\u017e dok\u00e1zala dojet \u0160t\u011bp\u00e1novou. Ta si ale svoji premi\u00e9rovou medaili v cyklokrosu ji\u017e vz\u00edt necht\u011bla nechat. V z\u00e1v\u011bru okruhu dok\u00e1zala naj\u00edt zbytky sil a dojela si pro bronz.&nbsp;<\/p>\n\n\n\n<p>&#8220;J\u00e1 nev\u00edm co na to \u0159\u00edci, prost\u011b se to poda\u0159ilo. P\u0159ed startem jsem i v\u011b\u0159ila hodn\u011b, ale m\u011bla strach, abych to nezak\u0159ikla, jak se mi to n\u011bkolikr\u00e1t stalo. Cel\u00fd z\u00e1vod jsem myslela na t\u011b\u017ece zran\u011bn\u00e9 mechanika Michala Hengala a tento titul je p\u0159edev\u0161\u00edm pro n\u011bho. Byla jsem r\u00e1da, \u017ee tra\u0165 je n\u00e1ro\u010dn\u00e1 fyzicky i technicky. Jela jsem na jistotu a m\u011bla to cel\u00fd \u010das pod kontrolou,&#8221; \u0159ekla Pavla Havl\u00edkov\u00e1.<\/p>\n\n\n\n<p>&#8220;J\u00e1 jsem si na \u0161ampion\u00e1t jen odsko\u010dila, p\u0159ilet\u011bla jsem ze \u0160pan\u011blska a\u017e v\u010dera ve\u010der a v\u016fbec jsem ne\u010dekala, \u017ee bych mohla bojovat o medaili. Proto jsem hodn\u011b spokojen\u00e1, ke konci to bylo ji\u017e hodn\u011b n\u00e1ro\u010dn\u00e9. Z\u00e1vod jsem nebrala tak, \u017ee jedu pro zlato, nem\u011bla jsem na sebe \u017e\u00e1dn\u00fd tlak, byl to pro m\u011b z\u00e1vod o pohod\u011b a brala jsem jej hlavn\u011b jako zpest\u0159en\u00ed p\u0159ed n\u00e1ro\u010dn\u00fdm soust\u0159ed\u011bn\u00edm,&#8221; \u0159ekla Nikola Noskov\u00e1<\/p>\n\n\n\n<p>V\u00fdsledky:<\/p>\n\n\n\n<p>Mu\u017ei:<\/p>\n\n\n\n<p>Mu\u017ei:<\/p>\n\n\n\n<p>1. Boro\u0161 (\u010cEZ Cyklo team T\u00e1bor) 1:00:52, 2. Paprstka (GAPP System &#8211; KOLOFIX MTB Racing Team) +22, 3. Jel\u00ednek (Cyklostar Trek Pirelli) +1:04, 4. \u0158\u00edman (Auto \u0160koda Mlad\u00e1 Boleslav) +1:40, 5. J. \u0164oupal\u00edk (Elkov Kasper) 1:45, 6. Van\u00ed\u010dek (\u010cEZ Cyklo team T\u00e1bor) +3:26.<\/p>\n\n\n\n<p>V\u00fdsledky:<\/p>\n\n\n\n<p>\u017deny:<\/p>\n\n\n\n<p>1.Havl\u00edkov\u00e1 (LAWI junior team) 49:47, 2. Noskov\u00e1 (SD Worx) +51, 3. \u0160t\u011bp\u00e1nov\u00e1 (Maloja Pushbikers MTB) +1:34, 4. Van\u00ed\u010dkov\u00e1 (Brilon Racing Team Mb) +1:54, 5. Bajgerov\u00e1 (Dukla Praha) +2:17, 6. Tvar\u016f\u017ekov\u00e1 (Expres CZ- Tufo Team Kol\u00edn) +2:20.<\/p>\n\n\n\n<p>FOTO Ji\u0159\u00ed Hol\u00fd<\/p>\n\n\n\n<figure class=\"wp-block-image size-large\"><img loading=\"lazy\" decoding=\"async\" width=\"1024\" height=\"577\" src=\"https:\/\/www.czechcyclingfederation.com\/wp-content\/uploads\/2021\/01\/DSC9811-1024x577.jpg\" alt=\"\" class=\"wp-image-3190\" srcset=\"https:\/\/www.czechcyclingfederation.com\/wp-content\/uploads\/2021\/01\/DSC9811-1024x577.jpg 1024w, https:\/\/www.czechcyclingfederation.com\/wp-content\/uploads\/2021\/01\/DSC9811-300x169.jpg 300w, https:\/\/www.czechcyclingfederation.com\/wp-content\/uploads\/2021\/01\/DSC9811-768x433.jpg 768w, https:\/\/www.czechcyclingfederation.com\/wp-content\/uploads\/2021\/01\/DSC9811-1536x865.jpg 1536w, https:\/\/www.czechcyclingfederation.com\/wp-content\/uploads\/2021\/01\/DSC9811-2048x1154.jpg 2048w, https:\/\/www.czechcyclingfederation.com\/wp-content\/uploads\/2021\/01\/DSC9811-1320x744.jpg 1320w\" sizes=\"auto, (max-width: 1024px) 100vw, 1024px\" \/><\/figure>\n\n\n\n<figure class=\"wp-block-image size-large\"><img loading=\"lazy\" decoding=\"async\" width=\"1024\" height=\"577\" src=\"https:\/\/www.czechcyclingfederation.com\/wp-content\/uploads\/2021\/01\/DSC9721-1024x577.jpg\" alt=\"\" class=\"wp-image-3191\" srcset=\"https:\/\/www.czechcyclingfederation.com\/wp-content\/uploads\/2021\/01\/DSC9721-1024x577.jpg 1024w, https:\/\/www.czechcyclingfederation.com\/wp-content\/uploads\/2021\/01\/DSC9721-300x169.jpg 300w, https:\/\/www.czechcyclingfederation.com\/wp-content\/uploads\/2021\/01\/DSC9721-768x433.jpg 768w, https:\/\/www.czechcyclingfederation.com\/wp-content\/uploads\/2021\/01\/DSC9721-1536x865.jpg 1536w, https:\/\/www.czechcyclingfederation.com\/wp-content\/uploads\/2021\/01\/DSC9721-2048x1154.jpg 2048w, https:\/\/www.czechcyclingfederation.com\/wp-content\/uploads\/2021\/01\/DSC9721-1320x744.jpg 1320w\" sizes=\"auto, (max-width: 1024px) 100vw, 1024px\" \/><\/figure>\n\n\n\n<figure class=\"wp-block-image size-large\"><img loading=\"lazy\" decoding=\"async\" width=\"1024\" height=\"577\" src=\"https:\/\/www.czechcyclingfederation.com\/wp-content\/uploads\/2021\/01\/DSC0585-1024x577.jpg\" alt=\"\" class=\"wp-image-3192\" srcset=\"https:\/\/www.czechcyclingfederation.com\/wp-content\/uploads\/2021\/01\/DSC0585-1024x577.jpg 1024w, https:\/\/www.czechcyclingfederation.com\/wp-content\/uploads\/2021\/01\/DSC0585-300x169.jpg 300w, https:\/\/www.czechcyclingfederation.com\/wp-content\/uploads\/2021\/01\/DSC0585-768x433.jpg 768w, https:\/\/www.czechcyclingfederation.com\/wp-content\/uploads\/2021\/01\/DSC0585-1536x865.jpg 1536w, https:\/\/www.czechcyclingfederation.com\/wp-content\/uploads\/2021\/01\/DSC0585-2048x1154.jpg 2048w, https:\/\/www.czechcyclingfederation.com\/wp-content\/uploads\/2021\/01\/DSC0585-1320x744.jpg 1320w\" sizes=\"auto, (max-width: 1024px) 100vw, 1024px\" \/><\/figure>\n\n\n\n<figure class=\"wp-block-image size-large\"><img loading=\"lazy\" decoding=\"async\" width=\"1024\" height=\"577\" src=\"https:\/\/www.czechcyclingfederation.com\/wp-content\/uploads\/2021\/01\/DSC0230-1024x577.jpg\" alt=\"\" class=\"wp-image-3193\" srcset=\"https:\/\/www.czechcyclingfederation.com\/wp-content\/uploads\/2021\/01\/DSC0230-1024x577.jpg 1024w, https:\/\/www.czechcyclingfederation.com\/wp-content\/uploads\/2021\/01\/DSC0230-300x169.jpg 300w, https:\/\/www.czechcyclingfederation.com\/wp-content\/uploads\/2021\/01\/DSC0230-768x433.jpg 768w, https:\/\/www.czechcyclingfederation.com\/wp-content\/uploads\/2021\/01\/DSC0230-1536x865.jpg 1536w, https:\/\/www.czechcyclingfederation.com\/wp-content\/uploads\/2021\/01\/DSC0230-2048x1154.jpg 2048w, https:\/\/www.czechcyclingfederation.com\/wp-content\/uploads\/2021\/01\/DSC0230-1320x744.jpg 1320w\" sizes=\"auto, (max-width: 1024px) 100vw, 1024px\" \/><\/figure>\n\n\n\n<figure class=\"wp-block-image size-large\"><img loading=\"lazy\" decoding=\"async\" width=\"1024\" height=\"577\" src=\"https:\/\/www.czechcyclingfederation.com\/wp-content\/uploads\/2021\/01\/DSC0350-1024x577.jpg\" alt=\"\" class=\"wp-image-3194\" srcset=\"https:\/\/www.czechcyclingfederation.com\/wp-content\/uploads\/2021\/01\/DSC0350-1024x577.jpg 1024w, https:\/\/www.czechcyclingfederation.com\/wp-content\/uploads\/2021\/01\/DSC0350-300x169.jpg 300w, https:\/\/www.czechcyclingfederation.com\/wp-content\/uploads\/2021\/01\/DSC0350-768x433.jpg 768w, https:\/\/www.czechcyclingfederation.com\/wp-content\/uploads\/2021\/01\/DSC0350-1536x865.jpg 1536w, https:\/\/www.czechcyclingfederation.com\/wp-content\/uploads\/2021\/01\/DSC0350-2048x1154.jpg 2048w, https:\/\/www.czechcyclingfederation.com\/wp-content\/uploads\/2021\/01\/DSC0350-1320x744.jpg 1320w\" sizes=\"auto, (max-width: 1024px) 100vw, 1024px\" \/><\/figure>\n\n\n\n<figure class=\"wp-block-image size-large\"><img loading=\"lazy\" decoding=\"async\" width=\"1024\" height=\"577\" src=\"https:\/\/www.czechcyclingfederation.com\/wp-content\/uploads\/2021\/01\/DSC0274-1024x577.jpg\" alt=\"\" class=\"wp-image-3195\" srcset=\"https:\/\/www.czechcyclingfederation.com\/wp-content\/uploads\/2021\/01\/DSC0274-1024x577.jpg 1024w, https:\/\/www.czechcyclingfederation.com\/wp-content\/uploads\/2021\/01\/DSC0274-300x169.jpg 300w, https:\/\/www.czechcyclingfederation.com\/wp-content\/uploads\/2021\/01\/DSC0274-768x433.jpg 768w, https:\/\/www.czechcyclingfederation.com\/wp-content\/uploads\/2021\/01\/DSC0274-1536x865.jpg 1536w, https:\/\/www.czechcyclingfederation.com\/wp-content\/uploads\/2021\/01\/DSC0274-2048x1154.jpg 2048w, https:\/\/www.czechcyclingfederation.com\/wp-content\/uploads\/2021\/01\/DSC0274-1320x744.jpg 1320w\" sizes=\"auto, (max-width: 1024px) 100vw, 1024px\" \/><\/figure>\n\n\n\n<figure class=\"wp-block-image size-large\"><img loading=\"lazy\" decoding=\"async\" width=\"1024\" height=\"577\" src=\"https:\/\/www.czechcyclingfederation.com\/wp-content\/uploads\/2021\/01\/DSC0146-1024x577.jpg\" alt=\"\" class=\"wp-image-3196\" srcset=\"https:\/\/www.czechcyclingfederation.com\/wp-content\/uploads\/2021\/01\/DSC0146-1024x577.jpg 1024w, https:\/\/www.czechcyclingfederation.com\/wp-content\/uploads\/2021\/01\/DSC0146-300x169.jpg 300w, https:\/\/www.czechcyclingfederation.com\/wp-content\/uploads\/2021\/01\/DSC0146-768x433.jpg 768w, https:\/\/www.czechcyclingfederation.com\/wp-content\/uploads\/2021\/01\/DSC0146-1536x865.jpg 1536w, https:\/\/www.czechcyclingfederation.com\/wp-content\/uploads\/2021\/01\/DSC0146-2048x1154.jpg 2048w, https:\/\/www.czechcyclingfederation.com\/wp-content\/uploads\/2021\/01\/DSC0146-1320x744.jpg 1320w\" sizes=\"auto, (max-width: 1024px) 100vw, 1024px\" \/><\/figure>\n","protected":false},"excerpt":{"rendered":"<p>Dom\u00e1c\u00ed cyklokrosov\u00fd \u0161ampion\u00e1t, kter\u00fd se dnes uskute\u010dnil ve st\u0159edo\u010desk\u00fdch Jabkenic\u00edch, p\u0159inesl tituly nejv\u011bt\u0161\u00edm favorit\u016fm. Nejprce Pavla Havl\u00edkov\u00e1 \u2026 si dojela ji\u017e pro rekordn\u00ed osm\u00e9 zlato, v\u00a0z\u00e1vod\u011b mu\u017e\u016f vyhr\u00e1l po\u010dtvrt\u00e9 Michael Boro\u0161 (\u010cEZ Cyklo team T\u00e1bor). Ten se na \u010desk\u00fd tr\u016fn vr\u00e1til po ro\u010dn\u00ed pauze, kdy\u017e p\u0159ed rokem skon\u010dil v\u00a0Ji\u010d\u00edn\u011b t\u0159et\u00ed. Spolu s n\u00edm brali medaile [&hellip;]<\/p>\n","protected":false},"author":8,"featured_media":3189,"comment_status":"closed","ping_status":"open","sticky":false,"template":"","format":"standard","meta":{"footnotes":""},"categories":[2],"tags":[59],"class_list":["post-3188","post","type-post","status-publish","format-standard","has-post-thumbnail","hentry","category-novinky","tag-cyklokros"],"_links":{"self":[{"href":"https:\/\/www.czechcyclingfederation.com\/en\/wp-json\/wp\/v2\/posts\/3188","targetHints":{"allow":["GET"]}}],"collection":[{"href":"https:\/\/www.czechcyclingfederation.com\/en\/wp-json\/wp\/v2\/posts"}],"about":[{"href":"https:\/\/www.czechcyclingfederation.com\/en\/wp-json\/wp\/v2\/types\/post"}],"author":[{"embeddable":true,"href":"https:\/\/www.czechcyclingfederation.com\/en\/wp-json\/wp\/v2\/users\/8"}],"replies":[{"embeddable":true,"href":"https:\/\/www.czechcyclingfederation.com\/en\/wp-json\/wp\/v2\/comments?post=3188"}],"version-history":[{"count":1,"href":"https:\/\/www.czechcyclingfederation.com\/en\/wp-json\/wp\/v2\/posts\/3188\/revisions"}],"predecessor-version":[{"id":3197,"href":"https:\/\/www.czechcyclingfederation.com\/en\/wp-json\/wp\/v2\/posts\/3188\/revisions\/3197"}],"wp:featuredmedia":[{"embeddable":true,"href":"https:\/\/www.czechcyclingfederation.com\/en\/wp-json\/wp\/v2\/media\/3189"}],"wp:attachment":[{"href":"https:\/\/www.czechcyclingfederation.com\/en\/wp-json\/wp\/v2\/media?parent=3188"}],"wp:term":[{"taxonomy":"category","embeddable":true,"href":"https:\/\/www.czechcyclingfederation.com\/en\/wp-json\/wp\/v2\/categories?post=3188"},{"taxonomy":"post_tag","embeddable":true,"href":"https:\/\/www.czechcyclingfederation.com\/en\/wp-json\/wp\/v2\/tags?post=3188"}],"curies":[{"name":"wp","href":"https:\/\/api.w.org\/{rel}","templated":true}]}}