{"id":31863,"date":"2024-09-07T21:11:15","date_gmt":"2024-09-07T19:11:15","guid":{"rendered":"https:\/\/www.czechcyclingfederation.com\/?p=31863"},"modified":"2024-09-07T21:11:19","modified_gmt":"2024-09-07T19:11:19","slug":"voltr-ctvrty-v-kralovske-etape-novym-lidrem-okolo-jiznich-cech-polak-budzinski","status":"publish","type":"post","link":"https:\/\/www.czechcyclingfederation.com\/en\/voltr-ctvrty-v-kralovske-etape-novym-lidrem-okolo-jiznich-cech-polak-budzinski\/","title":{"rendered":"Voltr \u010dtvrt\u00fd v\u00a0kr\u00e1lovsk\u00e9 etap\u011b, nov\u00fdm l\u00eddrem Okolo ji\u017en\u00edch \u010cech Pol\u00e1k Budzinski"},"content":{"rendered":"\n<p><strong>Martin Voltr<\/strong> ze slovensk\u00e9ho t\u00fdmu Pierre Baguette obsadil velmi dobr\u00e9 \u010dtvrt\u00e9 m\u00edsto v&nbsp;kr\u00e1lovsk\u00e9 3. etap\u011b z\u00e1vodu Okolo ji\u017en\u00edch \u010cech z&nbsp;\u010cesk\u00e9ho Krumlova na Horskou Kvildu, kde museli cyklist\u00e9 zdolat na 133 kilometrech p\u0159ev\u00fd\u0161en\u00ed 3&nbsp;223 metr\u016f. V\u00edt\u011bzem etapy a z\u00e1rove\u0148 nov\u00fdm l\u00eddrem z\u00e1vodu se stal Pol\u00e1k <strong>Marcin Budzinski<\/strong> z&nbsp;t\u00fdmu Mazowsze Serce Polski.<\/p>\n\n\n\n<p>Hned po prvn\u00ed rychlostn\u00ed pr\u00e9mii se z&nbsp;pelotonu odpoutala 5\u010dlenn\u00e1 skupina uprchl\u00edk\u016f, kde byl mj.&nbsp;<strong>Mat\u011bj Zah\u00e1lka<\/strong> (Elkov Kasper), kter\u00e1 si postupn\u011b vypracovala n\u00e1skok a\u017e 3:30 min. A na \u010dele jela pom\u011brn\u011b dlouho.<\/p>\n\n\n\n<p>A\u017e v&nbsp;posledn\u00ed f\u00e1zi etapy se v\u0161ak veden\u00ed zcela p\u0159esypalo a vznikla nov\u00e1 vedouc\u00ed skupina, kde byli Pol\u00e1k Marcin Budzinski (Mazowsze), jeho krajan Piotr Pekala (Sanic Wibatech) a ost\u0159\u00edlen\u00fd Raku\u0161an Riccardo Zoidl (Felt Felbermayr). Ve stejn\u00e9m po\u0159ad\u00ed si pak rozd\u011blili prvn\u00ed t\u0159i m\u00edsta v&nbsp;etap\u011b. Martin Voltr p\u0159ijel do c\u00edle \u010dtvrt\u00fd se ztr\u00e1tou 33 vte\u0159in, do top 10 se dostal je\u0161t\u011b jeho \u010desk\u00fd st\u00e1jov\u00fd kolega Daniel Vyso\u010dan (9.).<\/p>\n\n\n\n<p><strong>V\u00fdsledky 3. etapy <\/strong>(133 km): 1. Budzinski (Pol.\/Mazowsze Serce Polski) 3:22:38, 2. Pekala (Pol.\/Sanic Wibatech), 3. Zoild (Rak.\/Felt Felbermayr) oba stejn\u00fd \u010das, <strong>4. Voltr <\/strong>+33, <strong>9. Vyso\u010dan <\/strong>(oba \u010cR\/Pierre Baguette) +35.<\/p>\n\n\n\n<p><strong>Pr\u016fb\u011b\u017en\u00e9 po\u0159ad\u00ed: <\/strong>1. Budzinski 9:42:56, 2. Piekala +22. 3. Zoidl +42, \u2026 <strong>6. Voltr <\/strong>+50, <strong>7. Vyso\u010dan <\/strong>+58.<\/p>\n\n\n\n<p>Foto: Jan Brychta<\/p>\n","protected":false},"excerpt":{"rendered":"<p>Martin Voltr ze slovensk\u00e9ho t\u00fdmu Pierre Baguette obsadil velmi dobr\u00e9 \u010dtvrt\u00e9 m\u00edsto v&nbsp;kr\u00e1lovsk\u00e9 3. etap\u011b z\u00e1vodu Okolo ji\u017en\u00edch \u010cech z&nbsp;\u010cesk\u00e9ho Krumlova na Horskou Kvildu, kde museli cyklist\u00e9 zdolat na 133 kilometrech p\u0159ev\u00fd\u0161en\u00ed 3&nbsp;223 metr\u016f. V\u00edt\u011bzem etapy a z\u00e1rove\u0148 nov\u00fdm l\u00eddrem z\u00e1vodu se stal Pol\u00e1k Marcin Budzinski z&nbsp;t\u00fdmu Mazowsze Serce Polski. Hned po prvn\u00ed rychlostn\u00ed pr\u00e9mii [&hellip;]<\/p>\n","protected":false},"author":15,"featured_media":30743,"comment_status":"closed","ping_status":"open","sticky":false,"template":"","format":"standard","meta":{"footnotes":""},"categories":[2],"tags":[11],"class_list":["post-31863","post","type-post","status-publish","format-standard","has-post-thumbnail","hentry","category-novinky","tag-silnice"],"_links":{"self":[{"href":"https:\/\/www.czechcyclingfederation.com\/en\/wp-json\/wp\/v2\/posts\/31863","targetHints":{"allow":["GET"]}}],"collection":[{"href":"https:\/\/www.czechcyclingfederation.com\/en\/wp-json\/wp\/v2\/posts"}],"about":[{"href":"https:\/\/www.czechcyclingfederation.com\/en\/wp-json\/wp\/v2\/types\/post"}],"author":[{"embeddable":true,"href":"https:\/\/www.czechcyclingfederation.com\/en\/wp-json\/wp\/v2\/users\/15"}],"replies":[{"embeddable":true,"href":"https:\/\/www.czechcyclingfederation.com\/en\/wp-json\/wp\/v2\/comments?post=31863"}],"version-history":[{"count":2,"href":"https:\/\/www.czechcyclingfederation.com\/en\/wp-json\/wp\/v2\/posts\/31863\/revisions"}],"predecessor-version":[{"id":31865,"href":"https:\/\/www.czechcyclingfederation.com\/en\/wp-json\/wp\/v2\/posts\/31863\/revisions\/31865"}],"wp:featuredmedia":[{"embeddable":true,"href":"https:\/\/www.czechcyclingfederation.com\/en\/wp-json\/wp\/v2\/media\/30743"}],"wp:attachment":[{"href":"https:\/\/www.czechcyclingfederation.com\/en\/wp-json\/wp\/v2\/media?parent=31863"}],"wp:term":[{"taxonomy":"category","embeddable":true,"href":"https:\/\/www.czechcyclingfederation.com\/en\/wp-json\/wp\/v2\/categories?post=31863"},{"taxonomy":"post_tag","embeddable":true,"href":"https:\/\/www.czechcyclingfederation.com\/en\/wp-json\/wp\/v2\/tags?post=31863"}],"curies":[{"name":"wp","href":"https:\/\/api.w.org\/{rel}","templated":true}]}}