{"id":31850,"date":"2024-09-07T15:21:36","date_gmt":"2024-09-07T13:21:36","guid":{"rendered":"https:\/\/www.czechcyclingfederation.com\/?p=31850"},"modified":"2024-10-11T13:39:41","modified_gmt":"2024-10-11T11:39:41","slug":"vejvodova-pata-v-silnicnim-zavode-masin-po-technickych-problemech-sedmy","status":"publish","type":"post","link":"https:\/\/www.czechcyclingfederation.com\/en\/vejvodova-pata-v-silnicnim-zavode-masin-po-technickych-problemech-sedmy\/","title":{"rendered":"Vejvodov\u00e1 p\u00e1t\u00e1 v\u00a0silni\u010dn\u00edm z\u00e1vod\u011b, Ma\u0161\u00edn po technick\u00fdch probl\u00e9mech sedm\u00fd"},"content":{"rendered":"\n<p><strong>Pavl\u00edna Vejvodov\u00e1<\/strong> se s&nbsp;paralympi\u00e1dou v&nbsp;Pa\u0159\u00ed\u017ei rozlou\u010dila p\u011bkn\u00fdm p\u00e1t\u00fdm m\u00edstem v&nbsp;silni\u010dn\u00edm z\u00e1vod\u011b slou\u010den\u00fdch kategori\u00ed T1-2. <strong>Jind\u0159ich Ma\u0161\u00edn<\/strong> obsadil v&nbsp;z\u00e1vod\u011b tricyklist\u016f po probl\u00e9mech s&nbsp;brzdou sedmou p\u0159\u00ed\u010dku.<\/p>\n\n\n\n<p><em>\u201ePovedlo se mi dob\u0159e odstartovat, pak m\u011b sice holky p\u0159edjely, ale dr\u017eela jsem se vedouc\u00ed skupinky, ne\u017e se jelo p\u0159es prvn\u00ed kostky. Tam se mi, stejn\u011b jako v&nbsp;\u010dasovce, vycvakla tretra z&nbsp;ped\u00e1lu a n\u011b t\u011bch kostk\u00e1ch se ned\u00e1 na\u0161l\u00e1pnout zp\u00e1tky. Trvalo mi to n\u011bjakou dobu, tak\u017ee mi soupe\u0159ky odjely. Ale \u0159ekla jsem si, \u017ee kdy\u017e je to paralympi\u00e1da a m\u00e1m celou silnici pro sebe, tak si to po\u0159\u00e1dn\u011b u\u017eiju. A u\u017eila,\u201c<\/em> \u0159\u00edkala Pavl\u00edna Vejvodov\u00e1, pro kterou to byla premi\u00e9ra na paralympi\u00e1d\u011b.<\/p>\n\n\n\n<p>P\u0159ed z\u00e1vodem a v&nbsp;jeho prvn\u00ed polovin\u011b sprchlo, tak\u017ee na mokr\u00e9 trati se musel ka\u017ed\u00fd dr\u017eet na pozoru. <em>\u201eNeklouzalo to n\u011bjak extra, ale pr\u0161elo i na br\u00fdle a jak na jedno oko v\u016fbec nevid\u00edm, tak jsem kv\u016fli de\u0161ti skoro ani nevid\u011bla na to druh\u00e9. Bylo to dost slo\u017eit\u00e9,\u201c<\/em> prozradila Vejvodov\u00e1.<\/p>\n\n\n\n<figure class=\"wp-block-image size-large\"><img loading=\"lazy\" decoding=\"async\" width=\"1024\" height=\"683\" src=\"https:\/\/www.czechcyclingfederation.com\/wp-content\/uploads\/2024\/09\/vejvodova-para-pariz-2-1024x683.jpg\" alt=\"\" class=\"wp-image-31854\" srcset=\"https:\/\/www.czechcyclingfederation.com\/wp-content\/uploads\/2024\/09\/vejvodova-para-pariz-2-1024x683.jpg 1024w, https:\/\/www.czechcyclingfederation.com\/wp-content\/uploads\/2024\/09\/vejvodova-para-pariz-2-300x200.jpg 300w, https:\/\/www.czechcyclingfederation.com\/wp-content\/uploads\/2024\/09\/vejvodova-para-pariz-2-768x512.jpg 768w, https:\/\/www.czechcyclingfederation.com\/wp-content\/uploads\/2024\/09\/vejvodova-para-pariz-2-1536x1024.jpg 1536w, https:\/\/www.czechcyclingfederation.com\/wp-content\/uploads\/2024\/09\/vejvodova-para-pariz-2-2048x1365.jpg 2048w, https:\/\/www.czechcyclingfederation.com\/wp-content\/uploads\/2024\/09\/vejvodova-para-pariz-2-1320x880.jpg 1320w\" sizes=\"auto, (max-width: 1024px) 100vw, 1024px\" \/><\/figure>\n\n\n\n<p>P\u0159esto odj\u00ed\u017ed\u00ed dom\u016f spokojena a o motivaci m\u00e1 rozhodn\u011b postar\u00e1no. <em>\u201eByla to m\u00e1 prvn\u00ed paralympi\u00e1da, tak jsem si to tady po\u0159\u00e1dn\u011b okoukla a za \u010dty\u0159i roky v&nbsp;Los Angeles u\u017e do toho jdu naostro,\u201c <\/em>dodala \u010desk\u00e1 reprezentantka.<\/p>\n\n\n\n<p class=\"has-medium-font-size\"><strong>Ma\u0161\u00edna zradila brzda<\/strong><\/p>\n\n\n\n<p>Jind\u0159ich Ma\u0161\u00edn se polovinu prvn\u00edho okruhu dr\u017eel ve vedouc\u00ed skupin\u011b, ale pak ho zbrzdily technick\u00e9 probl\u00e9my. <em>\u201eZad\u0159ela se mi zadn\u00ed brzda, trochu jsem se lekl a u\u017e se mi nepoda\u0159ilo dostat zp\u00e1tky do \u010dela. Ztratil jsem tam dost \u010dasu, musel jsem po\u010dkat na pomoc z&nbsp;neutr\u00e1ln\u00edho auta. Bylo pohotov\u00ed, ale u\u017e to dohnat ne\u0161lo. Asi jsem tam trochu ztratil motivaci,\u201c<\/em> p\u0159iznal Ma\u0161\u00edn.<\/p>\n\n\n\n<figure class=\"wp-block-image size-large\"><img loading=\"lazy\" decoding=\"async\" width=\"1024\" height=\"682\" src=\"https:\/\/www.czechcyclingfederation.com\/wp-content\/uploads\/2024\/09\/masin-jindra-pariz-1-1024x682.jpg\" alt=\"\" class=\"wp-image-31856\" srcset=\"https:\/\/www.czechcyclingfederation.com\/wp-content\/uploads\/2024\/09\/masin-jindra-pariz-1-1024x682.jpg 1024w, https:\/\/www.czechcyclingfederation.com\/wp-content\/uploads\/2024\/09\/masin-jindra-pariz-1-300x200.jpg 300w, https:\/\/www.czechcyclingfederation.com\/wp-content\/uploads\/2024\/09\/masin-jindra-pariz-1-768x512.jpg 768w, https:\/\/www.czechcyclingfederation.com\/wp-content\/uploads\/2024\/09\/masin-jindra-pariz-1-1536x1023.jpg 1536w, https:\/\/www.czechcyclingfederation.com\/wp-content\/uploads\/2024\/09\/masin-jindra-pariz-1-2048x1364.jpg 2048w, https:\/\/www.czechcyclingfederation.com\/wp-content\/uploads\/2024\/09\/masin-jindra-pariz-1-1320x879.jpg 1320w\" sizes=\"auto, (max-width: 1024px) 100vw, 1024px\" \/><\/figure>\n\n\n\n<p><em>\u201eTo mokro mi taky moc nesed\u011blo a jsem r\u00e1d, \u017ee jsem se n\u011bkde nevysypal. Ale jsem \u0161\u0165astn\u00fd za prvn\u00ed zku\u0161enost na paralympi\u00e1d\u011b a je to motivace do dal\u0161\u00ed pr\u00e1ce,\u201c<\/em> p\u0159iznal Ma\u0161\u00edn.<\/p>\n\n\n\n<figure class=\"wp-block-image size-large\"><img loading=\"lazy\" decoding=\"async\" width=\"1024\" height=\"682\" src=\"https:\/\/www.czechcyclingfederation.com\/wp-content\/uploads\/2024\/09\/masin-para-2-1024x682.jpg\" alt=\"\" class=\"wp-image-31858\" srcset=\"https:\/\/www.czechcyclingfederation.com\/wp-content\/uploads\/2024\/09\/masin-para-2-1024x682.jpg 1024w, https:\/\/www.czechcyclingfederation.com\/wp-content\/uploads\/2024\/09\/masin-para-2-300x200.jpg 300w, https:\/\/www.czechcyclingfederation.com\/wp-content\/uploads\/2024\/09\/masin-para-2-768x512.jpg 768w, https:\/\/www.czechcyclingfederation.com\/wp-content\/uploads\/2024\/09\/masin-para-2-1536x1023.jpg 1536w, https:\/\/www.czechcyclingfederation.com\/wp-content\/uploads\/2024\/09\/masin-para-2-2048x1364.jpg 2048w, https:\/\/www.czechcyclingfederation.com\/wp-content\/uploads\/2024\/09\/masin-para-2-1320x879.jpg 1320w\" sizes=\"auto, (max-width: 1024px) 100vw, 1024px\" \/><\/figure>\n\n\n\n<p><strong>Silni\u010dn\u00ed z\u00e1vod \u017een T1-2: <\/strong>1. Lundov\u00e1 (D\u00e1n.) 1:00:16, 2. van Tillov\u00e1 (\u0160v\u00fdc.), 3. van Soestov\u00e1 (Niz.) ob\u011b stejn\u00fd \u010das, \u2026 <strong>5. Vejvodov\u00e1 (\u010cR) <\/strong>+9:23.<\/p>\n\n\n\n<p><strong>Silni\u010dn\u00ed z\u00e1vod mu\u017e\u016f T1-2: <\/strong>1. Chen (\u010c\u00edna) 1:15:08, 2. Connors (USA), 3. Betancourt (Kol.) oba +2:01, \u2026 <strong>7. Ma\u0161\u00edn (\u010cR) <\/strong>+9:34.<\/p>\n\n\n\n<p>Foto \u010cPV \u2013 Barbora Reichov\u00e1<\/p>\n","protected":false},"excerpt":{"rendered":"<p>Pavl\u00edna Vejvodov\u00e1 se s&nbsp;paralympi\u00e1dou v&nbsp;Pa\u0159\u00ed\u017ei rozlou\u010dila p\u011bkn\u00fdm p\u00e1t\u00fdm m\u00edstem v&nbsp;silni\u010dn\u00edm z\u00e1vod\u011b slou\u010den\u00fdch kategori\u00ed T1-2. Jind\u0159ich Ma\u0161\u00edn obsadil v&nbsp;z\u00e1vod\u011b tricyklist\u016f po probl\u00e9mech s&nbsp;brzdou sedmou p\u0159\u00ed\u010dku. \u201ePovedlo se mi dob\u0159e odstartovat, pak m\u011b sice holky p\u0159edjely, ale dr\u017eela jsem se vedouc\u00ed skupinky, ne\u017e se jelo p\u0159es prvn\u00ed kostky. Tam se mi, stejn\u011b jako v&nbsp;\u010dasovce, vycvakla tretra z&nbsp;ped\u00e1lu [&hellip;]<\/p>\n","protected":false},"author":15,"featured_media":31852,"comment_status":"closed","ping_status":"open","sticky":false,"template":"","format":"standard","meta":{"footnotes":""},"categories":[2,99,1],"tags":[62],"class_list":["post-31850","post","type-post","status-publish","format-standard","has-post-thumbnail","hentry","category-novinky","category-paracyklistika","category-uncategorized-cs","tag-paracyklistika"],"_links":{"self":[{"href":"https:\/\/www.czechcyclingfederation.com\/en\/wp-json\/wp\/v2\/posts\/31850","targetHints":{"allow":["GET"]}}],"collection":[{"href":"https:\/\/www.czechcyclingfederation.com\/en\/wp-json\/wp\/v2\/posts"}],"about":[{"href":"https:\/\/www.czechcyclingfederation.com\/en\/wp-json\/wp\/v2\/types\/post"}],"author":[{"embeddable":true,"href":"https:\/\/www.czechcyclingfederation.com\/en\/wp-json\/wp\/v2\/users\/15"}],"replies":[{"embeddable":true,"href":"https:\/\/www.czechcyclingfederation.com\/en\/wp-json\/wp\/v2\/comments?post=31850"}],"version-history":[{"count":4,"href":"https:\/\/www.czechcyclingfederation.com\/en\/wp-json\/wp\/v2\/posts\/31850\/revisions"}],"predecessor-version":[{"id":31862,"href":"https:\/\/www.czechcyclingfederation.com\/en\/wp-json\/wp\/v2\/posts\/31850\/revisions\/31862"}],"wp:featuredmedia":[{"embeddable":true,"href":"https:\/\/www.czechcyclingfederation.com\/en\/wp-json\/wp\/v2\/media\/31852"}],"wp:attachment":[{"href":"https:\/\/www.czechcyclingfederation.com\/en\/wp-json\/wp\/v2\/media?parent=31850"}],"wp:term":[{"taxonomy":"category","embeddable":true,"href":"https:\/\/www.czechcyclingfederation.com\/en\/wp-json\/wp\/v2\/categories?post=31850"},{"taxonomy":"post_tag","embeddable":true,"href":"https:\/\/www.czechcyclingfederation.com\/en\/wp-json\/wp\/v2\/tags?post=31850"}],"curies":[{"name":"wp","href":"https:\/\/api.w.org\/{rel}","templated":true}]}}