{"id":31839,"date":"2024-09-06T19:52:32","date_gmt":"2024-09-06T17:52:32","guid":{"rendered":"https:\/\/www.czechcyclingfederation.com\/?p=31839"},"modified":"2024-09-07T08:56:43","modified_gmt":"2024-09-07T06:56:43","slug":"druhou-etapu-okolo-jiznich-cechy-vyhral-slovak-liska","status":"publish","type":"post","link":"https:\/\/www.czechcyclingfederation.com\/en\/druhou-etapu-okolo-jiznich-cechy-vyhral-slovak-liska\/","title":{"rendered":"Druhou etapu Okolo ji\u017en\u00edch \u010cech ovl\u00e1dl Slov\u00e1k Li\u0161ka"},"content":{"rendered":"\n<p>Slovensk\u00fd jezdec <strong>Andrej Li\u0161ka<\/strong> (Pierre Baguette) vyhr\u00e1l ve spurtu druhou etapu z\u00e1vodu Okolo ji\u017en\u00edch \u010cech, kter\u00e1 vedla z \u010cesk\u00fdch Velenic do Studen\u00e9 a m\u011b\u0159ila 154,5 km s p\u0159ev\u00fd\u0161en\u00edm 1605 m. Nejlep\u0161\u00ed z\u00a0\u010desk\u00fdch jezdc\u016f byl <strong>Richard Haberman<\/strong> (Sparta Praha) na dvac\u00e1t\u00e9m m\u00edst\u011b ve shodn\u00e9m \u010dase jako v\u00edt\u011bz. Pozici l\u00eddra z\u00e1vodu uh\u00e1jil Belgi\u010dan Victor Van de Putte.<\/p>\n\n\n\n<p>Stejn\u011b jako prvn\u00ed etapa, tak i druh\u00e1 za\u010dala ve sv\u00e9 prvn\u00ed t\u0159etin\u011b rovinatou pas\u00e1\u017e\u00ed. Nicm\u00e9n\u011b bo\u010dn\u00ed v\u00edtr, technick\u00e1 tra\u0165 s mno\u017estv\u00edm strm\u00fdch kr\u00e1tk\u00fdch stoup\u00e1n\u00ed ve druh\u00e9 \u010d\u00e1sti a tak\u00e9 bojovn\u00e9 nastaven\u00ed v\u011bt\u0161iny t\u00fdm\u016f d\u00e1valy tu\u0161it, \u017ee i ta bude pln\u00e1 zvrat\u016f a p\u0159ekvapen\u00ed. Co\u017e se tak\u00e9 potvrdilo.<\/p>\n\n\n\n<figure class=\"wp-block-image size-large\"><img loading=\"lazy\" decoding=\"async\" width=\"1024\" height=\"1024\" src=\"https:\/\/www.czechcyclingfederation.com\/wp-content\/uploads\/2024\/09\/1000124208-1024x1024.jpg\" alt=\"\" class=\"wp-image-31842\" srcset=\"https:\/\/www.czechcyclingfederation.com\/wp-content\/uploads\/2024\/09\/1000124208-1024x1024.jpg 1024w, https:\/\/www.czechcyclingfederation.com\/wp-content\/uploads\/2024\/09\/1000124208-200x200.jpg 200w, https:\/\/www.czechcyclingfederation.com\/wp-content\/uploads\/2024\/09\/1000124208-150x150.jpg 150w, https:\/\/www.czechcyclingfederation.com\/wp-content\/uploads\/2024\/09\/1000124208-768x768.jpg 768w, https:\/\/www.czechcyclingfederation.com\/wp-content\/uploads\/2024\/09\/1000124208-1536x1536.jpg 1536w, https:\/\/www.czechcyclingfederation.com\/wp-content\/uploads\/2024\/09\/1000124208-2048x2048.jpg 2048w, https:\/\/www.czechcyclingfederation.com\/wp-content\/uploads\/2024\/09\/1000124208-1320x1320.jpg 1320w\" sizes=\"auto, (max-width: 1024px) 100vw, 1024px\" \/><\/figure>\n\n\n\n<p>U\u017e na dvan\u00e1ct\u00e9m kilometru unikla skupina sedmi jezdc\u016f, kte\u0159\u00ed si vybudovali n\u00e1skok p\u016fl minuty. Mezi nimi byli mj. Michal Boro\u0161 a Martin Voltr, kter\u00fd vyhr\u00e1l i prvn\u00ed rychlostn\u00ed pr\u00e9mii a i nad\u00e1le h\u00fd\u0159il aktivitou. P\u0159ed druhou RP (48 km) bylo op\u011bt \u010delo z\u00e1vodu pohromad\u011b, aby se z n\u011bj n\u00e1sledn\u011b odd\u011blila skupina osmi uprchl\u00edk\u016f. Ti si tak\u00e9 rozd\u011blili body na druh\u00e9 pr\u00e9mii, kterou op\u011bt vyhr\u00e1l Voltr a n\u00e1skok postupn\u011b nar\u016fstal a\u017e ke dv\u011bma minut\u00e1m. Po vrcha\u0159sk\u00e9 pr\u00e9mii se z vedouc\u00ed skupiny odd\u011blil Voltr a rychle z\u00edskal n\u00e1skok p\u0159es minutu, pot\u00e9 jej dostihlo trio jezdc\u016f.<\/p>\n\n\n\n<figure class=\"wp-block-image size-large\"><img loading=\"lazy\" decoding=\"async\" width=\"1024\" height=\"683\" src=\"https:\/\/www.czechcyclingfederation.com\/wp-content\/uploads\/2024\/09\/1000124212-1024x683.jpg\" alt=\"\" class=\"wp-image-31844\" srcset=\"https:\/\/www.czechcyclingfederation.com\/wp-content\/uploads\/2024\/09\/1000124212-1024x683.jpg 1024w, https:\/\/www.czechcyclingfederation.com\/wp-content\/uploads\/2024\/09\/1000124212-300x200.jpg 300w, https:\/\/www.czechcyclingfederation.com\/wp-content\/uploads\/2024\/09\/1000124212-768x512.jpg 768w, https:\/\/www.czechcyclingfederation.com\/wp-content\/uploads\/2024\/09\/1000124212-1536x1025.jpg 1536w, https:\/\/www.czechcyclingfederation.com\/wp-content\/uploads\/2024\/09\/1000124212-2048x1366.jpg 2048w, https:\/\/www.czechcyclingfederation.com\/wp-content\/uploads\/2024\/09\/1000124212-1320x881.jpg 1320w\" sizes=\"auto, (max-width: 1024px) 100vw, 1024px\" \/><\/figure>\n\n\n\n<p>Na 114 kilometru pak z\u00e1vodn\u00edci najeli na z\u00e1v\u011bre\u010dn\u00fd 15tilometrov\u00fd okruh s v\u00fd\u0161lapem na VP Kali\u0161t\u011b, kter\u00fd absolvovali celkem t\u0159ikr\u00e1t. V\u0161echny vyhr\u00e1l Casper Van De Woude, kter\u00fd si t\u00edm upevnil pozici nejlep\u0161\u00edho vrcha\u0159e. Vz\u00e1p\u011bt\u00ed byla vedouc\u00ed skupina dosti\u017eena aby v c\u00edlov\u00e9m spurtu pro sebe z\u00edskal etapu Slov\u00e1k Andrej Li\u0161ka (Pierre Baguette), p\u0159ed Zakem Colemanem z Brit\u00e1nie a Michalem Palutou z Polska.<\/p>\n\n\n\n<p>V\u00fdsledky:<\/p>\n\n\n\n<p>2. etapa:<\/p>\n\n\n\n<p>1. Li\u0161ka (SR) 3:22:06, 2. Coleman (Brit.), 3. Paluta (Pol.), 4. Van de Putte (Belg.), 5. Schwarzbacher (SR\/ATT Investmens), 6. Hoogendoorn (Niz.), &#8230; 20. Haberman (Sparta Praha), 23. Neuman (ATT Investmens) v\u0161ichni stejn\u00fd \u010das.<\/p>\n\n\n\n<p>Po\u0159ad\u00ed po duh\u00e9 etap\u011b:<\/p>\n\n\n\n<p>1. Van de Putte 6:20:24, 2. Li\u0161ka stejn\u00fd \u010das, 3. Paluta, 4. Kubi\u0161 (SR\/Elkov Kasper) oba +3, 5. Coleman, 6. Budzinski Pol.) oba +4, &#8230;10. Neuman +10, 16. Voltr (Pierre Baguette) +13, 21. J. \u0164oupal\u00edk, 22. P\u0159idal (oba Elkov Kasper), 23. Vyso\u010dan (Peirre Baguette) v\u0161ichni +17, 31. Zah\u00e1lka (Elkov Kasper) +22.<\/p>\n\n\n\n<p>FOTO David Kostelka<\/p>\n","protected":false},"excerpt":{"rendered":"<p>Slovensk\u00fd jezdec Andrej Li\u0161ka (Pierre Baguette) vyhr\u00e1l ve spurtu druhou etapu z\u00e1vodu Okolo ji\u017en\u00edch \u010cech, kter\u00e1 vedla z \u010cesk\u00fdch Velenic do Studen\u00e9 a m\u011b\u0159ila 154,5 km s p\u0159ev\u00fd\u0161en\u00edm 1605 m. Nejlep\u0161\u00ed z\u00a0\u010desk\u00fdch jezdc\u016f byl Richard Haberman (Sparta Praha) na dvac\u00e1t\u00e9m m\u00edst\u011b ve shodn\u00e9m \u010dase jako v\u00edt\u011bz. Pozici l\u00eddra z\u00e1vodu uh\u00e1jil Belgi\u010dan Victor Van de Putte. [&hellip;]<\/p>\n","protected":false},"author":8,"featured_media":31840,"comment_status":"closed","ping_status":"open","sticky":false,"template":"","format":"standard","meta":{"footnotes":""},"categories":[2,18,1],"tags":[11],"class_list":["post-31839","post","type-post","status-publish","format-standard","has-post-thumbnail","hentry","category-novinky","category-silnice","category-uncategorized-cs","tag-silnice"],"_links":{"self":[{"href":"https:\/\/www.czechcyclingfederation.com\/en\/wp-json\/wp\/v2\/posts\/31839","targetHints":{"allow":["GET"]}}],"collection":[{"href":"https:\/\/www.czechcyclingfederation.com\/en\/wp-json\/wp\/v2\/posts"}],"about":[{"href":"https:\/\/www.czechcyclingfederation.com\/en\/wp-json\/wp\/v2\/types\/post"}],"author":[{"embeddable":true,"href":"https:\/\/www.czechcyclingfederation.com\/en\/wp-json\/wp\/v2\/users\/8"}],"replies":[{"embeddable":true,"href":"https:\/\/www.czechcyclingfederation.com\/en\/wp-json\/wp\/v2\/comments?post=31839"}],"version-history":[{"count":2,"href":"https:\/\/www.czechcyclingfederation.com\/en\/wp-json\/wp\/v2\/posts\/31839\/revisions"}],"predecessor-version":[{"id":31848,"href":"https:\/\/www.czechcyclingfederation.com\/en\/wp-json\/wp\/v2\/posts\/31839\/revisions\/31848"}],"wp:featuredmedia":[{"embeddable":true,"href":"https:\/\/www.czechcyclingfederation.com\/en\/wp-json\/wp\/v2\/media\/31840"}],"wp:attachment":[{"href":"https:\/\/www.czechcyclingfederation.com\/en\/wp-json\/wp\/v2\/media?parent=31839"}],"wp:term":[{"taxonomy":"category","embeddable":true,"href":"https:\/\/www.czechcyclingfederation.com\/en\/wp-json\/wp\/v2\/categories?post=31839"},{"taxonomy":"post_tag","embeddable":true,"href":"https:\/\/www.czechcyclingfederation.com\/en\/wp-json\/wp\/v2\/tags?post=31839"}],"curies":[{"name":"wp","href":"https:\/\/api.w.org\/{rel}","templated":true}]}}