{"id":31829,"date":"2024-09-06T14:05:07","date_gmt":"2024-09-06T12:05:07","guid":{"rendered":"https:\/\/www.czechcyclingfederation.com\/?p=31829"},"modified":"2024-09-07T08:59:40","modified_gmt":"2024-09-07T06:59:40","slug":"junior-vrana-vyhral-omnium-na-turne-4-drah-v-brne","status":"publish","type":"post","link":"https:\/\/www.czechcyclingfederation.com\/en\/junior-vrana-vyhral-omnium-na-turne-4-drah-v-brne\/","title":{"rendered":"Junior Vr\u00e1na vyhr\u00e1l omnium na Turn\u00e9 4 drah v Brn\u011b"},"content":{"rendered":"\n<p>Tom\u00e1\u0161 Vr\u00e1na z t\u00fdmu TUFO Pardus Prost\u011bjov vyhr\u00e1l s 205 body omnium na dal\u0161\u00edm z\u00e1vodu \u010cesk\u00e9ho poh\u00e1ru ml\u00e1de\u017ee na dr\u00e1ze, kter\u00fd se jel na ov\u00e1lu v Brn\u011b. O dvacet bod\u016f nasb\u00edral druh\u00fd Slov\u00e1k Tom\u00e1\u0161 Drobn\u00fd a t\u0159et\u00ed skon\u010dil dal\u0161\u00ed jezdec Prost\u011bjova Nikola Jaro\u0161 se 173 body.<\/p>\n\n\n\n<p>V\u00fdsledky:<\/p>\n\n\n\n<p>Omnium:<\/p>\n\n\n\n<p>Junio\u0159i:<\/p>\n\n\n\n<p>1. Vr\u00e1na (TUFO Pardus Prost\u011bjov) 205, 2. Drobn\u00fd (SR) 185, 3. Jaro\u0161 (TUFO Pardus Prost\u011bjov) 173.<\/p>\n\n\n\n<p>Juniorky:<\/p>\n\n\n\n<p>1. Sikelov\u00e1 (SR) 66, 2. M\u00ed\u010dkov\u00e1 (Sportkomplex B\u0159eclav) -24.<\/p>\n\n\n\n<p>Kadeti:<\/p>\n\n\n\n<p>1. Miku\u0161 145, 2. Hus\u00e1r 130, 3. Sobota (v\u0161ichni SR) 124, 4. Skl\u00e1\u0159 (TJ Favorit Brno) 119.<\/p>\n\n\n\n<p>Kadetky:<\/p>\n\n\n\n<p>1. Jaro\u0161ov\u00e1 (Dukla Brno) 112, 2. E. Galovi\u010dov\u00e1 109, 3. \u010eurikov\u00e1 (ob\u011b SR) 97.<\/p>\n\n\n\n<p>Star\u0161\u00ed \u017e\u00e1ci:<\/p>\n\n\n\n<p>1. Brad\u00e1\u010d (Dukla Prha) 157, 2. Fur\u00e1k (SR) 128, 3. Durdil (Dukla Praha) 111.<\/p>\n\n\n\n<p>\u017da\u010dky:<\/p>\n\n\n\n<p>1. A. Galovi\u010dov\u00e1 (SR) 136, 2. Pechov\u00e1 (TUFO Pardus Prost\u011bjov) 105, 3. Kondllov\u00e1 (Sportkomplex B\u0159eclav)104.<\/p>\n\n\n\n<p>Mlad\u0161\u00ed \u017e\u00e1ci:<\/p>\n\n\n\n<p>1. Kysela (TJ Favorit Brno) 132, 2. N. Galovi\u010d (SR) 80, 3. R. Vr\u00e1na (TUFO pardus Prost\u011bjov) 60.<\/p>\n","protected":false},"excerpt":{"rendered":"<p>Tom\u00e1\u0161 Vr\u00e1na z t\u00fdmu TUFO Pardus Prost\u011bjov vyhr\u00e1l s 205 body omnium na dal\u0161\u00edm z\u00e1vodu \u010cesk\u00e9ho poh\u00e1ru ml\u00e1de\u017ee na dr\u00e1ze, kter\u00fd se jel na ov\u00e1lu v Brn\u011b. O dvacet bod\u016f nasb\u00edral druh\u00fd Slov\u00e1k Tom\u00e1\u0161 Drobn\u00fd a t\u0159et\u00ed skon\u010dil dal\u0161\u00ed jezdec Prost\u011bjova Nikola Jaro\u0161 se 173 body. V\u00fdsledky: Omnium: Junio\u0159i: 1. Vr\u00e1na (TUFO Pardus Prost\u011bjov) 205, [&hellip;]<\/p>\n","protected":false},"author":8,"featured_media":31837,"comment_status":"closed","ping_status":"open","sticky":false,"template":"","format":"standard","meta":{"footnotes":""},"categories":[54,2],"tags":[9],"class_list":["post-31829","post","type-post","status-publish","format-standard","has-post-thumbnail","hentry","category-draha","category-novinky","tag-draha"],"_links":{"self":[{"href":"https:\/\/www.czechcyclingfederation.com\/en\/wp-json\/wp\/v2\/posts\/31829","targetHints":{"allow":["GET"]}}],"collection":[{"href":"https:\/\/www.czechcyclingfederation.com\/en\/wp-json\/wp\/v2\/posts"}],"about":[{"href":"https:\/\/www.czechcyclingfederation.com\/en\/wp-json\/wp\/v2\/types\/post"}],"author":[{"embeddable":true,"href":"https:\/\/www.czechcyclingfederation.com\/en\/wp-json\/wp\/v2\/users\/8"}],"replies":[{"embeddable":true,"href":"https:\/\/www.czechcyclingfederation.com\/en\/wp-json\/wp\/v2\/comments?post=31829"}],"version-history":[{"count":2,"href":"https:\/\/www.czechcyclingfederation.com\/en\/wp-json\/wp\/v2\/posts\/31829\/revisions"}],"predecessor-version":[{"id":31849,"href":"https:\/\/www.czechcyclingfederation.com\/en\/wp-json\/wp\/v2\/posts\/31829\/revisions\/31849"}],"wp:featuredmedia":[{"embeddable":true,"href":"https:\/\/www.czechcyclingfederation.com\/en\/wp-json\/wp\/v2\/media\/31837"}],"wp:attachment":[{"href":"https:\/\/www.czechcyclingfederation.com\/en\/wp-json\/wp\/v2\/media?parent=31829"}],"wp:term":[{"taxonomy":"category","embeddable":true,"href":"https:\/\/www.czechcyclingfederation.com\/en\/wp-json\/wp\/v2\/categories?post=31829"},{"taxonomy":"post_tag","embeddable":true,"href":"https:\/\/www.czechcyclingfederation.com\/en\/wp-json\/wp\/v2\/tags?post=31829"}],"curies":[{"name":"wp","href":"https:\/\/api.w.org\/{rel}","templated":true}]}}