{"id":31821,"date":"2024-09-05T21:17:17","date_gmt":"2024-09-05T19:17:17","guid":{"rendered":"https:\/\/www.czechcyclingfederation.com\/?p=31821"},"modified":"2024-09-06T05:44:06","modified_gmt":"2024-09-06T03:44:06","slug":"prvni-etapu-okolo-jiznich-cech-vyhral-van-de-putte","status":"publish","type":"post","link":"https:\/\/www.czechcyclingfederation.com\/en\/prvni-etapu-okolo-jiznich-cech-vyhral-van-de-putte\/","title":{"rendered":"Prvn\u00ed etapu Okolo ji\u017en\u00edch \u010cech vyhr\u00e1l Van de Putte"},"content":{"rendered":"\n<p>Belgick\u00fd cyklokrosa\u0159 <strong>Victor Van de Putte <\/strong>se stal v\u00edt\u011bzem \u00favodn\u00ed etapy 11. ro\u010dn\u00edku mezin\u00e1rodn\u00edho etapov\u00e9ho z\u00e1vodu Okolo ji\u017en\u00edch \u010cech. Ta vedla z T\u0159ebon\u011b do Jemnice a m\u011b\u0159ila 130,4 km, jezdci p\u0159i n\u00ed nastoupali 1368 metr\u016f. Na start se postavilo 156 z\u00e1vodn\u00edk\u016f z 27 t\u00fdm\u016f, z nich\u017e jich bylo 21 ze zahrani\u010d\u00ed.<\/p>\n\n\n\n<p>Prvn\u00ed \u010d\u00e1st etapy, vedouc\u00ed malebn\u00fdm prost\u0159ed\u00edm t\u0159ebo\u0148sk\u00fdch rybn\u00edk\u016f, neslibovala sv\u00fdm profilem \u017e\u00e1dn\u00e1 velk\u00e1 z\u00e1vodnick\u00e1 dramata. P\u0159esto prvn\u00ed pokus o \u00fanik p\u0159i\u0161el u\u017e na dvac\u00e1t\u00e9m kilometru hned za prvn\u00ed rychlostn\u00ed pr\u00e9mi\u00ed v Lomnici nad Lu\u017enic\u00ed. Z\u00e1hy v\u0161ak byl dosti\u017een a hlavn\u00ed pole pokra\u010dovalo pohromad\u011b.<\/p>\n\n\n\n<p>Nicm\u00e9n\u011b od stoup\u00e1n\u00ed na prvn\u00ed vrcha\u0159skou pr\u00e9mii, tedy p\u0159ibli\u017en\u011b od pades\u00e1t\u00e9ho kilometru, se na \u010dele neust\u00e1le st\u0159\u00eddaly nepo\u010detn\u00e9 skupinky uprchl\u00edk\u016f s n\u00e1skokem jedn\u00e9 a\u017e dvou minut p\u0159ed hlavn\u00edm polem. Z\u00e1vodn\u00edci se pohybovali v ter\u00e9nu Javo\u0159ick\u00e9 vrchoviny, resp. \u010cesk\u00e9 Kanady. Pole rozd\u011blily kr\u00e1tk\u00e1, ale p\u0159\u00edkr\u00e1 stoup\u00e1n\u00ed. Nakonec nejv\u011bt\u0161\u00ed \u00fasp\u011bch slavila patn\u00e1cti\u010dlenn\u00e1 \u010dlenn\u00e1 skupina a prvenstv\u00ed na p\u00e1sce vybojoval belgick\u00fd jezdec Victor Van de Putte, nejlep\u0161\u00edm \u010cechem byl na 13. m\u00edst\u011b Dominik Neuman (ATT Investmens). Druhou skupinu p\u0159ivedl do c\u00edle na 16. m\u00edst\u011b Jakub \u0164oupal\u00edk (Elkov Kasper) se ztr\u00e1tou sedmi vte\u0159in.<\/p>\n\n\n\n<p>V\u00fdsledky:<\/p>\n\n\n\n<p>1. Van de Putte (Belg.) 2:58:28, 2. Budzinski (Pol.), 3. Sondegaard (D\u00e1n.), 4. Kubi\u0161 (SR\/Elkov Kasper), 5. Stosz (Pol.), 6. Li\u0161ka (SR), &#8230;13. Neuman (ATT Investmens) v\u0161ichni stejn\u00fd \u010das.<\/p>\n\n\n\n<p>FOTO Luk\u00e1\u0161 Ho\u010f\u00e1nek<\/p>\n","protected":false},"excerpt":{"rendered":"<p>Belgick\u00fd cyklokrosa\u0159 Victor Van de Putte se stal v\u00edt\u011bzem \u00favodn\u00ed etapy 11. ro\u010dn\u00edku mezin\u00e1rodn\u00edho etapov\u00e9ho z\u00e1vodu Okolo ji\u017en\u00edch \u010cech. Ta vedla z T\u0159ebon\u011b do Jemnice a m\u011b\u0159ila 130,4 km, jezdci p\u0159i n\u00ed nastoupali 1368 metr\u016f. Na start se postavilo 156 z\u00e1vodn\u00edk\u016f z 27 t\u00fdm\u016f, z nich\u017e jich bylo 21 ze zahrani\u010d\u00ed. Prvn\u00ed \u010d\u00e1st etapy, vedouc\u00ed [&hellip;]<\/p>\n","protected":false},"author":8,"featured_media":31822,"comment_status":"closed","ping_status":"open","sticky":false,"template":"","format":"standard","meta":{"footnotes":""},"categories":[2,18],"tags":[11],"class_list":["post-31821","post","type-post","status-publish","format-standard","has-post-thumbnail","hentry","category-novinky","category-silnice","tag-silnice"],"_links":{"self":[{"href":"https:\/\/www.czechcyclingfederation.com\/en\/wp-json\/wp\/v2\/posts\/31821","targetHints":{"allow":["GET"]}}],"collection":[{"href":"https:\/\/www.czechcyclingfederation.com\/en\/wp-json\/wp\/v2\/posts"}],"about":[{"href":"https:\/\/www.czechcyclingfederation.com\/en\/wp-json\/wp\/v2\/types\/post"}],"author":[{"embeddable":true,"href":"https:\/\/www.czechcyclingfederation.com\/en\/wp-json\/wp\/v2\/users\/8"}],"replies":[{"embeddable":true,"href":"https:\/\/www.czechcyclingfederation.com\/en\/wp-json\/wp\/v2\/comments?post=31821"}],"version-history":[{"count":3,"href":"https:\/\/www.czechcyclingfederation.com\/en\/wp-json\/wp\/v2\/posts\/31821\/revisions"}],"predecessor-version":[{"id":31827,"href":"https:\/\/www.czechcyclingfederation.com\/en\/wp-json\/wp\/v2\/posts\/31821\/revisions\/31827"}],"wp:featuredmedia":[{"embeddable":true,"href":"https:\/\/www.czechcyclingfederation.com\/en\/wp-json\/wp\/v2\/media\/31822"}],"wp:attachment":[{"href":"https:\/\/www.czechcyclingfederation.com\/en\/wp-json\/wp\/v2\/media?parent=31821"}],"wp:term":[{"taxonomy":"category","embeddable":true,"href":"https:\/\/www.czechcyclingfederation.com\/en\/wp-json\/wp\/v2\/categories?post=31821"},{"taxonomy":"post_tag","embeddable":true,"href":"https:\/\/www.czechcyclingfederation.com\/en\/wp-json\/wp\/v2\/tags?post=31821"}],"curies":[{"name":"wp","href":"https:\/\/api.w.org\/{rel}","templated":true}]}}