{"id":31811,"date":"2024-09-05T10:25:08","date_gmt":"2024-09-05T08:25:08","guid":{"rendered":"https:\/\/www.czechcyclingfederation.com\/?p=31811"},"modified":"2024-09-05T10:25:11","modified_gmt":"2024-09-05T08:25:11","slug":"cesky-pohar-mladeze-na-draze-pokracoval-v-prostejove","status":"publish","type":"post","link":"https:\/\/www.czechcyclingfederation.com\/en\/cesky-pohar-mladeze-na-draze-pokracoval-v-prostejove\/","title":{"rendered":"\u010cesk\u00fd poh\u00e1r ml\u00e1de\u017ee na dr\u00e1ze pokra\u010doval v Prost\u011bjov\u011b"},"content":{"rendered":"\n<p>Tom\u00e1\u0161 Vr\u00e1na z po\u0159adatelsk\u00e9ho klubu Pardus TUFO Prost\u011bjov vyhr\u00e1l omnium na Velk\u00e9 cen\u011b Alika, z\u00e1vodu \u010cesk\u00e9ho poh\u00e1ru. Nasb\u00edral 166 bod\u016f a o 22 p\u0159ed\u010dil druh\u00e9ho Tom\u00e1\u0161e Drobn\u00e9ho ze Slovenska a t\u0159et\u00ed skon\u010dil dal\u0161\u00ed jezdec Pardus TUFO Prost\u011bjov&nbsp; Nikola Jaro\u0161.<\/p>\n\n\n\n<p>Mezi juniorkami kralovaly slovensk\u00e9 z\u00e1vodnice &#8211; Anna R\u017eoncov\u00e1, kter\u00e1 vyhr\u00e1la p\u0159ed Stanislavou Sikelovou, t\u0159et\u00ed skon\u010dila Magdal\u00e9na M\u00ed\u010dkov\u00e1 ze Sportkomplexu B\u0159eclav.<\/p>\n\n\n\n<p>V\u00fdsledky:<\/p>\n\n\n\n<p>Omnium:<\/p>\n\n\n\n<p>Junio\u0159i:<\/p>\n\n\n\n<p>1. Vr\u00e1na (Pardus TUFO Prost\u011bjov) 166, 2. Drobn\u00fd (SR) 144, 3. Jaro\u0161 (Pardus TUFO Prost\u011bjov) 117.<\/p>\n\n\n\n<p>Kadeti:<\/p>\n\n\n\n<p>1. Mik\u016f\u0161 (SR) 88, 2. Va\u0161ina (TJ Favorit Brno) 75, 3. Dru\u017ekovsk\u00fd (SR) 72.<\/p>\n\n\n\n<p>Juniorky:<\/p>\n\n\n\n<p>1. R\u017eoncov\u00e1 24, 2. Sikelov\u00e1 (ob\u011b SR) -14, 3. M\u00ed\u010dov\u00e1 (Sportkomplex B\u0159eclav) -57.<\/p>\n\n\n\n<p>Star\u0161\u00ed \u017e\u00e1ci:<\/p>\n\n\n\n<p>1. Brad\u00e1\u010d 88, 2. Durdil (oba Dukla Praha) 73, 3. Sam\u00e1k (SR) 70.<\/p>\n\n\n\n<p>Kadetky:<\/p>\n\n\n\n<p>1. Hajdukov\u00e1 82, 2. \u010eurikov\u00e1 (ob\u011b SR) 70, 3. Kr\u00e1tk\u00e1 (Otosport Jesen\u00edk) 62.<\/p>\n\n\n\n<p>\u017d\u00e1kyn\u011b:<\/p>\n\n\n\n<p>1. Galovi\u010dov\u00e1 90, 2. Letkov\u00e1 (ob\u011b SR) 90, 3. Pechov\u00e1 (Pardus TUFO Prost\u011bjov) 64.<\/p>\n\n\n\n<p>Mlad\u0161\u00ed \u017e\u00e1ci:<\/p>\n\n\n\n<p>1.Kysela (TJ Favorit Brno) 81, 2. Dedek (Pardus TUFO Prost\u011bjov) 77, 3. Galovi\u010d (SR) 35.<\/p>\n\n\n\n<p>FOTO Martin Cetkovsk\u00fd<\/p>\n","protected":false},"excerpt":{"rendered":"<p>Tom\u00e1\u0161 Vr\u00e1na z po\u0159adatelsk\u00e9ho klubu Pardus TUFO Prost\u011bjov vyhr\u00e1l omnium na Velk\u00e9 cen\u011b Alika, z\u00e1vodu \u010cesk\u00e9ho poh\u00e1ru. Nasb\u00edral 166 bod\u016f a o 22 p\u0159ed\u010dil druh\u00e9ho Tom\u00e1\u0161e Drobn\u00e9ho ze Slovenska a t\u0159et\u00ed skon\u010dil dal\u0161\u00ed jezdec Pardus TUFO Prost\u011bjov&nbsp; Nikola Jaro\u0161. Mezi juniorkami kralovaly slovensk\u00e9 z\u00e1vodnice &#8211; Anna R\u017eoncov\u00e1, kter\u00e1 vyhr\u00e1la p\u0159ed Stanislavou Sikelovou, t\u0159et\u00ed skon\u010dila Magdal\u00e9na [&hellip;]<\/p>\n","protected":false},"author":8,"featured_media":31812,"comment_status":"closed","ping_status":"open","sticky":false,"template":"","format":"standard","meta":{"footnotes":""},"categories":[54,2],"tags":[9],"class_list":["post-31811","post","type-post","status-publish","format-standard","has-post-thumbnail","hentry","category-draha","category-novinky","tag-draha"],"_links":{"self":[{"href":"https:\/\/www.czechcyclingfederation.com\/en\/wp-json\/wp\/v2\/posts\/31811","targetHints":{"allow":["GET"]}}],"collection":[{"href":"https:\/\/www.czechcyclingfederation.com\/en\/wp-json\/wp\/v2\/posts"}],"about":[{"href":"https:\/\/www.czechcyclingfederation.com\/en\/wp-json\/wp\/v2\/types\/post"}],"author":[{"embeddable":true,"href":"https:\/\/www.czechcyclingfederation.com\/en\/wp-json\/wp\/v2\/users\/8"}],"replies":[{"embeddable":true,"href":"https:\/\/www.czechcyclingfederation.com\/en\/wp-json\/wp\/v2\/comments?post=31811"}],"version-history":[{"count":1,"href":"https:\/\/www.czechcyclingfederation.com\/en\/wp-json\/wp\/v2\/posts\/31811\/revisions"}],"predecessor-version":[{"id":31814,"href":"https:\/\/www.czechcyclingfederation.com\/en\/wp-json\/wp\/v2\/posts\/31811\/revisions\/31814"}],"wp:featuredmedia":[{"embeddable":true,"href":"https:\/\/www.czechcyclingfederation.com\/en\/wp-json\/wp\/v2\/media\/31812"}],"wp:attachment":[{"href":"https:\/\/www.czechcyclingfederation.com\/en\/wp-json\/wp\/v2\/media?parent=31811"}],"wp:term":[{"taxonomy":"category","embeddable":true,"href":"https:\/\/www.czechcyclingfederation.com\/en\/wp-json\/wp\/v2\/categories?post=31811"},{"taxonomy":"post_tag","embeddable":true,"href":"https:\/\/www.czechcyclingfederation.com\/en\/wp-json\/wp\/v2\/tags?post=31811"}],"curies":[{"name":"wp","href":"https:\/\/api.w.org\/{rel}","templated":true}]}}