{"id":318,"date":"2020-05-28T02:59:18","date_gmt":"2020-05-28T00:59:18","guid":{"rendered":"http:\/\/www.czechcyclingfederation.com\/?p=318"},"modified":"2020-07-16T13:41:10","modified_gmt":"2020-07-16T11:41:10","slug":"trenuj-s-repre-paracyklistika-3-dil-patrik-jahoda","status":"publish","type":"post","link":"https:\/\/www.czechcyclingfederation.com\/en\/trenuj-s-repre-paracyklistika-3-dil-patrik-jahoda\/","title":{"rendered":"Tr\u00e9nuj s repre PARACYKLISTIKA- 3.d\u00edl Patrik Jahoda"},"content":{"rendered":"\n<p>Dne\u0161n\u00edm hostem projektu &#8220;Tr\u00e9nuj s repre&#8221; je handbiker Patrik Jahoda.<\/p>\n\n\n\n<p>Patrik Jahoda z\u00e1vod\u00ed na handbiku v kategorii H1, tedy v kategorii voz\u00ed\u010dk\u00e1\u0159\u016f s nejt\u011b\u017e\u0161\u00edm handicapem. Patrik pat\u0159\u00ed k na\u0161im nejlep\u0161\u00edm handbiker\u016fm a reprezentuje \u010ceskou republiku na vrcholov\u00fdch z\u00e1vodech po cel\u00e9m sv\u011bt\u011b.<\/p>\n\n\n\n<figure><iframe loading=\"lazy\" src=\"https:\/\/www.facebook.com\/plugins\/video.php?href=https%3A%2F%2Fwww.facebook.com%2Fczechcyclingfederation%2Fvideos%2F566086074074700%2F&amp;show_text=0&amp;width=267\" width=\"267\" height=\"476\" allowfullscreen=\"true\"><\/iframe><\/figure>\n","protected":false},"excerpt":{"rendered":"<p>Dne\u0161n\u00edm hostem projektu &#8220;Tr\u00e9nuj s repre&#8221; je handbiker Patrik Jahoda. Patrik Jahoda z\u00e1vod\u00ed na handbiku v kategorii H1, tedy v kategorii voz\u00ed\u010dk\u00e1\u0159\u016f s nejt\u011b\u017e\u0161\u00edm handicapem. Patrik pat\u0159\u00ed k na\u0161im nejlep\u0161\u00edm handbiker\u016fm a reprezentuje \u010ceskou republiku na vrcholov\u00fdch z\u00e1vodech po cel\u00e9m sv\u011bt\u011b.<\/p>\n","protected":false},"author":1,"featured_media":319,"comment_status":"closed","ping_status":"open","sticky":false,"template":"","format":"standard","meta":{"footnotes":""},"categories":[2],"tags":[62],"class_list":["post-318","post","type-post","status-publish","format-standard","has-post-thumbnail","hentry","category-novinky","tag-paracyklistika"],"_links":{"self":[{"href":"https:\/\/www.czechcyclingfederation.com\/en\/wp-json\/wp\/v2\/posts\/318","targetHints":{"allow":["GET"]}}],"collection":[{"href":"https:\/\/www.czechcyclingfederation.com\/en\/wp-json\/wp\/v2\/posts"}],"about":[{"href":"https:\/\/www.czechcyclingfederation.com\/en\/wp-json\/wp\/v2\/types\/post"}],"author":[{"embeddable":true,"href":"https:\/\/www.czechcyclingfederation.com\/en\/wp-json\/wp\/v2\/users\/1"}],"replies":[{"embeddable":true,"href":"https:\/\/www.czechcyclingfederation.com\/en\/wp-json\/wp\/v2\/comments?post=318"}],"version-history":[{"count":1,"href":"https:\/\/www.czechcyclingfederation.com\/en\/wp-json\/wp\/v2\/posts\/318\/revisions"}],"predecessor-version":[{"id":320,"href":"https:\/\/www.czechcyclingfederation.com\/en\/wp-json\/wp\/v2\/posts\/318\/revisions\/320"}],"wp:featuredmedia":[{"embeddable":true,"href":"https:\/\/www.czechcyclingfederation.com\/en\/wp-json\/wp\/v2\/media\/319"}],"wp:attachment":[{"href":"https:\/\/www.czechcyclingfederation.com\/en\/wp-json\/wp\/v2\/media?parent=318"}],"wp:term":[{"taxonomy":"category","embeddable":true,"href":"https:\/\/www.czechcyclingfederation.com\/en\/wp-json\/wp\/v2\/categories?post=318"},{"taxonomy":"post_tag","embeddable":true,"href":"https:\/\/www.czechcyclingfederation.com\/en\/wp-json\/wp\/v2\/tags?post=318"}],"curies":[{"name":"wp","href":"https:\/\/api.w.org\/{rel}","templated":true}]}}