{"id":31764,"date":"2024-09-03T20:50:38","date_gmt":"2024-09-03T18:50:38","guid":{"rendered":"https:\/\/www.czechcyclingfederation.com\/?p=31764"},"modified":"2024-09-04T12:41:57","modified_gmt":"2024-09-04T10:41:57","slug":"prvni-oficinalni-cesky-pohar-gravel-je-minulosti","status":"publish","type":"post","link":"https:\/\/www.czechcyclingfederation.com\/en\/prvni-oficinalni-cesky-pohar-gravel-je-minulosti\/","title":{"rendered":"Prvn\u00ed ofici\u00e1ln\u00ed \u010cesk\u00fd poh\u00e1r Gravel je minulost\u00ed"},"content":{"rendered":"\n<p>P\u011btid\u00edln\u00e1 s\u00e9rie pro milovn\u00edky gravelov\u00fdch kol, kter\u00e1 se rozjela 4. kv\u011btna v Hlinsku, pokra\u010dovala v Sudom\u011b\u0159ic\u00edch, d\u00e1le mistrovstv\u00edm \u010cR Gravel op\u011bt v Hlinsku, Zbraslavic\u00edch a vyvrcholila &nbsp;fin\u00e1lov\u00fdm z\u00e1vodem ve Vina\u0159ic\u00edch u Dobrovice. Z&nbsp;v\u00edt\u011bzstv\u00ed se ve Vina\u0159ic\u00edch radovali Petr Fiala (Integray L27 Cycling Team) a Krist\u00fdna Zemanov\u00e1 (Brilon Racing Team MB). Celkov\u00fdmi v\u00edt\u011bzi seri\u00e1lu se stali Daniel Mayer z KC Hlinsko a Nikol Fla\u0161arov\u00e1 (Endorphin Republic).<\/p>\n\n\n\n<figure class=\"wp-block-image size-full\"><img loading=\"lazy\" decoding=\"async\" width=\"1000\" height=\"667\" src=\"https:\/\/www.czechcyclingfederation.com\/wp-content\/uploads\/2024\/09\/stahnout.jpeg\" alt=\"\" class=\"wp-image-31770\" srcset=\"https:\/\/www.czechcyclingfederation.com\/wp-content\/uploads\/2024\/09\/stahnout.jpeg 1000w, https:\/\/www.czechcyclingfederation.com\/wp-content\/uploads\/2024\/09\/stahnout-300x200.jpeg 300w, https:\/\/www.czechcyclingfederation.com\/wp-content\/uploads\/2024\/09\/stahnout-768x512.jpeg 768w\" sizes=\"auto, (max-width: 1000px) 100vw, 1000px\" \/><\/figure>\n\n\n\n<p>V\u0161ichni po\u0159adatel\u00e9 se maxim\u00e1ln\u011b sna\u017eili p\u0159ipravit pro z\u00e1vodn\u00edky hezk\u00e9 a zaj\u00edmav\u00e9 trat\u011b. Ka\u017ed\u00e1 m\u011bla sv\u00e1 specifika, a tak se d\u00e1 \u0159\u00edci, \u017ee Gravel Bohemia Cup \u2013 \u010cesk\u00fd poh\u00e1r gravel 2024 byla zaj\u00edmav\u00e1 pestr\u00e1 sout\u011b\u017e. Seri\u00e1l si obl\u00edbili z\u00e1vodn\u00edci z r\u016fzn\u00fdch cyklistick\u00fdch discipl\u00edn, p\u0159ev\u00e1\u017en\u011b cyklokrosa\u0159i, bike\u0159i, ale tak\u00e9 silni\u010d\u00e1\u0159i.<\/p>\n\n\n\n<p>Startovn\u00ed pole se \u010dasto hem\u017eilo zaj\u00edmav\u00fdmi jm\u00e9ny. Po\u0159adatel\u00e9 byli v\u017edy pot\u011b\u0161eni \u00fa\u010dast\u00ed reprezentant\u016f, kte\u0159\u00ed d\u00e1vali jednotliv\u00fdm z\u00e1vod\u016fm p\u0159\u00edjemn\u00fd punc. Celkov\u00e9 po\u0159ad\u00ed v n\u011bkter\u00fdch kategori\u00edch bylo otev\u0159en\u00e9 do posledn\u00edho fin\u00e1lov\u00e9ho z\u00e1vodu, tak se bojovalo o ka\u017ed\u00fd bod. V seri\u00e1lu bylo klasifikov\u00e1no cca t\u0159i sta z\u00e1vodn\u00edk\u016f.<\/p>\n\n\n\n<p>V\u00fdsledky &#8211; Vina\u0159ice:<\/p>\n\n\n\n<p>Mu\u017ei:<\/p>\n\n\n\n<p>1. Fiala (Integray L27 Cycling Team) 2:22:10, 2. Kaloj\u00edros (Pierre Baguette cycling) +1:02, 3. Bakus (\u010cEZ Cyklo Team T\u00e1bor) +1:03, 4. Dvo\u0159\u00e1k (Mondraker racing team) +1:06, 5. Vik (\u010cEZ Cyklo Team T\u00e1bor) +4:34, 6. Kun\u00e1\u0161ek (ALAN TB Cycling Team) +4:34.<\/p>\n\n\n\n<p>\u017deny:<\/p>\n\n\n\n<p>1. Zemanov\u00e1 (Brilon Racing Team MB) 2:29:12, 2. Fla\u0161arov\u00e1 (Endorphin Republic) +30:48, 3. Herren (Kome Klub Kraslice) +50:20.<\/p>\n\n\n\n<figure class=\"wp-block-image size-large\"><img loading=\"lazy\" decoding=\"async\" width=\"1024\" height=\"683\" src=\"http:\/\/www.czechcyclingfederation.com\/wp-content\/uploads\/2024\/09\/MCR-Gravel-Hlinsko-2024-web1_10-1024x683.jpg\" alt=\"\" class=\"wp-image-31767\" srcset=\"https:\/\/www.czechcyclingfederation.com\/wp-content\/uploads\/2024\/09\/MCR-Gravel-Hlinsko-2024-web1_10-1024x683.jpg 1024w, https:\/\/www.czechcyclingfederation.com\/wp-content\/uploads\/2024\/09\/MCR-Gravel-Hlinsko-2024-web1_10-300x200.jpg 300w, https:\/\/www.czechcyclingfederation.com\/wp-content\/uploads\/2024\/09\/MCR-Gravel-Hlinsko-2024-web1_10-768x512.jpg 768w, https:\/\/www.czechcyclingfederation.com\/wp-content\/uploads\/2024\/09\/MCR-Gravel-Hlinsko-2024-web1_10-1536x1024.jpg 1536w, https:\/\/www.czechcyclingfederation.com\/wp-content\/uploads\/2024\/09\/MCR-Gravel-Hlinsko-2024-web1_10-1320x880.jpg 1320w, https:\/\/www.czechcyclingfederation.com\/wp-content\/uploads\/2024\/09\/MCR-Gravel-Hlinsko-2024-web1_10.jpg 1600w\" sizes=\"auto, (max-width: 1024px) 100vw, 1024px\" \/><\/figure>\n\n\n\n<p>Celkov\u00e9 po\u0159ad\u00ed seri\u00e1lu po kategori\u00edch:<\/p>\n\n\n\n<p>M 19 \u2013 34: 1.&nbsp; Mayer, 2. Bakus, 3. Kaloj\u00edros.<\/p>\n\n\n\n<p>M 35 \u2013 49: 1. Zeithammer, 2. Posp\u00ed\u0161il, 3. J. Svoboda.<\/p>\n\n\n\n<p>M 50+: 1. M\u00fcller, 2. P. Svoboda, 3. Ku\u010dera.<\/p>\n\n\n\n<p>Junio\u0159i: 1. Peka\u0159, 2. Dvo\u0159\u00e1k, 3. Doud\u011bra.<\/p>\n\n\n\n<p>\u017deny: &nbsp;1. Fla\u0161arov\u00e1, 2. Zemanov\u00e1, 3. Herren.<\/p>\n\n\n\n<p>Po\u0159adatelsk\u00e1 firma Gravel group u\u017e p\u0159em\u00fd\u0161l\u00ed o p\u0159\u00ed\u0161t\u00edm ro\u010dn\u00edku, o lokalit\u00e1ch a po\u0159adateli mistrovsk\u00e9ho z\u00e1vodu. T\u00e9matem je i roz\u0161\u00ed\u0159en\u00ed kategori\u00ed a dal\u0161\u00ed t\u00e9mata pro dal\u0161\u00ed posun a vylep\u0161en\u00ed seri\u00e1lu.<\/p>\n\n\n\n<p>FOTO Milo\u0161 Lubas<\/p>\n","protected":false},"excerpt":{"rendered":"<p>P\u011btid\u00edln\u00e1 s\u00e9rie pro milovn\u00edky gravelov\u00fdch kol, kter\u00e1 se rozjela 4. kv\u011btna v Hlinsku, pokra\u010dovala v Sudom\u011b\u0159ic\u00edch, d\u00e1le mistrovstv\u00edm \u010cR Gravel op\u011bt v Hlinsku, Zbraslavic\u00edch a vyvrcholila &nbsp;fin\u00e1lov\u00fdm z\u00e1vodem ve Vina\u0159ic\u00edch u Dobrovice. Z&nbsp;v\u00edt\u011bzstv\u00ed se ve Vina\u0159ic\u00edch radovali Petr Fiala (Integray L27 Cycling Team) a Krist\u00fdna Zemanov\u00e1 (Brilon Racing Team MB). Celkov\u00fdmi v\u00edt\u011bzi seri\u00e1lu se stali [&hellip;]<\/p>\n","protected":false},"author":8,"featured_media":31765,"comment_status":"closed","ping_status":"open","sticky":false,"template":"","format":"standard","meta":{"footnotes":""},"categories":[421,2],"tags":[196],"class_list":["post-31764","post","type-post","status-publish","format-standard","has-post-thumbnail","hentry","category-gravel","category-novinky","tag-gravel"],"_links":{"self":[{"href":"https:\/\/www.czechcyclingfederation.com\/en\/wp-json\/wp\/v2\/posts\/31764","targetHints":{"allow":["GET"]}}],"collection":[{"href":"https:\/\/www.czechcyclingfederation.com\/en\/wp-json\/wp\/v2\/posts"}],"about":[{"href":"https:\/\/www.czechcyclingfederation.com\/en\/wp-json\/wp\/v2\/types\/post"}],"author":[{"embeddable":true,"href":"https:\/\/www.czechcyclingfederation.com\/en\/wp-json\/wp\/v2\/users\/8"}],"replies":[{"embeddable":true,"href":"https:\/\/www.czechcyclingfederation.com\/en\/wp-json\/wp\/v2\/comments?post=31764"}],"version-history":[{"count":3,"href":"https:\/\/www.czechcyclingfederation.com\/en\/wp-json\/wp\/v2\/posts\/31764\/revisions"}],"predecessor-version":[{"id":31774,"href":"https:\/\/www.czechcyclingfederation.com\/en\/wp-json\/wp\/v2\/posts\/31764\/revisions\/31774"}],"wp:featuredmedia":[{"embeddable":true,"href":"https:\/\/www.czechcyclingfederation.com\/en\/wp-json\/wp\/v2\/media\/31765"}],"wp:attachment":[{"href":"https:\/\/www.czechcyclingfederation.com\/en\/wp-json\/wp\/v2\/media?parent=31764"}],"wp:term":[{"taxonomy":"category","embeddable":true,"href":"https:\/\/www.czechcyclingfederation.com\/en\/wp-json\/wp\/v2\/categories?post=31764"},{"taxonomy":"post_tag","embeddable":true,"href":"https:\/\/www.czechcyclingfederation.com\/en\/wp-json\/wp\/v2\/tags?post=31764"}],"curies":[{"name":"wp","href":"https:\/\/api.w.org\/{rel}","templated":true}]}}