{"id":31750,"date":"2024-09-03T16:51:24","date_gmt":"2024-09-03T14:51:24","guid":{"rendered":"https:\/\/www.czechcyclingfederation.com\/?p=31750"},"modified":"2024-09-04T12:55:14","modified_gmt":"2024-09-04T10:55:14","slug":"masters-cykliste-vezou-z-ms-z-danska-ctyri-medaile","status":"publish","type":"post","link":"https:\/\/www.czechcyclingfederation.com\/en\/masters-cykliste-vezou-z-ms-z-danska-ctyri-medaile\/","title":{"rendered":"Masters cyklist\u00e9 vezou z MS z D\u00e1nska \u010dty\u0159i medaile"},"content":{"rendered":"\n<p>Celkem \u010dty\u0159i medaile &#8211; jednu zlatou a t\u0159i bronzov\u00e9, vybojovali \u010de\u0161t\u00ed jezdci na mistrovstv\u00ed sv\u011bta pro amat\u00e9rskou a masters cyklistiku Gran Fondo v d\u00e1nsk\u00e9m Aalborgu. Na\u0161ich z\u00e1vodn\u00edk\u016f se na startu objevilo celkem 36. A nej\u00fasp\u011b\u0161n\u011bj\u0161\u00ed byl p\u011btaosmdes\u00e1tilet\u00fd Petr Vatlach, kter\u00fd v kategorii 85-89 let vybojoval zlato v \u010dasovce.<\/p>\n\n\n\n<figure class=\"wp-block-image size-large\"><img loading=\"lazy\" decoding=\"async\" width=\"1024\" height=\"768\" src=\"https:\/\/www.czechcyclingfederation.com\/wp-content\/uploads\/2024\/09\/20240829_094150-1024x768.jpg\" alt=\"\" class=\"wp-image-31753\" srcset=\"https:\/\/www.czechcyclingfederation.com\/wp-content\/uploads\/2024\/09\/20240829_094150-1024x768.jpg 1024w, https:\/\/www.czechcyclingfederation.com\/wp-content\/uploads\/2024\/09\/20240829_094150-267x200.jpg 267w, https:\/\/www.czechcyclingfederation.com\/wp-content\/uploads\/2024\/09\/20240829_094150-768x576.jpg 768w, https:\/\/www.czechcyclingfederation.com\/wp-content\/uploads\/2024\/09\/20240829_094150-1536x1152.jpg 1536w, https:\/\/www.czechcyclingfederation.com\/wp-content\/uploads\/2024\/09\/20240829_094150-2048x1536.jpg 2048w, https:\/\/www.czechcyclingfederation.com\/wp-content\/uploads\/2024\/09\/20240829_094150-1320x990.jpg 1320w\" sizes=\"auto, (max-width: 1024px) 100vw, 1024px\" \/><\/figure>\n\n\n\n<p>Bronz pot\u00e9 p\u0159idal i v z\u00e1vodu s hromadn\u00fdm startem a ve stejn\u00e9 kategorii vybojoval t\u0159et\u00ed m\u00edsto v \u010dasovce Milan Mattu\u0161 (87 let a 9 m\u011bs\u00edc\u016f), kter\u00fd byl v\u016fbec nejstar\u0161\u00edm z\u00e1vodn\u00edkem cel\u00e9 mistrovsk\u00e9 \u010dasovky.<\/p>\n\n\n\n<p>Posledn\u00ed cenn\u00fd kov dom\u016f p\u0159ivezla sm\u00ed\u0161en\u00e1 \u0161tafeta ve slo\u017een\u00ed Jan Mal\u00ed\u0159, Jitka Rakov\u00e1, Karel Petera a Petr Hampl, kte\u0159\u00ed vybojovali bronz. &#8220;Takticky jsme na prvn\u00ed \u00fasek bronzov\u00e9 \u0161tafety dali Honzu Mal\u00ed\u0159e, kter\u00fd se dok\u00e1\u017ee poradn\u011b hecnout a namotivovat a udr\u017eel se skv\u011ble v odjet\u00e9 skupin\u011b. Druh\u00fd \u00fasek jela Jitka Rakov\u00e1, na t\u0159et\u00edm \u00faseku jsme m\u011bli Karla Peteru, kter\u00fd dr\u017eel sedm\u00e9 m\u00edsto. Dramatick\u00fd posledn\u00ed \u00fasek za n\u00e1s odjel Petr Hampl a prok\u00e1zal zku\u0161enosti ze sv\u00e9 ukon\u010den\u00e9 eli\u0165\u00e1ck\u00e9 kari\u00e9ry, kdy si zku\u0161en\u011b po\u010dkal na posledn\u00ed kolo a dot\u00e1hl\u00a0 se s nizozemsk\u00fdm jezdcem do skupiny za vedouc\u00edm Pol\u00e1kem. V posledn\u00ed zat\u00e1\u010dce 150 m p\u0159ed c\u00edlem se z \u0161est\u00e9 figury dostal kr\u00e1sn\u00fdm podjet\u00edm z\u00e1vodn\u00edk\u016f na t\u0159et\u00ed m\u00edsto a \u00fato\u010dil i na st\u0159\u00edbro, ale na c\u00edlov\u00e9 p\u00e1sce nesta\u010dil belgick\u00e9ho jezdce a z\u00edskal tak pro \u010ceskou republiku bronzovou medaili,&#8221; \u0159ekl Josef \u0158\u00edha, p\u0159edseda \u010cPP Extraliga Masters.<\/p>\n\n\n\n<p>FOTO Josef \u0158\u00edha<\/p>\n","protected":false},"excerpt":{"rendered":"<p>Celkem \u010dty\u0159i medaile &#8211; jednu zlatou a t\u0159i bronzov\u00e9, vybojovali \u010de\u0161t\u00ed jezdci na mistrovstv\u00ed sv\u011bta pro amat\u00e9rskou a masters cyklistiku Gran Fondo v d\u00e1nsk\u00e9m Aalborgu. Na\u0161ich z\u00e1vodn\u00edk\u016f se na startu objevilo celkem 36. A nej\u00fasp\u011b\u0161n\u011bj\u0161\u00ed byl p\u011btaosmdes\u00e1tilet\u00fd Petr Vatlach, kter\u00fd v kategorii 85-89 let vybojoval zlato v \u010dasovce. Bronz pot\u00e9 p\u0159idal i v z\u00e1vodu s [&hellip;]<\/p>\n","protected":false},"author":8,"featured_media":31756,"comment_status":"closed","ping_status":"open","sticky":false,"template":"","format":"standard","meta":{"footnotes":""},"categories":[2,18],"tags":[11],"class_list":["post-31750","post","type-post","status-publish","format-standard","has-post-thumbnail","hentry","category-novinky","category-silnice","tag-silnice"],"_links":{"self":[{"href":"https:\/\/www.czechcyclingfederation.com\/en\/wp-json\/wp\/v2\/posts\/31750","targetHints":{"allow":["GET"]}}],"collection":[{"href":"https:\/\/www.czechcyclingfederation.com\/en\/wp-json\/wp\/v2\/posts"}],"about":[{"href":"https:\/\/www.czechcyclingfederation.com\/en\/wp-json\/wp\/v2\/types\/post"}],"author":[{"embeddable":true,"href":"https:\/\/www.czechcyclingfederation.com\/en\/wp-json\/wp\/v2\/users\/8"}],"replies":[{"embeddable":true,"href":"https:\/\/www.czechcyclingfederation.com\/en\/wp-json\/wp\/v2\/comments?post=31750"}],"version-history":[{"count":2,"href":"https:\/\/www.czechcyclingfederation.com\/en\/wp-json\/wp\/v2\/posts\/31750\/revisions"}],"predecessor-version":[{"id":31777,"href":"https:\/\/www.czechcyclingfederation.com\/en\/wp-json\/wp\/v2\/posts\/31750\/revisions\/31777"}],"wp:featuredmedia":[{"embeddable":true,"href":"https:\/\/www.czechcyclingfederation.com\/en\/wp-json\/wp\/v2\/media\/31756"}],"wp:attachment":[{"href":"https:\/\/www.czechcyclingfederation.com\/en\/wp-json\/wp\/v2\/media?parent=31750"}],"wp:term":[{"taxonomy":"category","embeddable":true,"href":"https:\/\/www.czechcyclingfederation.com\/en\/wp-json\/wp\/v2\/categories?post=31750"},{"taxonomy":"post_tag","embeddable":true,"href":"https:\/\/www.czechcyclingfederation.com\/en\/wp-json\/wp\/v2\/tags?post=31750"}],"curies":[{"name":"wp","href":"https:\/\/api.w.org\/{rel}","templated":true}]}}