{"id":31725,"date":"2024-09-02T12:46:02","date_gmt":"2024-09-02T10:46:02","guid":{"rendered":"https:\/\/www.czechcyclingfederation.com\/?p=31725"},"modified":"2024-09-02T18:04:03","modified_gmt":"2024-09-02T16:04:03","slug":"juniorka-hezinova-skoncila-sesti-na-ncupu-v-nizozemsku","status":"publish","type":"post","link":"https:\/\/www.czechcyclingfederation.com\/en\/juniorka-hezinova-skoncila-sesti-na-ncupu-v-nizozemsku\/","title":{"rendered":"Juniorka Hezinov\u00e1 skon\u010dila \u0161est\u00e1 na N\u00b4Cupu v Nizozemsku"},"content":{"rendered":"\n<p>Nejlep\u0161\u00edm v\u00fdkonem se z \u010desk\u00fdch z\u00e1vodnic na juniorsk\u00e9m podniku Watersley Ladies Challenge v Nizozemsku, kter\u00fd byl v kalend\u00e1\u0159i UCI jako podnik seri\u00e1lu z\u00e1vod\u016f N\u00b4Cupu, prezentovala <strong>Daniela Hezinov\u00e1 <\/strong>jezdc\u00edc\u00ed v barv\u00e1ch t\u00fdmu Watersley R&amp;D Road Team. V kone\u010dn\u00e9m hodnocen\u00ed t\u0159\u00edetapov\u00e9ho z\u00e1vodu vybojovala vynikaj\u00edc\u00ed \u0161est\u00e9 m\u00edsto, mezi mlad\u00fdmi z\u00e1vodnicemi byla klasifikov\u00e1na jako \u010dtvrt\u00e1.<\/p>\n\n\n\n<p>Nav\u00edc ve v\u0161ech etap\u00e1ch dojela v elitn\u00ed des\u00e1tce, nejl\u00e9pe ve t\u0159et\u00ed etap\u011b byla p\u00e1t\u00e1. Ze z\u00e1vodnic, kter\u00e9 startovaly v barv\u00e1ch reprezentace \u010cR, byla nejv\u00fd\u0161e klasifikov\u00e1na <strong>Iva Kova\u0159\u00edkov\u00e1<\/strong> na 37. pozici.<\/p>\n\n\n\n<p>Kone\u010dn\u00e9 po\u0159ad\u00ed:<\/p>\n\n\n\n<p>1. Ostizov\u00e1 (\u0160p.) 4:39:02, 2. Langenbargov\u00e1 (Niz.) +11, 3. Wongov\u00e1 (Brit.) +45, &#8230; <strong>6. Hezinov\u00e1 <\/strong>(\u010cR\/Watersley R&amp;D Road Team) +1:03, <strong>37. Kova\u0159\u00edkov\u00e1<\/strong> +3:32, <strong>41. Dubcov\u00e1 <\/strong>+3:57, <strong>52. Doud\u011brov\u00e1<\/strong> +7:08, <strong>63. Pittnerov\u00e1<\/strong> +7:55, <strong>75. A. Han\u00e1kov\u00e1<\/strong> (v\u0161echny \u010cR) +10:43.<\/p>\n\n\n\n<p>FOTO facebook Daniely Hezinov\u00e9<\/p>\n","protected":false},"excerpt":{"rendered":"<p>Nejlep\u0161\u00edm v\u00fdkonem se z \u010desk\u00fdch z\u00e1vodnic na juniorsk\u00e9m podniku Watersley Ladies Challenge v Nizozemsku, kter\u00fd byl v kalend\u00e1\u0159i UCI jako podnik seri\u00e1lu z\u00e1vod\u016f N\u00b4Cupu, prezentovala Daniela Hezinov\u00e1 jezdc\u00edc\u00ed v barv\u00e1ch t\u00fdmu Watersley R&amp;D Road Team. V kone\u010dn\u00e9m hodnocen\u00ed t\u0159\u00edetapov\u00e9ho z\u00e1vodu vybojovala vynikaj\u00edc\u00ed \u0161est\u00e9 m\u00edsto, mezi mlad\u00fdmi z\u00e1vodnicemi byla klasifikov\u00e1na jako \u010dtvrt\u00e1. Nav\u00edc ve v\u0161ech etap\u00e1ch [&hellip;]<\/p>\n","protected":false},"author":8,"featured_media":31726,"comment_status":"closed","ping_status":"open","sticky":false,"template":"","format":"standard","meta":{"footnotes":""},"categories":[2,18],"tags":[11],"class_list":["post-31725","post","type-post","status-publish","format-standard","has-post-thumbnail","hentry","category-novinky","category-silnice","tag-silnice"],"_links":{"self":[{"href":"https:\/\/www.czechcyclingfederation.com\/en\/wp-json\/wp\/v2\/posts\/31725","targetHints":{"allow":["GET"]}}],"collection":[{"href":"https:\/\/www.czechcyclingfederation.com\/en\/wp-json\/wp\/v2\/posts"}],"about":[{"href":"https:\/\/www.czechcyclingfederation.com\/en\/wp-json\/wp\/v2\/types\/post"}],"author":[{"embeddable":true,"href":"https:\/\/www.czechcyclingfederation.com\/en\/wp-json\/wp\/v2\/users\/8"}],"replies":[{"embeddable":true,"href":"https:\/\/www.czechcyclingfederation.com\/en\/wp-json\/wp\/v2\/comments?post=31725"}],"version-history":[{"count":4,"href":"https:\/\/www.czechcyclingfederation.com\/en\/wp-json\/wp\/v2\/posts\/31725\/revisions"}],"predecessor-version":[{"id":31734,"href":"https:\/\/www.czechcyclingfederation.com\/en\/wp-json\/wp\/v2\/posts\/31725\/revisions\/31734"}],"wp:featuredmedia":[{"embeddable":true,"href":"https:\/\/www.czechcyclingfederation.com\/en\/wp-json\/wp\/v2\/media\/31726"}],"wp:attachment":[{"href":"https:\/\/www.czechcyclingfederation.com\/en\/wp-json\/wp\/v2\/media?parent=31725"}],"wp:term":[{"taxonomy":"category","embeddable":true,"href":"https:\/\/www.czechcyclingfederation.com\/en\/wp-json\/wp\/v2\/categories?post=31725"},{"taxonomy":"post_tag","embeddable":true,"href":"https:\/\/www.czechcyclingfederation.com\/en\/wp-json\/wp\/v2\/tags?post=31725"}],"curies":[{"name":"wp","href":"https:\/\/api.w.org\/{rel}","templated":true}]}}