{"id":31710,"date":"2024-09-01T18:28:00","date_gmt":"2024-09-01T16:28:00","guid":{"rendered":"https:\/\/www.czechcyclingfederation.com\/?p=31710"},"modified":"2024-09-02T08:44:39","modified_gmt":"2024-09-02T06:44:39","slug":"polak-waliniak-vitezem-omnia-gp-prostejov-memorialu-otmara-malecka","status":"publish","type":"post","link":"https:\/\/www.czechcyclingfederation.com\/en\/polak-waliniak-vitezem-omnia-gp-prostejov-memorialu-otmara-malecka\/","title":{"rendered":"Pol\u00e1k Waliniak v\u00edt\u011bzem omnia GP Prost\u011bjov \u2013 Memori\u00e1lu Otmara Male\u010dka"},"content":{"rendered":"\n<p>Pol\u00e1k <strong>Konrad Waliniak<\/strong> vyhr\u00e1l p\u0159i dr\u00e1hov\u00e9m Memori\u00e1lu Otmara Male\u010dka presti\u017en\u00ed omnium a potvrdil tak skv\u011blou formu z&nbsp;p\u0159edchoz\u00edch dvou dn\u016f na prost\u011bjovsk\u00e9m velodromu. Stejn\u011b tak jeho krajan <strong>Piotr Maslak<\/strong>, kter\u00fd skon\u010dil t\u0159et\u00ed.<\/p>\n\n\n\n<p>Omnium mu\u017e\u016f elite bylo jedn\u00edm z&nbsp;vrchol\u016f programu druh\u00e9ho z\u00e1vodn\u00edho dne GP Prost\u011bjov \u2013 Memori\u00e1lu Otmara Male\u010dka. P\u0159etlak z\u00e1vodn\u00edk\u016f si vynutil kvalifika\u010dn\u00ed j\u00edzdy, z nich\u017e teprve vze\u0161la p\u011btadvac\u00edtka z\u00e1vodn\u00edk\u016f.<\/p>\n\n\n\n<p>I t\u0159et\u00ed z\u00e1vodn\u00ed den vynikaj\u00edc\u00ed sportovn\u00ed v\u00fdkonnost p\u0159edvedli pol\u0161t\u00ed reprezentanti, kte\u0159\u00ed obsadili prvn\u00ed, respektive t\u0159et\u00ed m\u00edsto. Na m\u00edsto druh\u00e9 se vynikaj\u00edc\u00edm v\u00fdkonem probil reprezentant Rumunska Daniel Crista. Nejlep\u0161\u00edm z \u010desk\u00fdch z\u00e1vodn\u00edk\u016f byl \u0161est\u00fd <strong>Adam K\u0159enek<\/strong>, v prvn\u00ed des\u00edtce se um\u00edstil i dev\u00e1t\u00fd <strong>Tom\u00e1\u0161 B\u00e1rta<\/strong>.<\/p>\n\n\n\n<figure class=\"wp-block-image size-large\"><img loading=\"lazy\" decoding=\"async\" width=\"1024\" height=\"683\" src=\"https:\/\/www.czechcyclingfederation.com\/wp-content\/uploads\/2024\/09\/draha-2-1024x683.jpg\" alt=\"\" class=\"wp-image-31713\" srcset=\"https:\/\/www.czechcyclingfederation.com\/wp-content\/uploads\/2024\/09\/draha-2-1024x683.jpg 1024w, https:\/\/www.czechcyclingfederation.com\/wp-content\/uploads\/2024\/09\/draha-2-300x200.jpg 300w, https:\/\/www.czechcyclingfederation.com\/wp-content\/uploads\/2024\/09\/draha-2-768x512.jpg 768w, https:\/\/www.czechcyclingfederation.com\/wp-content\/uploads\/2024\/09\/draha-2.jpg 1200w\" sizes=\"auto, (max-width: 1024px) 100vw, 1024px\" \/><\/figure>\n\n\n\n<p>\u017deny a juniorky se postupn\u011b utkaly ve scratchi, vylu\u010dovac\u00edm a bodovac\u00edm z\u00e1vod\u011b. Ve scratchi prvn\u00ed m\u00edsto obsadila Slovenka Al\u017eb\u011bta Ba\u010d\u00edkov\u00e1, v eliminaci zv\u00edt\u011bzila D\u00e1nka Ellen Hj\u00f6llund Klingeov\u00e1.<\/p>\n\n\n\n<p class=\"has-medium-font-size\"><strong>M\u00fcllerov\u00e1 druh\u00e1 v bodova\u010dce<\/strong><\/p>\n\n\n\n<p>Z\u00e1v\u011bre\u010dn\u00fd bodovac\u00ed z\u00e1vod p\u0159inesl strhuj\u00edc\u00ed pod\u00edvanou, suver\u00e9nn\u011b vyhr\u00e1la op\u011bt Klingeov\u00e1, ale rozhoduj\u00edc\u00ed rundu se poda\u0159ilo d\u00e1t tak\u00e9 \u010desk\u00e9 dr\u00e1ha\u0159ce <strong>Patricii M\u00fcllerov<\/strong>\u00e9, kter\u00e1 obsadila vynikaj\u00edc\u00ed druh\u00e9 m\u00edsto. V\u00fdkon prost\u011bjovsk\u00e9 odchovankyn\u011b byl podtr\u017een t\u00edm, \u017ee Patricie se ve \u010dtvrte\u010dn\u00ed eliminaci dostala do hromadn\u00e9ho p\u00e1du, vynechala p\u00e1te\u010dn\u00ed z\u00e1vody, aby v sobotu vybojovala skv\u011bl\u00e9 druh\u00e9 m\u00edsto. P\u011bknou \u010dtvrtou p\u0159\u00ed\u010dku obsadila Hana He\u0159manovsk\u00e1, kter\u00e9 jako odchovankyn\u011b uni\u010dovsk\u00e9 cyklistiky rovn\u011b\u017e odtr\u00e9novala dlouh\u00e1 l\u00e9ta na prost\u011bjovsk\u00e9 dr\u00e1ze.<\/p>\n\n\n\n<p class=\"has-medium-font-size\"><strong>Vr\u00e1na slavil zlat\u00fd hattrick<\/strong><\/p>\n\n\n\n<p>Ve stejn\u00fdch discipl\u00edn\u00e1ch jako \u017eeny a juniorky se p\u0159edvedli tak\u00e9 junio\u0159i. Ve scratchi zv\u00edt\u011bzil dom\u00e1c\u00ed <strong>Tom\u00e1\u0161 Vr\u00e1na<\/strong> p\u0159ed druh\u00fdm Karolem Grzadzielem z Polska a t\u0159et\u00edm rovn\u011b\u017e dom\u00e1c\u00edm <strong>Albertem Rauschertem<\/strong>. Vr\u00e1na p\u0159emo\u017eitele nena\u0161el ani v&nbsp;eliminaci a v z\u00e1v\u011bre\u010dn\u00e9m bodovac\u00edm z\u00e1vod\u011b v\u00edt\u011bzstv\u00edm zavr\u0161il zlat\u00fd hattrick!<\/p>\n\n\n\n<figure class=\"wp-block-image size-large\"><img loading=\"lazy\" decoding=\"async\" width=\"1024\" height=\"683\" src=\"https:\/\/www.czechcyclingfederation.com\/wp-content\/uploads\/2024\/09\/DSC_0401-1024x683.jpg\" alt=\"\" class=\"wp-image-31715\" srcset=\"https:\/\/www.czechcyclingfederation.com\/wp-content\/uploads\/2024\/09\/DSC_0401-1024x683.jpg 1024w, https:\/\/www.czechcyclingfederation.com\/wp-content\/uploads\/2024\/09\/DSC_0401-300x200.jpg 300w, https:\/\/www.czechcyclingfederation.com\/wp-content\/uploads\/2024\/09\/DSC_0401-768x512.jpg 768w, https:\/\/www.czechcyclingfederation.com\/wp-content\/uploads\/2024\/09\/DSC_0401.jpg 1200w\" sizes=\"auto, (max-width: 1024px) 100vw, 1024px\" \/><\/figure>\n\n\n\n<p>Na samotn\u00fd z\u00e1v\u011br z\u00e1vod\u016f byl l\u00e9ka\u0159ce onkologick\u00e9 kliniky FN Olomouc MUDr. Denise Vit\u00e1skov\u00e9, Ph.D., p\u0159ed\u00e1n v\u00fdt\u011b\u017eek dobrovoln\u00e9ho vstupn\u00e9ho ve v\u00fd\u0161i 28 000 K\u010d. Je to klinika, kde se Otmar Male\u010dek l\u00e9\u010dil. Jeho pam\u00e1tku \u00fa\u010dastn\u00edci uctili t\u00e9\u017e minutou ticha p\u0159ed vyhl\u00e1\u0161en\u00edm p\u00e1te\u010dn\u00edho madisonu.<\/p>\n\n\n\n<p>Foto: Ond\u0159ej \u0160r\u00e1mek<\/p>\n","protected":false},"excerpt":{"rendered":"<p>Pol\u00e1k Konrad Waliniak vyhr\u00e1l p\u0159i dr\u00e1hov\u00e9m Memori\u00e1lu Otmara Male\u010dka presti\u017en\u00ed omnium a potvrdil tak skv\u011blou formu z&nbsp;p\u0159edchoz\u00edch dvou dn\u016f na prost\u011bjovsk\u00e9m velodromu. Stejn\u011b tak jeho krajan Piotr Maslak, kter\u00fd skon\u010dil t\u0159et\u00ed. Omnium mu\u017e\u016f elite bylo jedn\u00edm z&nbsp;vrchol\u016f programu druh\u00e9ho z\u00e1vodn\u00edho dne GP Prost\u011bjov \u2013 Memori\u00e1lu Otmara Male\u010dka. P\u0159etlak z\u00e1vodn\u00edk\u016f si vynutil kvalifika\u010dn\u00ed j\u00edzdy, z nich\u017e [&hellip;]<\/p>\n","protected":false},"author":15,"featured_media":31711,"comment_status":"closed","ping_status":"open","sticky":false,"template":"","format":"standard","meta":{"footnotes":""},"categories":[2],"tags":[9],"class_list":["post-31710","post","type-post","status-publish","format-standard","has-post-thumbnail","hentry","category-novinky","tag-draha"],"_links":{"self":[{"href":"https:\/\/www.czechcyclingfederation.com\/en\/wp-json\/wp\/v2\/posts\/31710","targetHints":{"allow":["GET"]}}],"collection":[{"href":"https:\/\/www.czechcyclingfederation.com\/en\/wp-json\/wp\/v2\/posts"}],"about":[{"href":"https:\/\/www.czechcyclingfederation.com\/en\/wp-json\/wp\/v2\/types\/post"}],"author":[{"embeddable":true,"href":"https:\/\/www.czechcyclingfederation.com\/en\/wp-json\/wp\/v2\/users\/15"}],"replies":[{"embeddable":true,"href":"https:\/\/www.czechcyclingfederation.com\/en\/wp-json\/wp\/v2\/comments?post=31710"}],"version-history":[{"count":3,"href":"https:\/\/www.czechcyclingfederation.com\/en\/wp-json\/wp\/v2\/posts\/31710\/revisions"}],"predecessor-version":[{"id":31721,"href":"https:\/\/www.czechcyclingfederation.com\/en\/wp-json\/wp\/v2\/posts\/31710\/revisions\/31721"}],"wp:featuredmedia":[{"embeddable":true,"href":"https:\/\/www.czechcyclingfederation.com\/en\/wp-json\/wp\/v2\/media\/31711"}],"wp:attachment":[{"href":"https:\/\/www.czechcyclingfederation.com\/en\/wp-json\/wp\/v2\/media?parent=31710"}],"wp:term":[{"taxonomy":"category","embeddable":true,"href":"https:\/\/www.czechcyclingfederation.com\/en\/wp-json\/wp\/v2\/categories?post=31710"},{"taxonomy":"post_tag","embeddable":true,"href":"https:\/\/www.czechcyclingfederation.com\/en\/wp-json\/wp\/v2\/tags?post=31710"}],"curies":[{"name":"wp","href":"https:\/\/api.w.org\/{rel}","templated":true}]}}