{"id":31602,"date":"2024-08-31T11:37:25","date_gmt":"2024-08-31T09:37:25","guid":{"rendered":"https:\/\/www.czechcyclingfederation.com\/?p=31602"},"modified":"2024-08-31T11:37:28","modified_gmt":"2024-08-31T09:37:28","slug":"waliniak-a-masla-vitezi-memorialu-otmara-malecka-babor-s-bartou-treti","status":"publish","type":"post","link":"https:\/\/www.czechcyclingfederation.com\/en\/waliniak-a-masla-vitezi-memorialu-otmara-malecka-babor-s-bartou-treti\/","title":{"rendered":"Waliniak a Masla v\u00edt\u011bzi Memori\u00e1lu Otmara Male\u010dka, Babor s\u00a0B\u00e1rtou t\u0159et\u00ed"},"content":{"rendered":"\n<p>Suver\u00e9nn\u00edm zp\u016fsobem si pro v\u00edt\u011bzstv\u00ed v madisonu na Memori\u00e1lu Otmara Male\u010dka v&nbsp;Prost\u011bjov\u011b p\u0159ijela polsk\u00e1 dvojice <strong>Kondrad Waliniak<\/strong> a <strong>Piotr Masla<\/strong>.<\/p>\n\n\n\n<p>Ve strhuj\u00edc\u00edm fini\u0161i urvali druh\u00e9 m\u00edsto italsk\u00fd matador Matteo Donega a Oskar Ulrik Winkler z D\u00e1nska. Nakonec a\u017e t\u0159et\u00ed m\u00edsto z\u016fstalo pro <strong>Daniela Babora s Tom\u00e1\u0161em B\u00e1rtou<\/strong>, kte\u0159\u00ed dlouho bojovali o v\u00edt\u011bzstv\u00ed a na t\u0159et\u00ed m\u00edsto se propadli a\u017e v sam\u00e9m z\u00e1v\u011bru z\u00e1vodu.<\/p>\n\n\n\n<figure class=\"wp-block-image size-large\"><img loading=\"lazy\" decoding=\"async\" width=\"1024\" height=\"682\" src=\"https:\/\/www.czechcyclingfederation.com\/wp-content\/uploads\/2024\/08\/malecek-2-1024x682.jpg\" alt=\"\" class=\"wp-image-31606\" srcset=\"https:\/\/www.czechcyclingfederation.com\/wp-content\/uploads\/2024\/08\/malecek-2-1024x682.jpg 1024w, https:\/\/www.czechcyclingfederation.com\/wp-content\/uploads\/2024\/08\/malecek-2-300x200.jpg 300w, https:\/\/www.czechcyclingfederation.com\/wp-content\/uploads\/2024\/08\/malecek-2-768x511.jpg 768w, https:\/\/www.czechcyclingfederation.com\/wp-content\/uploads\/2024\/08\/malecek-2-1536x1022.jpg 1536w, https:\/\/www.czechcyclingfederation.com\/wp-content\/uploads\/2024\/08\/malecek-2-2048x1363.jpg 2048w, https:\/\/www.czechcyclingfederation.com\/wp-content\/uploads\/2024\/08\/malecek-2-1320x879.jpg 1320w\" sizes=\"auto, (max-width: 1024px) 100vw, 1024px\" \/><\/figure>\n\n\n\n<p>Babor se pak je\u0161t\u011b na p\u00f3dium dostal v&nbsp;bodovac\u00edm z\u00e1vod\u011b jednotlivc\u016f, kde skon\u010dil rovn\u011b\u017e t\u0159et\u00ed. Bodova\u010dku opanoval Konrad Waliniak, kter\u00fd slavil zlato i v&nbsp;madisonu.<\/p>\n\n\n\n<p>Mu\u017ei elite se v&nbsp;p\u00e1tek p\u0159edvedli tak\u00e9 ve scratchi, kde zv\u00edt\u011bzil polsk\u00fd rychl\u00edk Filip Prokopyszyn p\u0159ed druh\u00fdm Matteo Donegou a Maksymilianem Radoszem z Polska.<\/p>\n\n\n\n<figure class=\"wp-block-image size-large\"><img loading=\"lazy\" decoding=\"async\" width=\"1024\" height=\"682\" src=\"https:\/\/www.czechcyclingfederation.com\/wp-content\/uploads\/2024\/08\/BrychtaJan_MOM_Prostejov_20240830_205626_D4C_1000-1024x682.jpg\" alt=\"\" class=\"wp-image-31608\" srcset=\"https:\/\/www.czechcyclingfederation.com\/wp-content\/uploads\/2024\/08\/BrychtaJan_MOM_Prostejov_20240830_205626_D4C_1000-1024x682.jpg 1024w, https:\/\/www.czechcyclingfederation.com\/wp-content\/uploads\/2024\/08\/BrychtaJan_MOM_Prostejov_20240830_205626_D4C_1000-300x200.jpg 300w, https:\/\/www.czechcyclingfederation.com\/wp-content\/uploads\/2024\/08\/BrychtaJan_MOM_Prostejov_20240830_205626_D4C_1000-768x511.jpg 768w, https:\/\/www.czechcyclingfederation.com\/wp-content\/uploads\/2024\/08\/BrychtaJan_MOM_Prostejov_20240830_205626_D4C_1000-1536x1022.jpg 1536w, https:\/\/www.czechcyclingfederation.com\/wp-content\/uploads\/2024\/08\/BrychtaJan_MOM_Prostejov_20240830_205626_D4C_1000-2048x1363.jpg 2048w, https:\/\/www.czechcyclingfederation.com\/wp-content\/uploads\/2024\/08\/BrychtaJan_MOM_Prostejov_20240830_205626_D4C_1000-1320x879.jpg 1320w\" sizes=\"auto, (max-width: 1024px) 100vw, 1024px\" \/><\/figure>\n\n\n\n<p>V\u00edt\u011bzkou omnia \u017een se stala slovensk\u00e1 z\u00e1vodnice Al\u017eb\u011bta Ba\u010d\u00edkov\u00e1 p\u0159ed druhou Lucy Nelsonovou z Velk\u00e9 Brit\u00e1nie a t\u0159et\u00ed Akvile Gedraityteovou z Litvy.<\/p>\n\n\n\n<p>Omnium junior\u016f vyhr\u00e1l dom\u00e1c\u00ed z\u00e1vodn\u00edk <strong>Tom\u00e1\u0161 Vr\u00e1na<\/strong>, druh\u00e9 m\u00edsto bral Matvii Chacinskijj z Ukrajiny, m\u00edsto t\u0159et\u00ed pro Duklu Praha vybojoval <strong>\u0160imon Mat\u011bjek<\/strong>.<\/p>\n\n\n\n<figure class=\"wp-block-image size-large\"><img loading=\"lazy\" decoding=\"async\" width=\"1024\" height=\"682\" src=\"https:\/\/www.czechcyclingfederation.com\/wp-content\/uploads\/2024\/08\/BrychtaJan_MOM_Prostejov_20240830_191855_D4C_0410-1024x682.jpg\" alt=\"\" class=\"wp-image-31610\" srcset=\"https:\/\/www.czechcyclingfederation.com\/wp-content\/uploads\/2024\/08\/BrychtaJan_MOM_Prostejov_20240830_191855_D4C_0410-1024x682.jpg 1024w, https:\/\/www.czechcyclingfederation.com\/wp-content\/uploads\/2024\/08\/BrychtaJan_MOM_Prostejov_20240830_191855_D4C_0410-300x200.jpg 300w, https:\/\/www.czechcyclingfederation.com\/wp-content\/uploads\/2024\/08\/BrychtaJan_MOM_Prostejov_20240830_191855_D4C_0410-768x511.jpg 768w, https:\/\/www.czechcyclingfederation.com\/wp-content\/uploads\/2024\/08\/BrychtaJan_MOM_Prostejov_20240830_191855_D4C_0410-1536x1022.jpg 1536w, https:\/\/www.czechcyclingfederation.com\/wp-content\/uploads\/2024\/08\/BrychtaJan_MOM_Prostejov_20240830_191855_D4C_0410-2048x1363.jpg 2048w, https:\/\/www.czechcyclingfederation.com\/wp-content\/uploads\/2024\/08\/BrychtaJan_MOM_Prostejov_20240830_191855_D4C_0410-1320x879.jpg 1320w\" sizes=\"auto, (max-width: 1024px) 100vw, 1024px\" \/><\/figure>\n\n\n\n<p><strong>V\u00fdsledky \u2013 mu\u017ei, bodovac\u00ed z\u00e1vod: <\/strong>1. Waliniak (Pol.) 99 b., 2. Crista (Rum.) 82, <strong>3. Babor <\/strong>80, \u2026 <strong>5. K\u0159enek <\/strong>(oba \u010cR) 67, <strong>scratch: <\/strong>1. Prokopyszyn (Pol.), 2. Donega (It.), 3. Radosz (Pol.), <strong>madison: <\/strong>1. Waliniak, Maslak (oba Pol.) 57 b., 2. Donega (It.), Winkler (D\u00e1n.) 52, <strong>3. Babor, B\u00e1rta <\/strong>(oba \u010cR) 46.<\/p>\n\n\n\n<p><strong>\u017deny, omnium:<\/strong> 1. Ba\u010d\u00edkov\u00e1 (SR) 124 b., 2. Nelsonov\u00e1 (Brit.) 118, 3. Gedraityteov\u00e1 (Lit.) 116.<\/p>\n\n\n\n<p><strong>Junio\u0159i, omnium: 1. Vr\u00e1na <\/strong>(\u010cR) 143, 2. Chacinskijj (Ukr.) 128, <strong>3. Mat\u011bjek <\/strong>(\u010cR) 123.<\/p>\n\n\n\n<p>Foto: Jan Brychta<\/p>\n","protected":false},"excerpt":{"rendered":"<p>Suver\u00e9nn\u00edm zp\u016fsobem si pro v\u00edt\u011bzstv\u00ed v madisonu na Memori\u00e1lu Otmara Male\u010dka v&nbsp;Prost\u011bjov\u011b p\u0159ijela polsk\u00e1 dvojice Kondrad Waliniak a Piotr Masla. Ve strhuj\u00edc\u00edm fini\u0161i urvali druh\u00e9 m\u00edsto italsk\u00fd matador Matteo Donega a Oskar Ulrik Winkler z D\u00e1nska. Nakonec a\u017e t\u0159et\u00ed m\u00edsto z\u016fstalo pro Daniela Babora s Tom\u00e1\u0161em B\u00e1rtou, kte\u0159\u00ed dlouho bojovali o v\u00edt\u011bzstv\u00ed a na t\u0159et\u00ed [&hellip;]<\/p>\n","protected":false},"author":15,"featured_media":31604,"comment_status":"closed","ping_status":"open","sticky":false,"template":"","format":"standard","meta":{"footnotes":""},"categories":[2],"tags":[9],"class_list":["post-31602","post","type-post","status-publish","format-standard","has-post-thumbnail","hentry","category-novinky","tag-draha"],"_links":{"self":[{"href":"https:\/\/www.czechcyclingfederation.com\/en\/wp-json\/wp\/v2\/posts\/31602","targetHints":{"allow":["GET"]}}],"collection":[{"href":"https:\/\/www.czechcyclingfederation.com\/en\/wp-json\/wp\/v2\/posts"}],"about":[{"href":"https:\/\/www.czechcyclingfederation.com\/en\/wp-json\/wp\/v2\/types\/post"}],"author":[{"embeddable":true,"href":"https:\/\/www.czechcyclingfederation.com\/en\/wp-json\/wp\/v2\/users\/15"}],"replies":[{"embeddable":true,"href":"https:\/\/www.czechcyclingfederation.com\/en\/wp-json\/wp\/v2\/comments?post=31602"}],"version-history":[{"count":3,"href":"https:\/\/www.czechcyclingfederation.com\/en\/wp-json\/wp\/v2\/posts\/31602\/revisions"}],"predecessor-version":[{"id":31613,"href":"https:\/\/www.czechcyclingfederation.com\/en\/wp-json\/wp\/v2\/posts\/31602\/revisions\/31613"}],"wp:featuredmedia":[{"embeddable":true,"href":"https:\/\/www.czechcyclingfederation.com\/en\/wp-json\/wp\/v2\/media\/31604"}],"wp:attachment":[{"href":"https:\/\/www.czechcyclingfederation.com\/en\/wp-json\/wp\/v2\/media?parent=31602"}],"wp:term":[{"taxonomy":"category","embeddable":true,"href":"https:\/\/www.czechcyclingfederation.com\/en\/wp-json\/wp\/v2\/categories?post=31602"},{"taxonomy":"post_tag","embeddable":true,"href":"https:\/\/www.czechcyclingfederation.com\/en\/wp-json\/wp\/v2\/tags?post=31602"}],"curies":[{"name":"wp","href":"https:\/\/api.w.org\/{rel}","templated":true}]}}