{"id":31577,"date":"2024-08-30T19:20:03","date_gmt":"2024-08-30T17:20:03","guid":{"rendered":"https:\/\/www.czechcyclingfederation.com\/?p=31577"},"modified":"2024-08-31T07:47:47","modified_gmt":"2024-08-31T05:47:47","slug":"spesna-desata-v-short-tracku-zatloukal-dvanacty","status":"publish","type":"post","link":"https:\/\/www.czechcyclingfederation.com\/en\/spesna-desata-v-short-tracku-zatloukal-dvanacty\/","title":{"rendered":"Sp\u011b\u0161n\u00e1 des\u00e1t\u00e1 v\u00a0short tracku na MS, Zatloukal dvan\u00e1ct\u00fd"},"content":{"rendered":"\n<p><strong>Simona Sp\u011b\u0161n\u00e1<\/strong> p\u0159edvedla na mistrovstv\u00ed sv\u011bta v&nbsp;Ando\u0159e v\u00fdborn\u00fd v\u00fdkon v&nbsp;discipl\u00edn\u011b short track. Mezi \u017eenami U23 obsadila des\u00e1t\u00e9 m\u00edsto, <strong>Jan Zatloukal<\/strong> byl v&nbsp;kategorii mu\u017e\u016f U23 dvan\u00e1ct\u00fd.<\/p>\n\n\n\n<p><em>\u201eByl to t\u011b\u017ek\u00fd a rychl\u00fd z\u00e1vod. Tro\u0161ku jsem se b\u00e1la, jestli mi tenhle typ okruhu bude sed\u011bt, proto\u017ee ho od lo\u0148sk\u00e9ho roku trochu upravili. Nejelo se mi \u00fapln\u011b nejl\u00edp, ale bojovala jsem, co to \u0161lo. Jen m\u011b trochu mrz\u00ed, \u017ee jsem se nedostala trochu d\u0159\u00edv k&nbsp;t\u011bm t\u0159em holk\u00e1m p\u0159ede mnou, proto\u017ee z&nbsp;toho mohlo b\u00fdt t\u0159eba sedm\u00e9 m\u00edsto, ale i tak jsem s&nbsp;top 10 moc spokojena,\u201c<\/em> \u0159ekla Simona Sp\u011b\u0161n\u00e1.<\/p>\n\n\n\n<figure class=\"wp-block-image size-large\"><img loading=\"lazy\" decoding=\"async\" width=\"1024\" height=\"683\" src=\"https:\/\/www.czechcyclingfederation.com\/wp-content\/uploads\/2024\/08\/DSC_8288-1024x683.jpg\" alt=\"\" class=\"wp-image-31581\" srcset=\"https:\/\/www.czechcyclingfederation.com\/wp-content\/uploads\/2024\/08\/DSC_8288-1024x683.jpg 1024w, https:\/\/www.czechcyclingfederation.com\/wp-content\/uploads\/2024\/08\/DSC_8288-300x200.jpg 300w, https:\/\/www.czechcyclingfederation.com\/wp-content\/uploads\/2024\/08\/DSC_8288-768x512.jpg 768w, https:\/\/www.czechcyclingfederation.com\/wp-content\/uploads\/2024\/08\/DSC_8288-1536x1024.jpg 1536w, https:\/\/www.czechcyclingfederation.com\/wp-content\/uploads\/2024\/08\/DSC_8288-2048x1365.jpg 2048w\" sizes=\"auto, (max-width: 1024px) 100vw, 1024px\" \/><\/figure>\n\n\n\n<p>Z\u00e1vod vyhr\u00e1la Kana\u010fanka <strong>Isabella Holmgrenov\u00e1<\/strong>, kter\u00e1 skv\u011ble z\u00e1vod\u00ed i na silnici a p\u0159ed t\u00fddnem skon\u010dila druh\u00e1 na \u017eensk\u00e9m Tour de l\u00b4Avenir. <em>\u201eOna je z&nbsp;t\u00e9 silnice tro\u0161ku jinde. Je nejv\u011bt\u0161\u00ed favoritkou i na ned\u011bli. Pokud se nic nestane, asi p\u0159ijede do c\u00edle prvn\u00ed sama. Ale za n\u00ed by se mohly od druh\u00e9ho m\u00edsta odehr\u00e1vat zaj\u00edmav\u00e9 souboje a r\u00e1da bych se do nich zapojila,\u201c<\/em> dodala Sp\u011b\u0161n\u00e1 sm\u011brem k&nbsp;ned\u011bln\u00edmu z\u00e1vodu.<\/p>\n\n\n\n<figure class=\"wp-block-image size-large\"><img loading=\"lazy\" decoding=\"async\" width=\"1024\" height=\"683\" src=\"https:\/\/www.czechcyclingfederation.com\/wp-content\/uploads\/2024\/08\/spesna-po-short-tracku-1024x683.jpg\" alt=\"\" class=\"wp-image-31588\" srcset=\"https:\/\/www.czechcyclingfederation.com\/wp-content\/uploads\/2024\/08\/spesna-po-short-tracku-1024x683.jpg 1024w, https:\/\/www.czechcyclingfederation.com\/wp-content\/uploads\/2024\/08\/spesna-po-short-tracku-300x200.jpg 300w, https:\/\/www.czechcyclingfederation.com\/wp-content\/uploads\/2024\/08\/spesna-po-short-tracku-768x512.jpg 768w, https:\/\/www.czechcyclingfederation.com\/wp-content\/uploads\/2024\/08\/spesna-po-short-tracku-1536x1025.jpg 1536w, https:\/\/www.czechcyclingfederation.com\/wp-content\/uploads\/2024\/08\/spesna-po-short-tracku-1320x880.jpg 1320w\" sizes=\"auto, (max-width: 1024px) 100vw, 1024px\" \/><\/figure>\n\n\n\n<p>Mezi mu\u017ei U23 byl nejlep\u0161\u00ed z&nbsp;\u010desk\u00e9 p\u011btice dvan\u00e1ct\u00fd <strong>Jan Zatloukal.<\/strong> <em>\u201eCht\u011bl jsem b\u00fdt do des\u00edtky, ale 12. m\u00edsto je taky dobr\u00e9. Byl to extr\u00e9mn\u011b rychl\u00fd a pra\u0161n\u00fd z\u00e1vod. Posledn\u00ed t\u0159i kola jsem m\u011bl n\u011bjak\u00fd pomal\u00fd defekt. Mo\u017en\u00e1 proto jsem to do t\u00e9 des\u00edtky nedal, ale i tak jsem spokojen. Jezd\u00ed se mi tu dob\u0159e a douf\u00e1m, \u017ee v&nbsp;ned\u011bli minim\u00e1ln\u011b zopakuju tento v\u00fdsledek,\u201c<\/em> prohl\u00e1sil Zatloukal.<\/p>\n\n\n\n<figure class=\"wp-block-image size-large\"><img loading=\"lazy\" decoding=\"async\" width=\"1024\" height=\"683\" src=\"https:\/\/www.czechcyclingfederation.com\/wp-content\/uploads\/2024\/08\/zatloukal-short-track-andorra-2-1024x683.jpg\" alt=\"\" class=\"wp-image-31590\" srcset=\"https:\/\/www.czechcyclingfederation.com\/wp-content\/uploads\/2024\/08\/zatloukal-short-track-andorra-2-1024x683.jpg 1024w, https:\/\/www.czechcyclingfederation.com\/wp-content\/uploads\/2024\/08\/zatloukal-short-track-andorra-2-300x200.jpg 300w, https:\/\/www.czechcyclingfederation.com\/wp-content\/uploads\/2024\/08\/zatloukal-short-track-andorra-2-768x512.jpg 768w, https:\/\/www.czechcyclingfederation.com\/wp-content\/uploads\/2024\/08\/zatloukal-short-track-andorra-2-1536x1024.jpg 1536w, https:\/\/www.czechcyclingfederation.com\/wp-content\/uploads\/2024\/08\/zatloukal-short-track-andorra-2-2048x1366.jpg 2048w, https:\/\/www.czechcyclingfederation.com\/wp-content\/uploads\/2024\/08\/zatloukal-short-track-andorra-2-1320x880.jpg 1320w\" sizes=\"auto, (max-width: 1024px) 100vw, 1024px\" \/><\/figure>\n\n\n\n<p>Jeho kolega <strong>Jan S\u00e1ska<\/strong> bral 16. m\u00edsto, ale dlouho jezdil na \u010dele. <em>\u201eA\u017e na startu jsem se dozv\u011bd\u011bl, \u017ee p\u016fjdu z&nbsp;prvn\u00ed lajny. Nem\u011bl jsem moc na v\u00fdb\u011br, cht\u011bl jsem b\u00fdt co nejv\u00edc vp\u0159edu, a nakonec jsem docela dlouho t\u00e1hl z&nbsp;\u010dela cel\u00fd z\u00e1vod. V\u011bd\u011bl jsem, \u017ee se ur\u010dit\u011b trochu propadnu, proto\u017ee short track nen\u00ed \u00fapln\u011b moje discipl\u00edna. Ale za m\u011b maxim\u00e1ln\u00ed spokojenost a 16. m\u00edsto je to nejlep\u0161\u00ed, co jsem mohl zajet,\u201c<\/em> p\u0159iznal S\u00e1ska.<\/p>\n\n\n\n<figure class=\"wp-block-image size-large\"><img loading=\"lazy\" decoding=\"async\" width=\"1024\" height=\"683\" src=\"https:\/\/www.czechcyclingfederation.com\/wp-content\/uploads\/2024\/08\/saska-short-track-ms-andorra-1024x683.jpg\" alt=\"\" class=\"wp-image-31592\" srcset=\"https:\/\/www.czechcyclingfederation.com\/wp-content\/uploads\/2024\/08\/saska-short-track-ms-andorra-1024x683.jpg 1024w, https:\/\/www.czechcyclingfederation.com\/wp-content\/uploads\/2024\/08\/saska-short-track-ms-andorra-300x200.jpg 300w, https:\/\/www.czechcyclingfederation.com\/wp-content\/uploads\/2024\/08\/saska-short-track-ms-andorra-768x512.jpg 768w, https:\/\/www.czechcyclingfederation.com\/wp-content\/uploads\/2024\/08\/saska-short-track-ms-andorra-1536x1024.jpg 1536w, https:\/\/www.czechcyclingfederation.com\/wp-content\/uploads\/2024\/08\/saska-short-track-ms-andorra-2048x1365.jpg 2048w, https:\/\/www.czechcyclingfederation.com\/wp-content\/uploads\/2024\/08\/saska-short-track-ms-andorra-1320x880.jpg 1320w\" sizes=\"auto, (max-width: 1024px) 100vw, 1024px\" \/><\/figure>\n\n\n\n<figure class=\"wp-block-image size-large\"><img loading=\"lazy\" decoding=\"async\" width=\"1024\" height=\"683\" src=\"https:\/\/www.czechcyclingfederation.com\/wp-content\/uploads\/2024\/08\/tri-cesi-short-track-ms-andorra-U23-1024x683.jpg\" alt=\"\" class=\"wp-image-31595\" srcset=\"https:\/\/www.czechcyclingfederation.com\/wp-content\/uploads\/2024\/08\/tri-cesi-short-track-ms-andorra-U23-1024x683.jpg 1024w, https:\/\/www.czechcyclingfederation.com\/wp-content\/uploads\/2024\/08\/tri-cesi-short-track-ms-andorra-U23-300x200.jpg 300w, https:\/\/www.czechcyclingfederation.com\/wp-content\/uploads\/2024\/08\/tri-cesi-short-track-ms-andorra-U23-768x512.jpg 768w, https:\/\/www.czechcyclingfederation.com\/wp-content\/uploads\/2024\/08\/tri-cesi-short-track-ms-andorra-U23-1536x1024.jpg 1536w, https:\/\/www.czechcyclingfederation.com\/wp-content\/uploads\/2024\/08\/tri-cesi-short-track-ms-andorra-U23-2048x1365.jpg 2048w, https:\/\/www.czechcyclingfederation.com\/wp-content\/uploads\/2024\/08\/tri-cesi-short-track-ms-andorra-U23-1320x880.jpg 1320w\" sizes=\"auto, (max-width: 1024px) 100vw, 1024px\" \/><\/figure>\n\n\n\n<p><strong>Jitka \u010c\u00e1belick\u00e1<\/strong> brala v&nbsp;short tracku \u017eensk\u00e9 elitn\u00ed kategorie 17. m\u00edsto, titul putuje do Velk\u00e9 Brit\u00e1nie d\u00edky <strong>Evie Richardsov\u00e9<\/strong>. Mezi mu\u017ei vybojoval zlato Francouz <strong>Victor Koretzky<\/strong>.<\/p>\n\n\n\n<figure class=\"wp-block-image size-large\"><img loading=\"lazy\" decoding=\"async\" width=\"1024\" height=\"683\" src=\"https:\/\/www.czechcyclingfederation.com\/wp-content\/uploads\/2024\/08\/jitka-cabelicka-1024x683.jpg\" alt=\"\" class=\"wp-image-31597\" srcset=\"https:\/\/www.czechcyclingfederation.com\/wp-content\/uploads\/2024\/08\/jitka-cabelicka-1024x683.jpg 1024w, https:\/\/www.czechcyclingfederation.com\/wp-content\/uploads\/2024\/08\/jitka-cabelicka-300x200.jpg 300w, https:\/\/www.czechcyclingfederation.com\/wp-content\/uploads\/2024\/08\/jitka-cabelicka-768x512.jpg 768w, https:\/\/www.czechcyclingfederation.com\/wp-content\/uploads\/2024\/08\/jitka-cabelicka-1536x1024.jpg 1536w, https:\/\/www.czechcyclingfederation.com\/wp-content\/uploads\/2024\/08\/jitka-cabelicka-2048x1365.jpg 2048w, https:\/\/www.czechcyclingfederation.com\/wp-content\/uploads\/2024\/08\/jitka-cabelicka-1320x880.jpg 1320w\" sizes=\"auto, (max-width: 1024px) 100vw, 1024px\" \/><\/figure>\n\n\n\n<p><strong>Shorttrack \u2013 mu\u017ei: <\/strong>1. Koretzky (Fr.) 21:49, 2. Aldridge (Brit.), 3. Hatherly (JAR), 4. Blevins (USA) v\u0161. +3, 5. Sarrou (Fr.) +14.<\/p>\n\n\n\n<p><strong>\u017deny: <\/strong>1. Richardsov\u00e1 (Brit.) 19:46, 2. Ferrand-Pr\u00e9votov\u00e1 (Fr.) +1, 3. Rissvedsov\u00e1 (\u0160v\u00e9d.) +18, 4. Pieterseov\u00e1 (Niz.) +22<br>5. Gibsonov\u00e1 (USA) +25, \u2026 <strong>17. \u010c\u00e1belick\u00e1 (\u010cR) <\/strong>+1:26.<\/p>\n\n\n\n<p><strong>Mu\u017ei U23: <\/strong>1. Amos 22:02, 2. Riley (oba USA) stejn\u00fd \u010das, 3. Lillelund (D\u00e1n.) +4, \u2026 <strong>12. Zatloukal <\/strong>+49, <strong>16. S\u00e1ska <\/strong>+1:04, <strong>29. \u010cern\u00fd <\/strong>-1 kolo, <strong>33. Novotn\u00fd <\/strong>-2 kola, <strong>39. Hojka <\/strong>(v\u0161. \u010cR) -3 kola.<\/p>\n\n\n\n<p><strong>\u017deny U23: <\/strong>1. Holmgrenov\u00e1 (Kan.) 20:31, 2. Macleanov\u00e1-Howellov\u00e1 +22, 3. Holmgrenov\u00e1 (Kan.) +26, \u2026 <strong>10. Sp\u011b\u0161n\u00e1 <\/strong>(\u010cR) +48.<\/p>\n\n\n\n<p>Foto: Michal \u010cerven\u00fd a Robin Nev\u0159ala<\/p>\n","protected":false},"excerpt":{"rendered":"<p>Simona Sp\u011b\u0161n\u00e1 p\u0159edvedla na mistrovstv\u00ed sv\u011bta v&nbsp;Ando\u0159e v\u00fdborn\u00fd v\u00fdkon v&nbsp;discipl\u00edn\u011b short track. Mezi \u017eenami U23 obsadila des\u00e1t\u00e9 m\u00edsto, Jan Zatloukal byl v&nbsp;kategorii mu\u017e\u016f U23 dvan\u00e1ct\u00fd. \u201eByl to t\u011b\u017ek\u00fd a rychl\u00fd z\u00e1vod. Tro\u0161ku jsem se b\u00e1la, jestli mi tenhle typ okruhu bude sed\u011bt, proto\u017ee ho od lo\u0148sk\u00e9ho roku trochu upravili. Nejelo se mi \u00fapln\u011b nejl\u00edp, ale [&hellip;]<\/p>\n","protected":false},"author":15,"featured_media":31579,"comment_status":"closed","ping_status":"open","sticky":false,"template":"","format":"standard","meta":{"footnotes":""},"categories":[2],"tags":[10],"class_list":["post-31577","post","type-post","status-publish","format-standard","has-post-thumbnail","hentry","category-novinky","tag-mtb"],"_links":{"self":[{"href":"https:\/\/www.czechcyclingfederation.com\/en\/wp-json\/wp\/v2\/posts\/31577","targetHints":{"allow":["GET"]}}],"collection":[{"href":"https:\/\/www.czechcyclingfederation.com\/en\/wp-json\/wp\/v2\/posts"}],"about":[{"href":"https:\/\/www.czechcyclingfederation.com\/en\/wp-json\/wp\/v2\/types\/post"}],"author":[{"embeddable":true,"href":"https:\/\/www.czechcyclingfederation.com\/en\/wp-json\/wp\/v2\/users\/15"}],"replies":[{"embeddable":true,"href":"https:\/\/www.czechcyclingfederation.com\/en\/wp-json\/wp\/v2\/comments?post=31577"}],"version-history":[{"count":6,"href":"https:\/\/www.czechcyclingfederation.com\/en\/wp-json\/wp\/v2\/posts\/31577\/revisions"}],"predecessor-version":[{"id":31601,"href":"https:\/\/www.czechcyclingfederation.com\/en\/wp-json\/wp\/v2\/posts\/31577\/revisions\/31601"}],"wp:featuredmedia":[{"embeddable":true,"href":"https:\/\/www.czechcyclingfederation.com\/en\/wp-json\/wp\/v2\/media\/31579"}],"wp:attachment":[{"href":"https:\/\/www.czechcyclingfederation.com\/en\/wp-json\/wp\/v2\/media?parent=31577"}],"wp:term":[{"taxonomy":"category","embeddable":true,"href":"https:\/\/www.czechcyclingfederation.com\/en\/wp-json\/wp\/v2\/categories?post=31577"},{"taxonomy":"post_tag","embeddable":true,"href":"https:\/\/www.czechcyclingfederation.com\/en\/wp-json\/wp\/v2\/tags?post=31577"}],"curies":[{"name":"wp","href":"https:\/\/api.w.org\/{rel}","templated":true}]}}