{"id":31543,"date":"2024-08-30T07:03:35","date_gmt":"2024-08-30T05:03:35","guid":{"rendered":"https:\/\/www.czechcyclingfederation.com\/?p=31543"},"modified":"2024-08-30T08:09:36","modified_gmt":"2024-08-30T06:09:36","slug":"gp-tufo-prostejov-babor-s-bartou-treti-v-madisonu","status":"publish","type":"post","link":"https:\/\/www.czechcyclingfederation.com\/en\/gp-tufo-prostejov-babor-s-bartou-treti-v-madisonu\/","title":{"rendered":"GP Tufo Prost\u011bjov: Babor s\u00a0B\u00e1rtou t\u0159et\u00ed v\u00a0madisonu"},"content":{"rendered":"\n<p>Tradi\u010dn\u00ed GP Tufo Prost\u011bjov-Velk\u00e1 cena Olomouck\u00e9ho kraje odstartovala s\u00e9rii mezin\u00e1rodn\u00edch dr\u00e1hov\u00fdch z\u00e1vod\u016f na prost\u011bjovsk\u00e9m velodromu kategorie CL 2. V&nbsp;z\u00e1vodech elitn\u00edch kategori\u00ed se na p\u00f3dium dok\u00e1zala prosadit z \u010desk\u00fdch dr\u00e1ha\u0159\u016f mj. dvojice silni\u010d\u00e1\u0159\u016f <strong>Daniel Babor, Tom\u00e1\u0161 B\u00e1rta<\/strong>, kte\u0159\u00ed skon\u010dili bronzov\u00ed v&nbsp;madisonu.<\/p>\n\n\n\n<p>Oba u\u017e z\u00e1vod\u00ed hlavn\u011b na silnici, obl\u00e9kaj\u00ed dres \u0161pan\u011blsk\u00e9 pro-kontinent\u00e1ln\u00ed st\u00e1je Caja Rural\u2013Seguros RGA. Oba jsou spjati s&nbsp;po\u0159adatelsk\u00fdm klubem, Babor obl\u00e9kal prost\u011bjovsk\u00fd dres \u010dty\u0159i roky a B\u00e1rta dokonce \u0161est let. <em>\u201eDnes u\u017e jsou t\u00e9m\u011b\u0159 \u010dist\u011b silni\u010d\u00e1\u0159i. O to v\u00edc si v\u00e1\u017e\u00edm toho, \u017ee p\u0159ijeli do Prost\u011bjova. Kluci se mi sami ozvali, \u017ee cht\u011bj\u00ed z\u00e1vodit a ud\u011blali n\u00e1m t\u00edm velkou radost,\u201c <\/em>uvedl \u0159editel z\u00e1vodu <strong>Michal Mr\u00e1\u010dek<\/strong>.<\/p>\n\n\n\n<p>V&nbsp;elitn\u00edch kategori\u00edch se na p\u00f3diov\u00e9 um\u00edst\u011bn\u00ed z&nbsp;\u010desk\u00fdch z\u00e1vodn\u00edk\u016f dostal je\u0161t\u011b <strong>Adam K\u0159enek<\/strong>, kter\u00fd byl druh\u00fd ve vylu\u010dovac\u00edm z\u00e1vod\u011b.<\/p>\n\n\n\n<figure class=\"wp-block-image size-large\"><img loading=\"lazy\" decoding=\"async\" width=\"1024\" height=\"682\" src=\"https:\/\/www.czechcyclingfederation.com\/wp-content\/uploads\/2024\/08\/krenek-1024x682.jpeg\" alt=\"\" class=\"wp-image-31546\" srcset=\"https:\/\/www.czechcyclingfederation.com\/wp-content\/uploads\/2024\/08\/krenek-1024x682.jpeg 1024w, https:\/\/www.czechcyclingfederation.com\/wp-content\/uploads\/2024\/08\/krenek-300x200.jpeg 300w, https:\/\/www.czechcyclingfederation.com\/wp-content\/uploads\/2024\/08\/krenek-768x511.jpeg 768w, https:\/\/www.czechcyclingfederation.com\/wp-content\/uploads\/2024\/08\/krenek.jpeg 1280w\" sizes=\"auto, (max-width: 1024px) 100vw, 1024px\" \/><\/figure>\n\n\n\n<p>Dal\u0161\u00ed skv\u011bl\u00e9 v\u00fdsledky si p\u0159ipsali \u010ce\u0161i v&nbsp;juniorsk\u00fdch kategori\u00edch. <strong>\u0160imon Mat\u011bjek<\/strong> vyhr\u00e1l scratch, jeho kolega z&nbsp;Dukly Praha<strong> Adam Brad\u00e1\u010d<\/strong> vylu\u010dovac\u00ed z\u00e1vod. V&nbsp;madisonu byli prvn\u00ed <strong>Tom\u00e1\u0161 Vr\u00e1na a Albert Rauschert<\/strong>. <strong>Veronika Jadrn\u00e1<\/strong> pak slavila hned dv\u011b prvenstv\u00ed, kdy\u017e ovl\u00e1dla scratch i vylu\u010dovac\u00ed z\u00e1vod juniorek.<\/p>\n\n\n\n<figure class=\"wp-block-image size-large\"><img loading=\"lazy\" decoding=\"async\" width=\"1024\" height=\"682\" src=\"https:\/\/www.czechcyclingfederation.com\/wp-content\/uploads\/2024\/08\/BrychtaJan_GP_Tufo_VC_Olomouckeho_kraje_20240829_154805_D4C_8636-1024x682.jpeg\" alt=\"\" class=\"wp-image-31548\" srcset=\"https:\/\/www.czechcyclingfederation.com\/wp-content\/uploads\/2024\/08\/BrychtaJan_GP_Tufo_VC_Olomouckeho_kraje_20240829_154805_D4C_8636-1024x682.jpeg 1024w, https:\/\/www.czechcyclingfederation.com\/wp-content\/uploads\/2024\/08\/BrychtaJan_GP_Tufo_VC_Olomouckeho_kraje_20240829_154805_D4C_8636-300x200.jpeg 300w, https:\/\/www.czechcyclingfederation.com\/wp-content\/uploads\/2024\/08\/BrychtaJan_GP_Tufo_VC_Olomouckeho_kraje_20240829_154805_D4C_8636-768x511.jpeg 768w, https:\/\/www.czechcyclingfederation.com\/wp-content\/uploads\/2024\/08\/BrychtaJan_GP_Tufo_VC_Olomouckeho_kraje_20240829_154805_D4C_8636.jpeg 1280w\" sizes=\"auto, (max-width: 1024px) 100vw, 1024px\" \/><\/figure>\n\n\n\n<p>V&nbsp;p\u00e1tek a v&nbsp;sobotu pokra\u010duje sv\u00e1tek dr\u00e1hov\u00e9 cyklistiky v&nbsp;Prost\u011bjov\u011b ji\u017e 25. ro\u010dn\u00edkem z\u00e1vodu GP Prost\u011bjov \u2013 Memori\u00e1l Otmara Male\u010dka.<\/p>\n\n\n\n<p><strong>V\u00fdsledky \u2013 mu\u017ei, scratch: <\/strong>1. Donega (It.), 2. Maslak, 3. Radosz (oba Pol.), <strong>vylu\u010dovac\u00ed z\u00e1vod: <\/strong>1. Prokopyszyn (Pol.), <strong>2. K\u0159enek <\/strong>(\u010cR), 3. Loginov (Izr.), <strong>madison: <\/strong>1. Waliniak, Maslak (oba Pol.), 2. Winkler (D\u00e1n.), Donega (It.), <strong>3. Babor, B\u00e1rta <\/strong>(oba \u010cR).<\/p>\n\n\n\n<p><strong>\u017deny, scratch: <\/strong>1. Vely\u010dkov\u00e1 (Ukr.), 2. Cauchoisov\u00e1 (Laos), 3. Ba\u010d\u00edkov\u00e1 (SR), <strong>vylu\u010dovac\u00ed z\u00e1vod:<\/strong> 1. Ba\u010d\u00edkov\u00e1 (SR), 2. Gedraityteov\u00e1 (Lit.), 3. Klingeov\u00e1 (D\u00e1n.), <strong>madison: <\/strong>1. Selvaov\u00e1 (It.), Nelsonov\u00e1 (Brit.), 2. Klingeov\u00e1 (D\u00e1n.), Escaleraov\u00e1 (\u0160p.), 3. Ingramov\u00e1, Ruteckiov\u00e1 (ob\u011b USA).<\/p>\n\n\n\n<p><strong>Junio\u0159i, scratch: 1. Mat\u011bjek <\/strong>(\u010cR), 2. Kozoriz (Ukr.), <strong>3. Rauschert<\/strong> (\u010cR), <strong>vylu\u010dovac\u00ed z\u00e1vod:<\/strong> <strong>1. Brad\u00e1\u010d<\/strong> (\u010cR), 2. Kaplan (Tur.), <strong>3. Jaro\u0161 <\/strong>(\u010cR), <strong>madison: 1. Vr\u00e1na, Rauschert <\/strong>(oba \u010cR), 2. Kozoriz, Steb\u011blski (Ukr.),<strong> 3. Mat\u011bjek, Frajbi\u0161 <\/strong>(oba \u010cR).<\/p>\n\n\n\n<p><strong>Juniorky, scratch: 1. Jadrn\u00e1, 2. Mikul\u00e1\u0161kov\u00e1, 3. Richterov\u00e1 <\/strong>(v\u0161. \u010cR), <strong>vylu\u010dovac\u00ed z\u00e1vod: 1. Jadrn\u00e1 <\/strong>(\u010cR), 2. Lambertov\u00e1 (Ma\u010f.), <strong>3. Richterov\u00e1 <\/strong>(\u010cR).<\/p>\n\n\n\n<p>Foto: Jan Brychta<\/p>\n\n\n\n<figure class=\"wp-block-image size-large\"><img loading=\"lazy\" decoding=\"async\" width=\"1024\" height=\"682\" src=\"https:\/\/www.czechcyclingfederation.com\/wp-content\/uploads\/2024\/08\/BrychtaJan_GP_Tufo_VC_Olomouckeho_kraje_20240829_152119_D4C_8478-1024x682.jpeg\" alt=\"\" class=\"wp-image-31550\" srcset=\"https:\/\/www.czechcyclingfederation.com\/wp-content\/uploads\/2024\/08\/BrychtaJan_GP_Tufo_VC_Olomouckeho_kraje_20240829_152119_D4C_8478-1024x682.jpeg 1024w, https:\/\/www.czechcyclingfederation.com\/wp-content\/uploads\/2024\/08\/BrychtaJan_GP_Tufo_VC_Olomouckeho_kraje_20240829_152119_D4C_8478-300x200.jpeg 300w, https:\/\/www.czechcyclingfederation.com\/wp-content\/uploads\/2024\/08\/BrychtaJan_GP_Tufo_VC_Olomouckeho_kraje_20240829_152119_D4C_8478-768x511.jpeg 768w, https:\/\/www.czechcyclingfederation.com\/wp-content\/uploads\/2024\/08\/BrychtaJan_GP_Tufo_VC_Olomouckeho_kraje_20240829_152119_D4C_8478.jpeg 1280w\" sizes=\"auto, (max-width: 1024px) 100vw, 1024px\" \/><\/figure>\n\n\n\n<figure class=\"wp-block-image size-large\"><img loading=\"lazy\" decoding=\"async\" width=\"1024\" height=\"684\" src=\"https:\/\/www.czechcyclingfederation.com\/wp-content\/uploads\/2024\/08\/BrychtaJan_GP_Tufo_VC_Olomouckeho_kraje_20240829_154353_DSC_0412-1024x684.jpeg\" alt=\"\" class=\"wp-image-31552\" srcset=\"https:\/\/www.czechcyclingfederation.com\/wp-content\/uploads\/2024\/08\/BrychtaJan_GP_Tufo_VC_Olomouckeho_kraje_20240829_154353_DSC_0412-1024x684.jpeg 1024w, https:\/\/www.czechcyclingfederation.com\/wp-content\/uploads\/2024\/08\/BrychtaJan_GP_Tufo_VC_Olomouckeho_kraje_20240829_154353_DSC_0412-300x200.jpeg 300w, https:\/\/www.czechcyclingfederation.com\/wp-content\/uploads\/2024\/08\/BrychtaJan_GP_Tufo_VC_Olomouckeho_kraje_20240829_154353_DSC_0412-768x513.jpeg 768w, https:\/\/www.czechcyclingfederation.com\/wp-content\/uploads\/2024\/08\/BrychtaJan_GP_Tufo_VC_Olomouckeho_kraje_20240829_154353_DSC_0412.jpeg 1280w\" sizes=\"auto, (max-width: 1024px) 100vw, 1024px\" \/><\/figure>\n","protected":false},"excerpt":{"rendered":"<p>Tradi\u010dn\u00ed GP Tufo Prost\u011bjov-Velk\u00e1 cena Olomouck\u00e9ho kraje odstartovala s\u00e9rii mezin\u00e1rodn\u00edch dr\u00e1hov\u00fdch z\u00e1vod\u016f na prost\u011bjovsk\u00e9m velodromu kategorie CL 2. V&nbsp;z\u00e1vodech elitn\u00edch kategori\u00ed se na p\u00f3dium dok\u00e1zala prosadit z \u010desk\u00fdch dr\u00e1ha\u0159\u016f mj. dvojice silni\u010d\u00e1\u0159\u016f Daniel Babor, Tom\u00e1\u0161 B\u00e1rta, kte\u0159\u00ed skon\u010dili bronzov\u00ed v&nbsp;madisonu. Oba u\u017e z\u00e1vod\u00ed hlavn\u011b na silnici, obl\u00e9kaj\u00ed dres \u0161pan\u011blsk\u00e9 pro-kontinent\u00e1ln\u00ed st\u00e1je Caja Rural\u2013Seguros RGA. Oba [&hellip;]<\/p>\n","protected":false},"author":15,"featured_media":31544,"comment_status":"closed","ping_status":"open","sticky":false,"template":"","format":"standard","meta":{"footnotes":""},"categories":[2],"tags":[9],"class_list":["post-31543","post","type-post","status-publish","format-standard","has-post-thumbnail","hentry","category-novinky","tag-draha"],"_links":{"self":[{"href":"https:\/\/www.czechcyclingfederation.com\/en\/wp-json\/wp\/v2\/posts\/31543","targetHints":{"allow":["GET"]}}],"collection":[{"href":"https:\/\/www.czechcyclingfederation.com\/en\/wp-json\/wp\/v2\/posts"}],"about":[{"href":"https:\/\/www.czechcyclingfederation.com\/en\/wp-json\/wp\/v2\/types\/post"}],"author":[{"embeddable":true,"href":"https:\/\/www.czechcyclingfederation.com\/en\/wp-json\/wp\/v2\/users\/15"}],"replies":[{"embeddable":true,"href":"https:\/\/www.czechcyclingfederation.com\/en\/wp-json\/wp\/v2\/comments?post=31543"}],"version-history":[{"count":3,"href":"https:\/\/www.czechcyclingfederation.com\/en\/wp-json\/wp\/v2\/posts\/31543\/revisions"}],"predecessor-version":[{"id":31557,"href":"https:\/\/www.czechcyclingfederation.com\/en\/wp-json\/wp\/v2\/posts\/31543\/revisions\/31557"}],"wp:featuredmedia":[{"embeddable":true,"href":"https:\/\/www.czechcyclingfederation.com\/en\/wp-json\/wp\/v2\/media\/31544"}],"wp:attachment":[{"href":"https:\/\/www.czechcyclingfederation.com\/en\/wp-json\/wp\/v2\/media?parent=31543"}],"wp:term":[{"taxonomy":"category","embeddable":true,"href":"https:\/\/www.czechcyclingfederation.com\/en\/wp-json\/wp\/v2\/categories?post=31543"},{"taxonomy":"post_tag","embeddable":true,"href":"https:\/\/www.czechcyclingfederation.com\/en\/wp-json\/wp\/v2\/tags?post=31543"}],"curies":[{"name":"wp","href":"https:\/\/api.w.org\/{rel}","templated":true}]}}