{"id":31532,"date":"2024-08-29T07:11:53","date_gmt":"2024-08-29T05:11:53","guid":{"rendered":"https:\/\/www.czechcyclingfederation.com\/?p=31532"},"modified":"2024-08-29T17:21:22","modified_gmt":"2024-08-29T15:21:22","slug":"napinave-finale-skoda-cupu-vyhraje-otruba-nebo-voltr","status":"publish","type":"post","link":"https:\/\/www.czechcyclingfederation.com\/en\/napinave-finale-skoda-cupu-vyhraje-otruba-nebo-voltr\/","title":{"rendered":"Nap\u00ednav\u00e9 fin\u00e1le \u0160koda Cupu! Vyhraje Otruba nebo Voltr?"},"content":{"rendered":"\n<p>Fin\u00e1le s neb\u00fdvalou z\u00e1pletkou! \u010cesk\u00fd poh\u00e1r v&nbsp;silni\u010dn\u00ed cyklistice \u0160koda Cup 2024 m\u00e1 v ned\u011bli na programu posledn\u00ed z\u00e1vod v&nbsp;Hrabyni u Ostravy. A t\u011bsn\u00e9 rozestupy na \u010dele pr\u016fb\u011b\u017en\u00e9ho po\u0159ad\u00ed po p\u011bti odjet\u00fdch z\u00e1vodech slibuj\u00ed skute\u010dn\u00e9 drama.<\/p>\n\n\n\n<p>V \u010dele \u0160koda Cupu je <strong>Jakub Otruba<\/strong> z ATT Investments. Obh\u00e1jce prvenstv\u00ed m\u00e1 na kont\u011b 128 bod\u016f, p\u0159i\u010dem\u017e p\u0159i z\u00e1vodech v Kr\u00e1sn\u00e9 L\u00edp\u011b a v Kyjov\u011b slavil v\u00edt\u011bzstv\u00ed. Druh\u00fd v po\u0159ad\u00ed <strong>Martin Voltr<\/strong> nashrom\u00e1\u017edil dosud 116 bod\u016f a py\u0161n\u00ed se triumfem ze z\u00e1vodu V4 se startem i c\u00edlem v Brn\u011b. T\u0159et\u00ed <strong>Filip \u0158eha<\/strong>, st\u00e1jov\u00fd kolega Otruby a v\u00edt\u011bz otv\u00edr\u00e1ku Velk\u00e1 B\u00edte\u0161-Brno-Velk\u00e1 B\u00edte\u0161, vstoup\u00ed do fin\u00e1le se 106 body. \u010ctvrt\u00fd <strong>Mat\u011bj Zah\u00e1lka<\/strong> z Elkov Kasper m\u00e1 100 bod\u016f, p\u00e1t\u00fd <strong>Daniel Turek,<\/strong> dal\u0161\u00ed jezdec st\u00e1je ATT Investments, v\u00edt\u011bz t\u0159et\u00edho podniku v \u010cesk\u00e1 Kamenici, si dosud p\u0159ipsal 86 bod\u016f.<\/p>\n\n\n\n<p><em>\u201eP\u0159ed sezonou pro m\u011b \u0160koda Cup nebyl hlavn\u00edm c\u00edlem. Ale povedla se mi B\u00edte\u0161, kde jsem za t\u0159et\u00ed m\u00edsto bral hodn\u011b bod\u016f. A pak se to zlomilo p\u0159i V4 v Brn\u011b, kde jsem vyhr\u00e1l a dal\u0161\u00ed kluci z \u010dela po\u0159ad\u00ed seri\u00e1lu nebodovali moc v\u00fdrazn\u011b nebo v\u016fbec. M\u016fj t\u00fdm jede z\u00e1vod ve Slovinsku, tak\u017ee budu v Hrabyni s\u00e1m, ale jde o velkou presti\u017e a ud\u011bl\u00e1m maximum pro \u00fasp\u011bch,\u201c<\/em> \u0159\u00edk\u00e1 Martin Voltr, dvaadvacetilet\u00fd mlad\u00edk z t\u00fdmu Pierre Baguette Cycling.<\/p>\n\n\n\n<figure class=\"wp-block-image size-large\"><img loading=\"lazy\" decoding=\"async\" width=\"1024\" height=\"680\" src=\"http:\/\/www.czechcyclingfederation.com\/wp-content\/uploads\/2024\/07\/voltr-1-1-1024x680.jpg\" alt=\"\" class=\"wp-image-30740\" srcset=\"https:\/\/www.czechcyclingfederation.com\/wp-content\/uploads\/2024\/07\/voltr-1-1-1024x680.jpg 1024w, https:\/\/www.czechcyclingfederation.com\/wp-content\/uploads\/2024\/07\/voltr-1-1-300x200.jpg 300w, https:\/\/www.czechcyclingfederation.com\/wp-content\/uploads\/2024\/07\/voltr-1-1-768x510.jpg 768w, https:\/\/www.czechcyclingfederation.com\/wp-content\/uploads\/2024\/07\/voltr-1-1-1536x1021.jpg 1536w, https:\/\/www.czechcyclingfederation.com\/wp-content\/uploads\/2024\/07\/voltr-1-1-2048x1361.jpg 2048w, https:\/\/www.czechcyclingfederation.com\/wp-content\/uploads\/2024\/07\/voltr-1-1-1320x877.jpg 1320w\" sizes=\"auto, (max-width: 1024px) 100vw, 1024px\" \/><\/figure>\n\n\n\n<p><br>Tu\u0161\u00ed, \u017ee proti velk\u00e9 p\u0159esile z\u00e1vodn\u00edk\u016f ATT Investments a Elkov Kasper bude ve sv\u00edzeln\u00e9 pozici. <em>\u201eBylo to tak na v\u0161ech z\u00e1vodech a ne v\u017edy hr\u00e1la t\u00fdmov\u00e1 p\u0159esila kl\u00ed\u010dovou roli. Pokud budu m\u00edt dobr\u00e9 nohy, nep\u016fjde o z\u00e1sadn\u00ed nev\u00fdhodu. Z\u00e1le\u017e\u00ed, jak v\u0161e pojmou kluci z dom\u00e1c\u00edch t\u00fdm\u016f,\u201c<\/em> kr\u010d\u00ed rameny Voltr.<\/p>\n\n\n\n<p><br>Letos pro\u017e\u00edv\u00e1 skv\u011blou sezonu. P\u0159i etap\u00e1ku v Ma\u010farsku vezl trikot l\u00eddra, dojel \u0161est\u00fd p\u0159i GP Gorenjska, byl druh\u00fd p\u0159i z\u00e1vod\u011b V4 v Ma\u010farsku, pak vyhr\u00e1l druh\u00fd d\u00edl tohoto seri\u00e1lu na Slovensku a triumf zopakoval i p\u0159i t\u0159et\u00edm d\u011bjstv\u00edm v Brn\u011b. P\u0159i Czech Tour pak fini\u0161oval dvac\u00e1t\u00fd v celkov\u00e9m po\u0159ad\u00ed, co\u017e v konkurenci osmi t\u00fdm\u016f z WorldTour znamenalo nejlep\u0161\u00ed um\u00edst\u011bn\u00ed \u010desk\u00e9ho z\u00e1vodn\u00edka v absolutn\u00edm po\u0159ad\u00ed. <em>\u201eZat\u00edm jde sezona nad o\u010dek\u00e1v\u00e1n\u00ed. Te\u010f ji mohu v Hrabyni vy\u0161perkovat,\u201c<\/em> p\u0159eje si Voltr.<\/p>\n\n\n\n<figure class=\"wp-block-image size-large\"><img loading=\"lazy\" decoding=\"async\" width=\"1024\" height=\"680\" src=\"http:\/\/www.czechcyclingfederation.com\/wp-content\/uploads\/2024\/07\/voltr-2-1024x680.jpg\" alt=\"\" class=\"wp-image-30743\" srcset=\"https:\/\/www.czechcyclingfederation.com\/wp-content\/uploads\/2024\/07\/voltr-2-1024x680.jpg 1024w, https:\/\/www.czechcyclingfederation.com\/wp-content\/uploads\/2024\/07\/voltr-2-300x200.jpg 300w, https:\/\/www.czechcyclingfederation.com\/wp-content\/uploads\/2024\/07\/voltr-2-768x510.jpg 768w, https:\/\/www.czechcyclingfederation.com\/wp-content\/uploads\/2024\/07\/voltr-2-1536x1021.jpg 1536w, https:\/\/www.czechcyclingfederation.com\/wp-content\/uploads\/2024\/07\/voltr-2-2048x1361.jpg 2048w, https:\/\/www.czechcyclingfederation.com\/wp-content\/uploads\/2024\/07\/voltr-2-1320x877.jpg 1320w\" sizes=\"auto, (max-width: 1024px) 100vw, 1024px\" \/><\/figure>\n\n\n\n<p class=\"has-medium-font-size\"><br><strong>Otrubovi se da\u0159\u00ed v Bulharsku<\/strong> <strong>a podepsal do Caja Rural-Seguros RGA<\/strong><\/p>\n\n\n\n<p>Jeho nejv\u011bt\u0161\u00ed soupe\u0159 a l\u00eddr pr\u016fb\u011b\u017en\u00e9ho po\u0159ad\u00ed seri\u00e1lu \u0160koda Cup 2024 Jakub Otruba p\u0159ijede do Hrabyn\u011b s etapov\u00fdm z\u00e1vodem Tour of Bulgaria v noh\u00e1ch. Ale hlavn\u011b povzbuzen skv\u011bl\u00fdmi v\u00fdsledky. V druh\u00e9 etap\u011b projel c\u00edlovou branou t\u011bsn\u011b druh\u00fd, \u010dtvrtou etapu vyhr\u00e1l!<\/p>\n\n\n\n<p>No a doraz\u00ed tak\u00e9 s novou smlouvou do vy\u0161\u0161\u00edch pater cyklistiky. Podepsal toti\u017e ro\u010dn\u00ed kontrakt ve \u0161pan\u011blsk\u00e9 pro-kontinent\u00e1ln\u00ed st\u00e1ji Caja Rural-Seguros RGA. V jej\u00edm dresu letos p\u016fsob\u00ed hned t\u0159i \u010ce\u0161i: Daniel Babor, Tom\u00e1\u0161 B\u00e1rta a Michal Schlegel. <\/p>\n\n\n\n<p>A jak\u00e9 bude m\u00edt ambice na fin\u00e1le \u0160koda Cupu? <em>\u201eJsme \u010desk\u00fd t\u00fdm a je pro n\u00e1s skv\u011bl\u00e9, kdy\u017e m\u00e1me \u0161anci se prezentovat na dob\u0159e obsazen\u00fdch z\u00e1vodech v dom\u00e1c\u00edm prost\u0159ed\u00ed. Minul\u00fd rok jsem seri\u00e1l vyhr\u00e1l poprv\u00e9 v kari\u00e9\u0159e stejn\u011b jako t\u00fdm, pro kter\u00fd je to velmi d\u016fle\u017eit\u00e9,\u201c<\/em> \u0159\u00edk\u00e1 Otruba.<\/p>\n\n\n\n<figure class=\"wp-block-image size-large\"><img loading=\"lazy\" decoding=\"async\" width=\"965\" height=\"1024\" src=\"https:\/\/www.czechcyclingfederation.com\/wp-content\/uploads\/2024\/08\/att-otruba-bulharsko-965x1024.jpg\" alt=\"\" class=\"wp-image-31536\" srcset=\"https:\/\/www.czechcyclingfederation.com\/wp-content\/uploads\/2024\/08\/att-otruba-bulharsko-965x1024.jpg 965w, https:\/\/www.czechcyclingfederation.com\/wp-content\/uploads\/2024\/08\/att-otruba-bulharsko-188x200.jpg 188w, https:\/\/www.czechcyclingfederation.com\/wp-content\/uploads\/2024\/08\/att-otruba-bulharsko-768x815.jpg 768w, https:\/\/www.czechcyclingfederation.com\/wp-content\/uploads\/2024\/08\/att-otruba-bulharsko-1320x1401.jpg 1320w, https:\/\/www.czechcyclingfederation.com\/wp-content\/uploads\/2024\/08\/att-otruba-bulharsko.jpg 1440w\" sizes=\"auto, (max-width: 965px) 100vw, 965px\" \/><\/figure>\n\n\n\n<p>Posledn\u00ed d\u011bjstv\u00ed seri\u00e1lu \u0160koda Cup 2024 odstartuje v Hrabyni v ned\u011bli ve 14 hodin. U\u017e v 9 hodin se na toto\u017en\u00e9m okruhu konaj\u00ed z\u00e1vody Brilon Cupu &#8211; \u010cesk\u00e9ho poh\u00e1r ml\u00e1de\u017ee a \u017een.<\/p>\n\n\n\n<p>Foto: Jan Brychta a ATT Investments<\/p>\n","protected":false},"excerpt":{"rendered":"<p>Fin\u00e1le s neb\u00fdvalou z\u00e1pletkou! \u010cesk\u00fd poh\u00e1r v&nbsp;silni\u010dn\u00ed cyklistice \u0160koda Cup 2024 m\u00e1 v ned\u011bli na programu posledn\u00ed z\u00e1vod v&nbsp;Hrabyni u Ostravy. A t\u011bsn\u00e9 rozestupy na \u010dele pr\u016fb\u011b\u017en\u00e9ho po\u0159ad\u00ed po p\u011bti odjet\u00fdch z\u00e1vodech slibuj\u00ed skute\u010dn\u00e9 drama. V \u010dele \u0160koda Cupu je Jakub Otruba z ATT Investments. Obh\u00e1jce prvenstv\u00ed m\u00e1 na kont\u011b 128 bod\u016f, p\u0159i\u010dem\u017e p\u0159i z\u00e1vodech [&hellip;]<\/p>\n","protected":false},"author":30,"featured_media":30248,"comment_status":"closed","ping_status":"open","sticky":false,"template":"","format":"standard","meta":{"footnotes":""},"categories":[2],"tags":[11],"class_list":["post-31532","post","type-post","status-publish","format-standard","has-post-thumbnail","hentry","category-novinky","tag-silnice"],"_links":{"self":[{"href":"https:\/\/www.czechcyclingfederation.com\/en\/wp-json\/wp\/v2\/posts\/31532","targetHints":{"allow":["GET"]}}],"collection":[{"href":"https:\/\/www.czechcyclingfederation.com\/en\/wp-json\/wp\/v2\/posts"}],"about":[{"href":"https:\/\/www.czechcyclingfederation.com\/en\/wp-json\/wp\/v2\/types\/post"}],"author":[{"embeddable":true,"href":"https:\/\/www.czechcyclingfederation.com\/en\/wp-json\/wp\/v2\/users\/30"}],"replies":[{"embeddable":true,"href":"https:\/\/www.czechcyclingfederation.com\/en\/wp-json\/wp\/v2\/comments?post=31532"}],"version-history":[{"count":7,"href":"https:\/\/www.czechcyclingfederation.com\/en\/wp-json\/wp\/v2\/posts\/31532\/revisions"}],"predecessor-version":[{"id":31542,"href":"https:\/\/www.czechcyclingfederation.com\/en\/wp-json\/wp\/v2\/posts\/31532\/revisions\/31542"}],"wp:featuredmedia":[{"embeddable":true,"href":"https:\/\/www.czechcyclingfederation.com\/en\/wp-json\/wp\/v2\/media\/30248"}],"wp:attachment":[{"href":"https:\/\/www.czechcyclingfederation.com\/en\/wp-json\/wp\/v2\/media?parent=31532"}],"wp:term":[{"taxonomy":"category","embeddable":true,"href":"https:\/\/www.czechcyclingfederation.com\/en\/wp-json\/wp\/v2\/categories?post=31532"},{"taxonomy":"post_tag","embeddable":true,"href":"https:\/\/www.czechcyclingfederation.com\/en\/wp-json\/wp\/v2\/tags?post=31532"}],"curies":[{"name":"wp","href":"https:\/\/api.w.org\/{rel}","templated":true}]}}