{"id":31488,"date":"2024-08-25T20:35:56","date_gmt":"2024-08-25T18:35:56","guid":{"rendered":"https:\/\/www.czechcyclingfederation.com\/?p=31488"},"modified":"2024-08-26T07:12:13","modified_gmt":"2024-08-26T05:12:13","slug":"dve-vitezstvi-sevcikove-na-prague-summer-track","status":"publish","type":"post","link":"https:\/\/www.czechcyclingfederation.com\/en\/dve-vitezstvi-sevcikove-na-prague-summer-track\/","title":{"rendered":"Dv\u011b v\u00edt\u011bzstv\u00ed \u0160ev\u010d\u00edkov\u00e9 na Prague Summer Track"},"content":{"rendered":"\n<p>Dv\u011b prvenstv\u00ed vybojovala Petra \u0160ev\u010d\u00edkov\u00e1 na z\u00e1vodech UCI prvn\u00ed kategorie Prague Summer Track, na kter\u00e9m se p\u0159edstavili jezdci z&nbsp;dvaceti zem\u00ed, na ov\u00e1lu na T\u0159ebe\u0161\u00edn\u011b. Z\u00e1vodnice Dukly Praha vyhr\u00e1la omnium a vylu\u010dovac\u00ed z\u00e1vod. T\u00e9m\u011b\u0159 stejn\u011b \u00fasp\u011b\u0161n\u00e1 byla sprinterka Dukly Brno Veronika Jaborn\u00edkov\u00e1, kter\u00e1 zv\u00edt\u011bzila ve sprintu a druh\u00e1 byla v&nbsp;keirinu.<\/p>\n\n\n\n<figure class=\"wp-block-image size-large\"><img loading=\"lazy\" decoding=\"async\" width=\"819\" height=\"1024\" src=\"http:\/\/www.czechcyclingfederation.com\/wp-content\/uploads\/2024\/08\/DSC_0822-819x1024.jpg\" alt=\"\" class=\"wp-image-31489\" srcset=\"https:\/\/www.czechcyclingfederation.com\/wp-content\/uploads\/2024\/08\/DSC_0822-819x1024.jpg 819w, https:\/\/www.czechcyclingfederation.com\/wp-content\/uploads\/2024\/08\/DSC_0822-160x200.jpg 160w, https:\/\/www.czechcyclingfederation.com\/wp-content\/uploads\/2024\/08\/DSC_0822-768x960.jpg 768w, https:\/\/www.czechcyclingfederation.com\/wp-content\/uploads\/2024\/08\/DSC_0822-1229x1536.jpg 1229w, https:\/\/www.czechcyclingfederation.com\/wp-content\/uploads\/2024\/08\/DSC_0822-1638x2048.jpg 1638w, https:\/\/www.czechcyclingfederation.com\/wp-content\/uploads\/2024\/08\/DSC_0822-1320x1650.jpg 1320w, https:\/\/www.czechcyclingfederation.com\/wp-content\/uploads\/2024\/08\/DSC_0822-scaled.jpg 2048w\" sizes=\"auto, (max-width: 819px) 100vw, 819px\" \/><\/figure>\n\n\n\n<p>Na stupn\u011b v\u00edt\u011bzek se dostaly je\u0161t\u011b t\u0159et\u00ed Anna Jaborn\u00edkov\u00e1 ve sprintu, stejn\u00e9 um\u00edst\u011bn\u00ed vybojovala S\u00e1ra Kate\u0159ina Peterkov\u00e1 v&nbsp;keirinu a rovn\u011b\u017e t\u0159et\u00ed byla Hana He\u0159manovsk\u00e1 v&nbsp;bodovac\u00edm z\u00e1vodu.<\/p>\n\n\n\n<p>Mezi mu\u017ei z&nbsp;na\u0161ich cyklist\u016f na stupn\u011b v\u00edt\u011bz\u016f nedos\u00e1hl nikdo, \u010dtvrt\u00e1 m\u00edsta z\u00edskali Mat\u011bj Bohusl\u00e1vek ve sprintu a \u0160t\u011bp\u00e1n \u0160irok\u00fd ve vylu\u010dovac\u00edm z\u00e1vod\u011b.<\/p>\n\n\n\n<figure class=\"wp-block-image size-large\"><img loading=\"lazy\" decoding=\"async\" width=\"683\" height=\"1024\" src=\"http:\/\/www.czechcyclingfederation.com\/wp-content\/uploads\/2024\/08\/DSC_0855-683x1024.jpg\" alt=\"\" class=\"wp-image-31493\" srcset=\"https:\/\/www.czechcyclingfederation.com\/wp-content\/uploads\/2024\/08\/DSC_0855-683x1024.jpg 683w, https:\/\/www.czechcyclingfederation.com\/wp-content\/uploads\/2024\/08\/DSC_0855-133x200.jpg 133w, https:\/\/www.czechcyclingfederation.com\/wp-content\/uploads\/2024\/08\/DSC_0855-768x1152.jpg 768w, https:\/\/www.czechcyclingfederation.com\/wp-content\/uploads\/2024\/08\/DSC_0855-1024x1536.jpg 1024w, https:\/\/www.czechcyclingfederation.com\/wp-content\/uploads\/2024\/08\/DSC_0855-1365x2048.jpg 1365w, https:\/\/www.czechcyclingfederation.com\/wp-content\/uploads\/2024\/08\/DSC_0855-1320x1980.jpg 1320w, https:\/\/www.czechcyclingfederation.com\/wp-content\/uploads\/2024\/08\/DSC_0855-scaled.jpg 1707w\" sizes=\"auto, (max-width: 683px) 100vw, 683px\" \/><\/figure>\n\n\n\n<p>V\u00fdsledky:<\/p>\n\n\n\n<p>Mu\u017ei:<\/p>\n\n\n\n<p>Omnium:<\/p>\n\n\n\n<p>1. Waliniak (Pol.) 228, 2. Crista (Rum.) 217, 3. Lange (N\u011bm.) 163, &#8230;7. K\u0159enek (\u010cR) 114<\/p>\n\n\n\n<p>Bodovac\u00ed z\u00e1vod:<\/p>\n\n\n\n<p>1. Crista 88, 2. Waliniak 77, 3. Martinez (Kol.) 72, &#8230;7. K\u0159enek 55, 10. \u0160tec (\u010cR) 31.<\/p>\n\n\n\n<p>Sprint:<\/p>\n\n\n\n<p>1. Predomo, 2. Moro (oba It.), 3. Vadapalas (Lit.), 4. Bohusl\u00e1vek, \u20266. Hytych, 8. \u010cechman (v\u0161ichni \u010cR).<\/p>\n\n\n\n<p>Scratch:<\/p>\n\n\n\n<p>1, Hoppezak (Niz.), 2. Waliniak, 3. Hryniv (Ukr.), &#8230;7. Kadlec, 8. Van\u00ed\u010dek (oba \u010cR).<\/p>\n\n\n\n<p>Vylu\u010dovac\u00ed z\u00e1vod:<\/p>\n\n\n\n<p>2. Prokopyszyn (Pol.), 2. Martinez, 3. Waliniak, 4. \u0160irok\u00fd (\u010cR).<\/p>\n\n\n\n<p>\u017deny:<\/p>\n\n\n\n<p>Omnium:<\/p>\n\n\n\n<p>1. \u0160ev\u010d\u00edkov\u00e1 (\u010cR ) 121, 2. Gedraiteov\u00e1 (Lit.) 120, 3. Milakiov\u00e1 (\u0158ec.) 112.<\/p>\n\n\n\n<p>Sprint:<\/p>\n\n\n\n<p>1. V. Jaborn\u00edkov\u00e1 (\u010cR), 2. Lohviniukov\u00e1 (Ukr.), 3. A. Jaborn\u00edkov\u00e1, 4. Paulov\u00e1, 5. Peterkov\u00e1, &#8230;7. Barton\u00edkov\u00e1, 8. Richterov\u00e1 (v\u0161echny \u010cR).<\/p>\n\n\n\n<p>Bodovac\u00ed z\u00e1vod:<\/p>\n\n\n\n<p>1. Balei\u0161iteov\u00e1 (Lit.) 20, 2. Ingramov\u00e1 (USA) 18, 3. He\u0159manovsk\u00e1 (\u010cR) 12, &#8230;6. \u0160ev\u010d\u00edkov\u00e1 11.<\/p>\n\n\n\n<p>Scratch:<\/p>\n\n\n\n<p>1. Balei\u0161iteov\u00e1, 2. Seitzov\u00e1 (\u0160v\u00fdc.), 3. Ba\u010d\u00edkov\u00e1 (SR), 4. \u0160ev\u010d\u00edkov\u00e1, 8. He\u0159manovsk\u00e1.<\/p>\n\n\n\n<p>Vylu\u010dovac\u00ed z\u00e1vod:<\/p>\n\n\n\n<p>1. \u0160ev\u010d\u00edkov\u00e1, 2. Eickhofov\u00e1 (Niz.), 3. Ba\u010d\u00edkov\u00e1, 4. Macha\u010dov\u00e1 (\u010cR).<\/p>\n\n\n\n<p>Keirin:<\/p>\n\n\n\n<p>1. Lohviniukov\u00e1, 2. V Jaborn\u00edkov\u00e1, 3. Peterkov\u00e1, 4. A. Jaborn\u00edkov\u00e1, 5. Paulov\u00e1, 6. Richterov\u00e1.<\/p>\n","protected":false},"excerpt":{"rendered":"<p>Dv\u011b prvenstv\u00ed vybojovala Petra \u0160ev\u010d\u00edkov\u00e1 na z\u00e1vodech UCI prvn\u00ed kategorie Prague Summer Track, na kter\u00e9m se p\u0159edstavili jezdci z&nbsp;dvaceti zem\u00ed, na ov\u00e1lu na T\u0159ebe\u0161\u00edn\u011b. Z\u00e1vodnice Dukly Praha vyhr\u00e1la omnium a vylu\u010dovac\u00ed z\u00e1vod. T\u00e9m\u011b\u0159 stejn\u011b \u00fasp\u011b\u0161n\u00e1 byla sprinterka Dukly Brno Veronika Jaborn\u00edkov\u00e1, kter\u00e1 zv\u00edt\u011bzila ve sprintu a druh\u00e1 byla v&nbsp;keirinu. Na stupn\u011b v\u00edt\u011bzek se dostaly je\u0161t\u011b [&hellip;]<\/p>\n","protected":false},"author":8,"featured_media":31495,"comment_status":"closed","ping_status":"open","sticky":false,"template":"","format":"standard","meta":{"footnotes":""},"categories":[54,2],"tags":[9],"class_list":["post-31488","post","type-post","status-publish","format-standard","has-post-thumbnail","hentry","category-draha","category-novinky","tag-draha"],"_links":{"self":[{"href":"https:\/\/www.czechcyclingfederation.com\/en\/wp-json\/wp\/v2\/posts\/31488","targetHints":{"allow":["GET"]}}],"collection":[{"href":"https:\/\/www.czechcyclingfederation.com\/en\/wp-json\/wp\/v2\/posts"}],"about":[{"href":"https:\/\/www.czechcyclingfederation.com\/en\/wp-json\/wp\/v2\/types\/post"}],"author":[{"embeddable":true,"href":"https:\/\/www.czechcyclingfederation.com\/en\/wp-json\/wp\/v2\/users\/8"}],"replies":[{"embeddable":true,"href":"https:\/\/www.czechcyclingfederation.com\/en\/wp-json\/wp\/v2\/comments?post=31488"}],"version-history":[{"count":2,"href":"https:\/\/www.czechcyclingfederation.com\/en\/wp-json\/wp\/v2\/posts\/31488\/revisions"}],"predecessor-version":[{"id":31498,"href":"https:\/\/www.czechcyclingfederation.com\/en\/wp-json\/wp\/v2\/posts\/31488\/revisions\/31498"}],"wp:featuredmedia":[{"embeddable":true,"href":"https:\/\/www.czechcyclingfederation.com\/en\/wp-json\/wp\/v2\/media\/31495"}],"wp:attachment":[{"href":"https:\/\/www.czechcyclingfederation.com\/en\/wp-json\/wp\/v2\/media?parent=31488"}],"wp:term":[{"taxonomy":"category","embeddable":true,"href":"https:\/\/www.czechcyclingfederation.com\/en\/wp-json\/wp\/v2\/categories?post=31488"},{"taxonomy":"post_tag","embeddable":true,"href":"https:\/\/www.czechcyclingfederation.com\/en\/wp-json\/wp\/v2\/tags?post=31488"}],"curies":[{"name":"wp","href":"https:\/\/api.w.org\/{rel}","templated":true}]}}