{"id":31481,"date":"2024-08-25T19:24:42","date_gmt":"2024-08-25T17:24:42","guid":{"rendered":"https:\/\/www.czechcyclingfederation.com\/?p=31481"},"modified":"2024-08-30T14:04:59","modified_gmt":"2024-08-30T12:04:59","slug":"belgicane-ovladli-west-bohemia-tour-matyas-fiala-dvaadvacaty","status":"publish","type":"post","link":"https:\/\/www.czechcyclingfederation.com\/en\/belgicane-ovladli-west-bohemia-tour-matyas-fiala-dvaadvacaty\/","title":{"rendered":"Belgi\u010dan\u00e9 ovl\u00e1dli West Bohemia Tour, Maty\u00e1\u0161 Fiala dvaadvac\u00e1t\u00fd"},"content":{"rendered":"\n<p>Absolutn\u00ed dominanci belgick\u00fdch cyklist\u016f p\u0159inesl z\u00e1vod West Bohemia Tour pro cyklisty do 23 let. Celkov\u00fdm v\u00edt\u011bzem po prologu a n\u00e1sleduj\u00edc\u00edch t\u0159ech etap\u00e1ch se stal Belgi\u010dan Victor Vaneeckhoutte z Lotto Dstny Development. Nejlep\u0161\u00edm z \u010desk\u00fdch mlad\u00edk\u016f byl Maty\u00e1\u0161 Fiala v dresu ATT Investments na dvaadvac\u00e1t\u00e9 pozici kone\u010dn\u00e9ho po\u0159ad\u00ed.<\/p>\n\n\n\n<p>Pouze \u00favodn\u00ed prolog, do n\u011bho\u017e nastoupilo sto cyklist\u016f z osmn\u00e1cti t\u00fdm\u016f, neovl\u00e1dl \u017e\u00e1dn\u00fd z belgick\u00fdch mlad\u00edk\u016f. \u010ctvrte\u010dn\u00ed bitvu na 3700 metr\u016f ve Star\u00e9m Plzenci vyhr\u00e1l Matthias Schwarzbacher z ATT Investments, kdy\u017e o vte\u0159inu porazil Belgi\u010dana Jonathana Vervenneho z formace Soudal Quick Step Devo Team. Ov\u0161em u\u017e od p\u00e1tku vl\u00e1dli z\u00e1vodu krajan\u00e9 jednadvacetilet\u00e9ho cyklisty.<\/p>\n\n\n\n<figure class=\"wp-block-image size-large\"><img loading=\"lazy\" decoding=\"async\" width=\"1024\" height=\"684\" src=\"https:\/\/www.czechcyclingfederation.com\/wp-content\/uploads\/2024\/08\/west-bohemia-3-1024x684.jpg\" alt=\"\" class=\"wp-image-31482\" srcset=\"https:\/\/www.czechcyclingfederation.com\/wp-content\/uploads\/2024\/08\/west-bohemia-3-1024x684.jpg 1024w, https:\/\/www.czechcyclingfederation.com\/wp-content\/uploads\/2024\/08\/west-bohemia-3-300x200.jpg 300w, https:\/\/www.czechcyclingfederation.com\/wp-content\/uploads\/2024\/08\/west-bohemia-3-768x513.jpg 768w, https:\/\/www.czechcyclingfederation.com\/wp-content\/uploads\/2024\/08\/west-bohemia-3-1536x1025.jpg 1536w, https:\/\/www.czechcyclingfederation.com\/wp-content\/uploads\/2024\/08\/west-bohemia-3-2048x1367.jpg 2048w, https:\/\/www.czechcyclingfederation.com\/wp-content\/uploads\/2024\/08\/west-bohemia-3-1320x881.jpg 1320w\" sizes=\"auto, (max-width: 1024px) 100vw, 1024px\" \/><\/figure>\n\n\n\n<p>V Rokycanech p\u0159i etap\u011b dlouh\u00e9 150 kilometr\u016f s p\u0159ev\u00fd\u0161en\u00edm 2123 metr\u016f slavil triumf osmn\u00e1ctilet\u00fd Victor Vaneeckhoutte z Lotto Dstny Development a dostal se do \u010dela pr\u016fb\u011b\u017en\u00e9ho po\u0159ad\u00ed. Druh\u00e9 d\u011bjstv\u00ed v Klatovech op\u011bt dlouh\u00e9 150 kilometr\u016f s p\u0159ev\u00fd\u0161en\u00edm 2408 metr\u016f opanoval o rok star\u0161\u00ed Lars Vanden Heede ze Soudal Quick Step Devo Team, kdy\u017e t\u0159et\u00ed p\u0159\u00ed\u010dkou v etap\u011b se bl\u00fdskl Maty\u00e1\u0161 Fiala. Z\u00e1v\u011bre\u010dnou etapu s p\u0159ev\u00fd\u0161en\u00edm 1891 metr\u016f na vzd\u00e1lenosti 150,9 kilometr\u016f vyhr\u00e1l dvacetilet\u00fd Senne Hulsmans, rovn\u011b\u017e z formace Soudal.<\/p>\n\n\n\n<p>Druh\u00fd v celkov\u00e9m po\u0159ad\u00ed skon\u010dil jednadvacetilet\u00fd Michiel Lambrecht z Bingoal WB Devo Teamu. Bronzovou pozici slavil Federico Savino, dvacetilet\u00fd Ital ve slu\u017eb\u00e1ch Soudal Quick Step Devo.<\/p>\n\n\n\n<p>Vaneeckhoutte vyhr\u00e1l tak\u00e9 sout\u011b\u017e do 21 let a krom\u011b \u017elut\u00e9ho si odvezl i b\u00edl\u00fd dres. Jeho t\u00fdmov\u00fd kolega devaten\u00e1ctilet\u00fd Steffen de Schuyteneer vyhr\u00e1l bodovac\u00ed sout\u011b\u017e, formace Lotto Dstny vybojovala triumf i v sout\u011b\u017ei t\u00fdm\u016f. V\u00edt\u011bzem vrcha\u0159sk\u00e9 sout\u011b\u017ee se stal jednadvacetilet\u00fd Samuel Kov\u00e1\u010d, slovensk\u00fd reprezentant pat\u0159\u00edc\u00ed na soupisku Dukly Bansk\u00e1 Bystrica.<\/p>\n\n\n\n<p>Nejlep\u0161\u00edm z \u010desk\u00fdch cyklist\u016f byl jednadvacetilet\u00fd Maty\u00e1\u0161 Fiala z ATT Investments, jemu\u017e v kone\u010dn\u00e9m \u00fa\u010dtov\u00e1n\u00ed pat\u0159ila dvaadvac\u00e1t\u00e1 p\u0159\u00ed\u010dka. O deset pozic h\u016f\u0159e dokon\u010dil z\u00e1vod Tom\u00e1\u0161 Obdr\u017e\u00e1lek z Elkov-Kasper. <\/p>\n\n\n\n<p>Do prvn\u00ed pades\u00e1tky se ve\u0161li je\u0161t\u011b Ond\u0159ej Pokorn\u00fd z TUFO-Pardus Prost\u011bjov, fini\u0161uj\u00edc\u00ed jedna\u010dty\u0159ic\u00e1t\u00fd, \u0161esta\u010dty\u0159ic\u00e1t\u00fd Jan Luke\u0161 z Elkov Kasper a osma\u010dty\u0159ic\u00e1t\u00fd Adam Seeman pat\u0159\u00edc\u00ed do sestavy development t\u00fdmu DSM firmenich PostNL. Dev\u011bta\u010dty\u0159ic\u00e1t\u00fd byl Vojt\u011bch Vodr\u00e1\u017eka z CK Pardubice.<\/p>\n\n\n\n<p><\/p>\n","protected":false},"excerpt":{"rendered":"<p>Absolutn\u00ed dominanci belgick\u00fdch cyklist\u016f p\u0159inesl z\u00e1vod West Bohemia Tour pro cyklisty do 23 let. Celkov\u00fdm v\u00edt\u011bzem po prologu a n\u00e1sleduj\u00edc\u00edch t\u0159ech etap\u00e1ch se stal Belgi\u010dan Victor Vaneeckhoutte z Lotto Dstny Development. Nejlep\u0161\u00edm z \u010desk\u00fdch mlad\u00edk\u016f byl Maty\u00e1\u0161 Fiala v dresu ATT Investments na dvaadvac\u00e1t\u00e9 pozici kone\u010dn\u00e9ho po\u0159ad\u00ed. Pouze \u00favodn\u00ed prolog, do n\u011bho\u017e nastoupilo sto cyklist\u016f [&hellip;]<\/p>\n","protected":false},"author":30,"featured_media":31485,"comment_status":"closed","ping_status":"open","sticky":false,"template":"","format":"standard","meta":{"footnotes":""},"categories":[2,1],"tags":[11],"class_list":["post-31481","post","type-post","status-publish","format-standard","has-post-thumbnail","hentry","category-novinky","category-uncategorized-cs","tag-silnice"],"_links":{"self":[{"href":"https:\/\/www.czechcyclingfederation.com\/en\/wp-json\/wp\/v2\/posts\/31481","targetHints":{"allow":["GET"]}}],"collection":[{"href":"https:\/\/www.czechcyclingfederation.com\/en\/wp-json\/wp\/v2\/posts"}],"about":[{"href":"https:\/\/www.czechcyclingfederation.com\/en\/wp-json\/wp\/v2\/types\/post"}],"author":[{"embeddable":true,"href":"https:\/\/www.czechcyclingfederation.com\/en\/wp-json\/wp\/v2\/users\/30"}],"replies":[{"embeddable":true,"href":"https:\/\/www.czechcyclingfederation.com\/en\/wp-json\/wp\/v2\/comments?post=31481"}],"version-history":[{"count":2,"href":"https:\/\/www.czechcyclingfederation.com\/en\/wp-json\/wp\/v2\/posts\/31481\/revisions"}],"predecessor-version":[{"id":31487,"href":"https:\/\/www.czechcyclingfederation.com\/en\/wp-json\/wp\/v2\/posts\/31481\/revisions\/31487"}],"wp:featuredmedia":[{"embeddable":true,"href":"https:\/\/www.czechcyclingfederation.com\/en\/wp-json\/wp\/v2\/media\/31485"}],"wp:attachment":[{"href":"https:\/\/www.czechcyclingfederation.com\/en\/wp-json\/wp\/v2\/media?parent=31481"}],"wp:term":[{"taxonomy":"category","embeddable":true,"href":"https:\/\/www.czechcyclingfederation.com\/en\/wp-json\/wp\/v2\/categories?post=31481"},{"taxonomy":"post_tag","embeddable":true,"href":"https:\/\/www.czechcyclingfederation.com\/en\/wp-json\/wp\/v2\/tags?post=31481"}],"curies":[{"name":"wp","href":"https:\/\/api.w.org\/{rel}","templated":true}]}}