{"id":31477,"date":"2024-08-25T18:22:17","date_gmt":"2024-08-25T16:22:17","guid":{"rendered":"https:\/\/www.czechcyclingfederation.com\/?p=31477"},"modified":"2024-08-27T14:47:09","modified_gmt":"2024-08-27T12:47:09","slug":"junior-peterka-desaty-na-ms-v-zavod-na-1-km","status":"publish","type":"post","link":"https:\/\/www.czechcyclingfederation.com\/en\/junior-peterka-desaty-na-ms-v-zavod-na-1-km\/","title":{"rendered":"Junior Peterka des\u00e1t\u00fd na MS v\u00a0z\u00e1vod\u011b na 1 km"},"content":{"rendered":"\n<p>V z\u00e1v\u011bre\u010dn\u00fd den sv\u011btov\u00e9ho dr\u00e1hov\u00e9ho juniorsk\u00e9ho \u0161ampion\u00e1tu na ov\u00e1lu v \u010d\u00ednsk\u00e9m m\u011bst\u011b Luoyang zas\u00e1hli do boj\u016f t\u0159i \u010de\u0161t\u00ed jezdci. Nejl\u00e9pe si z nich vedl <strong>David Peterka<\/strong>, kter\u00fd obsadil v z\u00e1vod\u011b na 1 km s pevn\u00fdm startem des\u00e1tou pozici.<\/p>\n\n\n\n<p><strong>Elen Lazarov\u00e1<\/strong> v prvn\u00ed j\u00edzd\u011b v keirinu skon\u010dila t\u0159et\u00ed za dv\u011bma postupuj\u00edc\u00edmi, v oprav\u011b byla druh\u00e1, ale d\u00e1l \u0161la jen v\u00edt\u011bzka, tak\u017ee nakonec byla klasifikov\u00e1na na 13. m\u00edst\u011b. <strong>Kry\u0161tof Friedl<\/strong> byl devaten\u00e1ct\u00fd na kilometru s pevn\u00fdm startem, kde v\u00edt\u011bzn\u00fd Australan Tayte Ryan vytvo\u0159il \u010dasem 59,875 sv\u011btov\u00fd rekord.<\/p>\n\n\n\n<p>V\u00fdsledky:<\/p>\n\n\n\n<p>Junio\u0159i:<\/p>\n\n\n\n<p>1 km s pevn\u00fdm startem: 1. Ryan (Austr.) 59,875 &#8211; sv\u011bt. rekord, 2. Hobbs (N\u011bm.) 1:00,255, 3. Lamaszewski (Pol.) 1:01,114, &#8230; <strong>10. Peterka <\/strong>1:02,07, <strong>19. Friedl <\/strong>(oba \u010cR) 1:03,349.<\/p>\n\n\n\n<p>Juniorky:<\/p>\n\n\n\n<p>Keirin: 1. Cuadradov\u00e1 (Kol.), 2. Wallaceov\u00e1 (Trin. a Tob.), 3. Cenciov\u00e1 (It.), &#8230; <strong>13. Lazarov\u00e1<\/strong> (\u010cR).<\/p>\n\n\n\n<p>FOTO UCI<\/p>\n","protected":false},"excerpt":{"rendered":"<p>V z\u00e1v\u011bre\u010dn\u00fd den sv\u011btov\u00e9ho dr\u00e1hov\u00e9ho juniorsk\u00e9ho \u0161ampion\u00e1tu na ov\u00e1lu v \u010d\u00ednsk\u00e9m m\u011bst\u011b Luoyang zas\u00e1hli do boj\u016f t\u0159i \u010de\u0161t\u00ed jezdci. Nejl\u00e9pe si z nich vedl David Peterka, kter\u00fd obsadil v z\u00e1vod\u011b na 1 km s pevn\u00fdm startem des\u00e1tou pozici. Elen Lazarov\u00e1 v prvn\u00ed j\u00edzd\u011b v keirinu skon\u010dila t\u0159et\u00ed za dv\u011bma postupuj\u00edc\u00edmi, v oprav\u011b byla druh\u00e1, ale [&hellip;]<\/p>\n","protected":false},"author":8,"featured_media":31478,"comment_status":"closed","ping_status":"open","sticky":false,"template":"","format":"standard","meta":{"footnotes":""},"categories":[54,2],"tags":[9],"class_list":["post-31477","post","type-post","status-publish","format-standard","has-post-thumbnail","hentry","category-draha","category-novinky","tag-draha"],"_links":{"self":[{"href":"https:\/\/www.czechcyclingfederation.com\/en\/wp-json\/wp\/v2\/posts\/31477","targetHints":{"allow":["GET"]}}],"collection":[{"href":"https:\/\/www.czechcyclingfederation.com\/en\/wp-json\/wp\/v2\/posts"}],"about":[{"href":"https:\/\/www.czechcyclingfederation.com\/en\/wp-json\/wp\/v2\/types\/post"}],"author":[{"embeddable":true,"href":"https:\/\/www.czechcyclingfederation.com\/en\/wp-json\/wp\/v2\/users\/8"}],"replies":[{"embeddable":true,"href":"https:\/\/www.czechcyclingfederation.com\/en\/wp-json\/wp\/v2\/comments?post=31477"}],"version-history":[{"count":2,"href":"https:\/\/www.czechcyclingfederation.com\/en\/wp-json\/wp\/v2\/posts\/31477\/revisions"}],"predecessor-version":[{"id":31512,"href":"https:\/\/www.czechcyclingfederation.com\/en\/wp-json\/wp\/v2\/posts\/31477\/revisions\/31512"}],"wp:featuredmedia":[{"embeddable":true,"href":"https:\/\/www.czechcyclingfederation.com\/en\/wp-json\/wp\/v2\/media\/31478"}],"wp:attachment":[{"href":"https:\/\/www.czechcyclingfederation.com\/en\/wp-json\/wp\/v2\/media?parent=31477"}],"wp:term":[{"taxonomy":"category","embeddable":true,"href":"https:\/\/www.czechcyclingfederation.com\/en\/wp-json\/wp\/v2\/categories?post=31477"},{"taxonomy":"post_tag","embeddable":true,"href":"https:\/\/www.czechcyclingfederation.com\/en\/wp-json\/wp\/v2\/tags?post=31477"}],"curies":[{"name":"wp","href":"https:\/\/api.w.org\/{rel}","templated":true}]}}