{"id":3147,"date":"2021-01-05T14:59:53","date_gmt":"2021-01-05T13:59:53","guid":{"rendered":"http:\/\/www.czechcyclingfederation.com\/?p=3147"},"modified":"2021-01-05T15:27:51","modified_gmt":"2021-01-05T14:27:51","slug":"pomozte-nam-vybrat-novou-podobu-koruny-pro-krale-cyklistiky","status":"publish","type":"post","link":"https:\/\/www.czechcyclingfederation.com\/en\/pomozte-nam-vybrat-novou-podobu-koruny-pro-krale-cyklistiky\/","title":{"rendered":"POMOZTE N\u00c1M VYBRAT NOVOU PODOBU KORUNY PRO KR\u00c1LE CYKLISTIKY"},"content":{"rendered":"\n<p>Vzhledem k situaci kolem Covid-19 jsme byli nuceni odsunout kon\u00e1n\u00ed leto\u0161n\u00edho Kr\u00e1le cyklistiky prozat\u00edm na neur\u010dito. St\u00e1le v\u0161ak douf\u00e1me, \u017ee ho budeme moci v leto\u0161n\u00edm roce uskute\u010dnit a to co mo\u017en\u00e1 nejd\u0159\u00edve.&nbsp;<\/p>\n\n\n\n<p>Do t\u00e9 doby bychom V\u00e1s ale cht\u011bli zapojit do celkem p\u0159\u00edjemn\u00e9, av\u0161ak zodpov\u011bdn\u00e9 \u010dinnosti a tou je v\u00fdb\u011br nov\u00e9 koruny pro kr\u00e1le cyklistiky z n\u00e1vrh\u016f student\u016f um\u011bleck\u00fdch \u0161kol.<\/p>\n\n\n\n<p>Od pond\u011bl\u00ed 4.1. V\u00e1m do stories na na\u0161em <a href=\"https:\/\/www.instagram.com\/czechcycling\/\">Instagramu<\/a> a <a href=\"https:\/\/www.facebook.com\/czechcyclingfederation?locale=cs_CZ\">Facebooku<\/a> hod\u00edme ka\u017ed\u00fd den jeden n\u00e1vrh nov\u00e9 koruny. Na konci t\u00fddne ud\u011bl\u00e1me anketu a Vy zvol\u00edte v\u00fdhern\u00ed n\u00e1vrh, kter\u00fdm ji\u017e letos korunujeme kr\u00e1le cyklistiky. Poj\u010fte se tedy na n\u00e1padit\u00e9 n\u00e1vrhy talentovan\u00fdch student\u016f pod\u00edvat u\u017e te\u010f.<\/p>\n\n\n\n<p><\/p>\n","protected":false},"excerpt":{"rendered":"<p>Vzhledem k situaci kolem Covid-19 jsme byli nuceni odsunout kon\u00e1n\u00ed leto\u0161n\u00edho Kr\u00e1le cyklistiky prozat\u00edm na neur\u010dito. St\u00e1le v\u0161ak douf\u00e1me, \u017ee ho budeme moci v leto\u0161n\u00edm roce uskute\u010dnit a to co mo\u017en\u00e1 nejd\u0159\u00edve.&nbsp; Do t\u00e9 doby bychom V\u00e1s ale cht\u011bli zapojit do celkem p\u0159\u00edjemn\u00e9, av\u0161ak zodpov\u011bdn\u00e9 \u010dinnosti a tou je v\u00fdb\u011br nov\u00e9 koruny pro kr\u00e1le cyklistiky [&hellip;]<\/p>\n","protected":false},"author":2,"featured_media":461,"comment_status":"closed","ping_status":"open","sticky":false,"template":"","format":"standard","meta":{"footnotes":""},"categories":[28,34,2],"tags":[],"class_list":["post-3147","post","type-post","status-publish","format-standard","has-post-thumbnail","hentry","category-cesky-svaz-cyklistiky","category-kral-cyklistiky","category-novinky"],"_links":{"self":[{"href":"https:\/\/www.czechcyclingfederation.com\/en\/wp-json\/wp\/v2\/posts\/3147","targetHints":{"allow":["GET"]}}],"collection":[{"href":"https:\/\/www.czechcyclingfederation.com\/en\/wp-json\/wp\/v2\/posts"}],"about":[{"href":"https:\/\/www.czechcyclingfederation.com\/en\/wp-json\/wp\/v2\/types\/post"}],"author":[{"embeddable":true,"href":"https:\/\/www.czechcyclingfederation.com\/en\/wp-json\/wp\/v2\/users\/2"}],"replies":[{"embeddable":true,"href":"https:\/\/www.czechcyclingfederation.com\/en\/wp-json\/wp\/v2\/comments?post=3147"}],"version-history":[{"count":6,"href":"https:\/\/www.czechcyclingfederation.com\/en\/wp-json\/wp\/v2\/posts\/3147\/revisions"}],"predecessor-version":[{"id":3156,"href":"https:\/\/www.czechcyclingfederation.com\/en\/wp-json\/wp\/v2\/posts\/3147\/revisions\/3156"}],"wp:featuredmedia":[{"embeddable":true,"href":"https:\/\/www.czechcyclingfederation.com\/en\/wp-json\/wp\/v2\/media\/461"}],"wp:attachment":[{"href":"https:\/\/www.czechcyclingfederation.com\/en\/wp-json\/wp\/v2\/media?parent=3147"}],"wp:term":[{"taxonomy":"category","embeddable":true,"href":"https:\/\/www.czechcyclingfederation.com\/en\/wp-json\/wp\/v2\/categories?post=3147"},{"taxonomy":"post_tag","embeddable":true,"href":"https:\/\/www.czechcyclingfederation.com\/en\/wp-json\/wp\/v2\/tags?post=3147"}],"curies":[{"name":"wp","href":"https:\/\/api.w.org\/{rel}","templated":true}]}}