{"id":31459,"date":"2024-08-24T21:36:07","date_gmt":"2024-08-24T19:36:07","guid":{"rendered":"https:\/\/www.czechcyclingfederation.com\/?p=31459"},"modified":"2024-08-25T15:34:57","modified_gmt":"2024-08-25T13:34:57","slug":"daniel-vysocan-sestnacty-na-tour-de-lavenir","status":"publish","type":"post","link":"https:\/\/www.czechcyclingfederation.com\/en\/daniel-vysocan-sestnacty-na-tour-de-lavenir\/","title":{"rendered":"Vyso\u010dan \u0161estn\u00e1ct\u00fd na Tour de L&#8217;Avenir, P\u0159idal ve \u010dtvrt\u00e9 des\u00edtce"},"content":{"rendered":"\n<p>\u0160estn\u00e1ctou p\u0159\u00ed\u010dku vybojoval <strong>Daniel Vyso\u010dan <\/strong>ve skv\u011bl\u00e9 konkurenci na Tour de L&#8217;Avenir. V presti\u017en\u00ed bitv\u011b zahrnuj\u00edc\u00ed prolog a \u0161est n\u00e1ro\u010dn\u00fdch etap ambice \u010desk\u00e9ho t\u00fdmu poznamenalo odstoupen\u00ed <strong>Pavla Nov\u00e1ka<\/strong> ve t\u0159et\u00ed etap\u011b. V\u00edt\u011bzem z\u00e1vodu se stal jednadvacetilet\u00fd <strong>Joseph Blackmore<\/strong> z Velk\u00e9 Brit\u00e1nie.<\/p>\n\n\n\n<p><em>&#8220;Pro kluky se jednalo o skv\u011blou zku\u0161enost. Posledn\u00ed etapa byla hodn\u011b n\u00e1ro\u010dn\u00e1, v\u0161ichni u\u017e toho m\u011bli dost. Doufali jsme, \u017ee se poda\u0159\u00ed posunout Daniela Vyso\u010dana po\u0159ad\u00edm je\u0161t\u011b v\u00edce, ale bylo to v\u00e1\u017en\u011b hodn\u011b t\u011b\u017ek\u00e9. Fakt, \u017ee jsme udr\u017eeli Daniela Vyso\u010dana na \u0161estn\u00e1ct\u00e9 pozici je velice pozitivn\u00ed,&#8221; <\/em>hodnotil vystoupen\u00ed \u010desk\u00fdch mlad\u00edk\u016f reprezenta\u010dn\u00ed tren\u00e9r <strong>Petr Kaltofen<\/strong>.<\/p>\n\n\n\n<p>Z\u00e1vod pro cyklisty do 23 let zahrnoval v itiner\u00e1\u0159i horsk\u00e9 velik\u00e1ny jako Les Arcs, La Rosi\u00e9re, Col de l&#8217;Iseran \u010di Colle delle Finestre. <em>&#8220;T\u00fdm poznamenalo, \u017ee v d\u016fsledku p\u00e1du musel odstoupit Pavel Nov\u00e1k. P\u0159esto na\u0161e vystoupen\u00ed hodnot\u00edme pozitivn\u011b. Tom\u00e1\u0161 P\u0159idal i Daniel Vyso\u010dan se s p\u0159ib\u00fdvaj\u00edc\u00edmi kilometry zlep\u0161ovali. Jsou v kategorii do t\u0159iadvaceti let teprve druh\u00fdm rokem, je\u0161t\u011b dvakr\u00e1t Tour de L&#8217;Avenir pojedou. Leto\u0161n\u00ed zku\u0161enosti mohou z\u00faro\u010dit p\u0159\u00ed\u0161t\u00ed rok. V\u011b\u0159\u00edm, \u017ee budeme schopn\u00ed bojovat o prvn\u00ed des\u00edtku,&#8221; <\/em>p\u0159em\u00edtal Kaltofen nad vystoupen\u00edm na akci, kter\u00e1 je ozna\u010dov\u00e1na jako mal\u00e1 Tour de France.<\/p>\n\n\n\n<figure class=\"wp-block-image size-large\"><img loading=\"lazy\" decoding=\"async\" width=\"1024\" height=\"816\" src=\"http:\/\/www.czechcyclingfederation.com\/wp-content\/uploads\/2024\/08\/IMG-20240824-WA0007-1024x816.jpg\" alt=\"\" class=\"wp-image-31460\" srcset=\"https:\/\/www.czechcyclingfederation.com\/wp-content\/uploads\/2024\/08\/IMG-20240824-WA0007-1024x816.jpg 1024w, https:\/\/www.czechcyclingfederation.com\/wp-content\/uploads\/2024\/08\/IMG-20240824-WA0007-251x200.jpg 251w, https:\/\/www.czechcyclingfederation.com\/wp-content\/uploads\/2024\/08\/IMG-20240824-WA0007-768x612.jpg 768w, https:\/\/www.czechcyclingfederation.com\/wp-content\/uploads\/2024\/08\/IMG-20240824-WA0007-1536x1224.jpg 1536w, https:\/\/www.czechcyclingfederation.com\/wp-content\/uploads\/2024\/08\/IMG-20240824-WA0007-1320x1052.jpg 1320w, https:\/\/www.czechcyclingfederation.com\/wp-content\/uploads\/2024\/08\/IMG-20240824-WA0007.jpg 2048w\" sizes=\"auto, (max-width: 1024px) 100vw, 1024px\" \/><\/figure>\n\n\n\n<p>\u010ce\u0161t\u00ed mlad\u00edci se museli poprat s mimo\u0159\u00e1dnou konkurenc\u00ed. V\u017edy\u0165 na \u010dele pelotonu skon\u010dili z\u00e1vodn\u00edci, kte\u0159\u00ed u\u017e pat\u0159\u00ed nebo z\u00e1hy budou pat\u0159it do sestav t\u00fdm\u016f z World Tour \u010di UCI Pro. <\/p>\n\n\n\n<p>Jednadvacetilet\u00fd v\u00edt\u011bz Josep Blackmore je na soupisce Israel Premier Tech, kter\u00fd si talentovan\u00e9ho z\u00e1vodn\u00edka pojistil na dal\u0161\u00ed dv\u011b sezony. Druh\u00fd v po\u0159ad\u00ed Pablo Torres ze \u0160pan\u011blska v pouh\u00fdch osmn\u00e1cti letech obl\u00e9k\u00e1 dres devo t\u00fdmu UAE Emirates a o t\u0159i roky star\u0161\u00ed Tijmen Graat z Nizozemska m\u00e1 od p\u0159\u00ed\u0161t\u00ed sezony podepsan\u00fd na t\u0159i roky kontrakt u Visma Lease a Bike. Ital Samuel Florian Kajamini, p\u00e1t\u00fd v po\u0159ad\u00ed, podepsal pro p\u0159\u00ed\u0161t\u00ed roky kontrakt v Astan\u011b, \u0161est\u00fd z Tour de L&#8217;Avenir Simon Dalby je mezi klenoty UnoX.<\/p>\n\n\n\n<p class=\"has-medium-font-size\"><strong>Nejlep\u0161\u00ed \u010ce\u0161kou N\u011bmcov\u00e1<\/strong><\/p>\n\n\n\n<p>Do fin\u00e1le v sobotu dosp\u011bl i Tour de L&#8217;Avenir Femmes. V\u00edt\u011bzkou se stala Marion Bunelov\u00e1 z Francie p\u0159ed Kana\u010fankou Isabellou Holmgrenovou a \u0160pan\u011blkou Eneritz Vadillovou. Nejlep\u0161\u00ed z \u010desk\u00fdch z\u00e1vodnic dojela na dev\u011bta\u010dty\u0159ic\u00e1t\u00e9 pozici <strong>Barbora N\u011bmcov\u00e1<\/strong>, pades\u00e1t\u00e1 byla <strong>Nela Slan\u00edkov\u00e1<\/strong>, p\u011bta\u0161edes\u00e1t\u00e1 <strong>Krist\u00fdna Burlov\u00e1<\/strong>.<\/p>\n\n\n\n<p><em>\u201eByla to na\u0161e prvn\u00ed \u00fa\u010dast na \u017eensk\u00e9m Aveniru U23 a v\u00fdsledkov\u011b to asi dopadlo podle o\u010dek\u00e1v\u00e1n\u00ed. Kv\u016fli nemoci nemohla startovat Julia Kopeck\u00fd. Letos to byl extr\u00e9mn\u011b t\u011b\u017ek\u00fd z\u00e1vod, zejm\u00e9na dojezd na Colle delle Finestre posledn\u00ed den. Pro prvn\u00ed \u017eenu v\u00a0etap\u011b to p\u0159edstavovalo \u010dist\u00fd \u010das hodinu dvacet minut j\u00edzdy do kopce. \u010casov\u00e9 rozd\u00edly byly obrovsk\u00e9,\u201c<\/em> \u0159ekl tren\u00e9r <strong>Milan Kadlec<\/strong>.<\/p>\n\n\n\n<p><em>\u201eNejlep\u0161\u00ed v\u00a0kone\u010dn\u00e9m po\u0159ad\u00ed B\u00e1ra N\u011bmcov\u00e1 bohu\u017eel taky nebyla \u00fapln\u011b fit, ale pro v\u0161echny na\u0161e holky to byla obrovsk\u00e1 zku\u0161enost, proto\u017ee takov\u00e9 kopce se opravdu nejezd\u00ed \u010dasto,\u201c<\/em> dodal tren\u00e9r.<\/p>\n\n\n\n<p><strong>Tour de l\u00b4Avenir mu\u017e\u016f do 23 let &#8211; kone\u010dn\u00e9 po\u0159ad\u00ed:<\/strong> 1. Blackmore (Vel. Brit.) 20:37:36 hod., 2. Torres (\u0160p.) +12, 3. Graat (Niz.) +50, 4. Bisiaux (Fr.) +2:43 min., 5. Kajamini (It.), +3:40 min., 6. Dalby (D\u00e1n.) +4:29 min., \u202616. Vyso\u010dan +18:39 min., 37. P\u0159idal +35:14 min., 68. B\u00e1rta +1:04:04 hod.<\/p>\n","protected":false},"excerpt":{"rendered":"<p>\u0160estn\u00e1ctou p\u0159\u00ed\u010dku vybojoval Daniel Vyso\u010dan ve skv\u011bl\u00e9 konkurenci na Tour de L&#8217;Avenir. V presti\u017en\u00ed bitv\u011b zahrnuj\u00edc\u00ed prolog a \u0161est n\u00e1ro\u010dn\u00fdch etap ambice \u010desk\u00e9ho t\u00fdmu poznamenalo odstoupen\u00ed Pavla Nov\u00e1ka ve t\u0159et\u00ed etap\u011b. V\u00edt\u011bzem z\u00e1vodu se stal jednadvacetilet\u00fd Joseph Blackmore z Velk\u00e9 Brit\u00e1nie. &#8220;Pro kluky se jednalo o skv\u011blou zku\u0161enost. Posledn\u00ed etapa byla hodn\u011b n\u00e1ro\u010dn\u00e1, v\u0161ichni u\u017e [&hellip;]<\/p>\n","protected":false},"author":30,"featured_media":31462,"comment_status":"closed","ping_status":"open","sticky":false,"template":"","format":"standard","meta":{"footnotes":""},"categories":[2,46],"tags":[11],"class_list":["post-31459","post","type-post","status-publish","format-standard","has-post-thumbnail","hentry","category-novinky","category-novinky-sportovni-centra","tag-silnice"],"_links":{"self":[{"href":"https:\/\/www.czechcyclingfederation.com\/en\/wp-json\/wp\/v2\/posts\/31459","targetHints":{"allow":["GET"]}}],"collection":[{"href":"https:\/\/www.czechcyclingfederation.com\/en\/wp-json\/wp\/v2\/posts"}],"about":[{"href":"https:\/\/www.czechcyclingfederation.com\/en\/wp-json\/wp\/v2\/types\/post"}],"author":[{"embeddable":true,"href":"https:\/\/www.czechcyclingfederation.com\/en\/wp-json\/wp\/v2\/users\/30"}],"replies":[{"embeddable":true,"href":"https:\/\/www.czechcyclingfederation.com\/en\/wp-json\/wp\/v2\/comments?post=31459"}],"version-history":[{"count":6,"href":"https:\/\/www.czechcyclingfederation.com\/en\/wp-json\/wp\/v2\/posts\/31459\/revisions"}],"predecessor-version":[{"id":31476,"href":"https:\/\/www.czechcyclingfederation.com\/en\/wp-json\/wp\/v2\/posts\/31459\/revisions\/31476"}],"wp:featuredmedia":[{"embeddable":true,"href":"https:\/\/www.czechcyclingfederation.com\/en\/wp-json\/wp\/v2\/media\/31462"}],"wp:attachment":[{"href":"https:\/\/www.czechcyclingfederation.com\/en\/wp-json\/wp\/v2\/media?parent=31459"}],"wp:term":[{"taxonomy":"category","embeddable":true,"href":"https:\/\/www.czechcyclingfederation.com\/en\/wp-json\/wp\/v2\/categories?post=31459"},{"taxonomy":"post_tag","embeddable":true,"href":"https:\/\/www.czechcyclingfederation.com\/en\/wp-json\/wp\/v2\/tags?post=31459"}],"curies":[{"name":"wp","href":"https:\/\/api.w.org\/{rel}","templated":true}]}}