{"id":31441,"date":"2024-08-24T07:08:37","date_gmt":"2024-08-24T05:08:37","guid":{"rendered":"https:\/\/www.czechcyclingfederation.com\/?p=31441"},"modified":"2024-10-08T15:21:00","modified_gmt":"2024-10-08T13:21:00","slug":"o-paralympijske-vavriny-budou-v-parizi-bojovat-i-ctyri-cesti-cykliste","status":"publish","type":"post","link":"https:\/\/www.czechcyclingfederation.com\/en\/o-paralympijske-vavriny-budou-v-parizi-bojovat-i-ctyri-cesti-cykliste\/","title":{"rendered":"O paralympijsk\u00e9 vav\u0159\u00edny budou v Pa\u0159\u00ed\u017ei bojovat i \u010dty\u0159i \u010de\u0161t\u00ed cyklist\u00e9"},"content":{"rendered":"\n<p>Ve&nbsp;st\u0159edu 28. srpna se v&nbsp;Pa\u0159\u00ed\u017ei op\u011bt rozho\u0159\u00ed symbolick\u00fd ohe\u0148, tentokr\u00e1t ten paralympijsk\u00fd. Pomyslnou \u0161tafetu olympijsk\u00fdch her p\u0159eb\u00edraj\u00ed hry paralympijsk\u00e9, v&nbsp;jejich\u017e pr\u016fb\u011bhu nastoup\u00ed do sout\u011b\u017e\u00ed na 4,5 tis\u00edce sportovc\u016f ve 23 sportech v\u010detn\u011b dr\u00e1hov\u00e9 a silni\u010dn\u00ed cyklistiky. \u010cesko budou reprezentovat \u010dty\u0159i cyklist\u00e9.<\/p>\n\n\n\n<p>Paralympijsk\u00e9 hry p\u0159edstavuj\u00ed pro para sportovce stejn\u00fd sportovn\u00ed vrchol, jako olympijsk\u00e9 hry pro sportovce bez handicapu. Probojovat se kvalifikac\u00ed na hry je t\u00e9m\u011b\u0159 stejn\u011b n\u00e1ro\u010dn\u00fd proces jako u kvalifikace pro olympioniky.<\/p>\n\n\n\n<p>Kvalifika\u010dn\u00ed obdob\u00ed na paralympi\u00e1du je dlouh\u00e9 2,5 roku a reprezenta\u010dn\u00ed t\u00fdmy a sportovci bojuj\u00ed na Sv\u011btov\u00fdch poh\u00e1rech a mistrovstv\u00ed sv\u011bta o ka\u017ed\u00fd bod do \u017eeb\u0159\u00ed\u010dku n\u00e1rod\u016f, ze kter\u00e9ho se n\u00e1sledn\u011b generuj\u00ed kv\u00f3ty pro jednotliv\u00e9 zem\u011b.<\/p>\n\n\n\n<p>V roce 2023 se \u010de\u0161t\u00ed para cyklist\u00e9 z\u00fa\u010dastnili 3 sv\u011btov\u00fdch poh\u00e1r\u016f na dvou kontinentech, kter\u00e9 byly kvalifika\u010dn\u00edmi z\u00e1vody UCI pro paralympijsk\u00e9 hry Pa\u0159\u00ed\u017e 2024. Kvalifikace na PH jsou v\u017edy finan\u010dn\u011b velmi n\u00e1ro\u010dn\u00e9. Leto\u0161n\u00ed \u00fa\u010dast reprezentace na t\u011bchto akc\u00edch se poda\u0159ilo podpo\u0159it z v\u00edce zdroj\u016f. Krom\u011b dota\u010dn\u00edch prost\u0159edk\u016f NSA se na financov\u00e1n\u00ed pod\u00edlela i Nadace \u010cEZ, kter\u00e1 v r\u00e1mci projektu Oran\u017eov\u00e9 kolo darovala \u010cesk\u00e9mu svazu cyklistiky na podporu kvalifikace na paralympijsk\u00e9 hry p\u0159es 50.000,- K\u010d.<\/p>\n\n\n\n<figure class=\"wp-block-image size-full is-resized\"><img loading=\"lazy\" decoding=\"async\" width=\"787\" height=\"600\" src=\"http:\/\/www.czechcyclingfederation.com\/wp-content\/uploads\/2020\/04\/nadace-cez-logo.jpg\" alt=\"\" class=\"wp-image-138\" style=\"width:198px;height:auto\" srcset=\"https:\/\/www.czechcyclingfederation.com\/wp-content\/uploads\/2020\/04\/nadace-cez-logo.jpg 787w, https:\/\/www.czechcyclingfederation.com\/wp-content\/uploads\/2020\/04\/nadace-cez-logo-262x200.jpg 262w, https:\/\/www.czechcyclingfederation.com\/wp-content\/uploads\/2020\/04\/nadace-cez-logo-768x586.jpg 768w, https:\/\/www.czechcyclingfederation.com\/wp-content\/uploads\/2020\/04\/nadace-cez-logo-300x229.jpg 300w\" sizes=\"auto, (max-width: 787px) 100vw, 787px\" \/><\/figure>\n\n\n\n<p>\u010cesk\u00e9 reprezentaci v&nbsp;para cyklistice se poda\u0159ilo vybojovat 20. m\u00edsto v&nbsp;\u017eeb\u0159\u00ed\u010dku n\u00e1rod\u016f jak v&nbsp;mu\u017e\u00edch, tak v&nbsp;\u017een\u00e1ch, co\u017e ve v\u00fdsledku znamenalo 2 + 2 m\u00edsta do Pa\u0159\u00ed\u017ee (ranking <strong><a href=\"https:\/\/assets.ctfassets.net\/761l7gh5x5an\/3og1mj9wQcvlhtyGr6PCqm\/cc8997dbeabada4776899c8e06b32934\/Paris_2024_-_Quota_allocation_Para_cycling.pdf\">ZDE<\/a><\/strong>).<\/p>\n\n\n\n<p>Nomina\u010dn\u00edmi krit\u00e9rii \u010cesk\u00e9ho svazu cyklistiky se n\u00e1sledn\u011b probojovali handbike\u0159i <strong>Kate\u0159ina Anto\u0161ov\u00e1 <\/strong>a <strong>Patrik Jahoda<\/strong> a tricyklist\u00e9 <strong>Pavl\u00edna Vejvodov\u00e1<\/strong> a <strong>Jind\u0159ich Ma\u0161\u00edn<\/strong>.<\/p>\n\n\n\n<figure class=\"wp-block-image size-large\"><img loading=\"lazy\" decoding=\"async\" width=\"1024\" height=\"682\" src=\"https:\/\/www.czechcyclingfederation.com\/wp-content\/uploads\/2024\/08\/C8D0021-1024x682.jpg\" alt=\"\" class=\"wp-image-31447\" srcset=\"https:\/\/www.czechcyclingfederation.com\/wp-content\/uploads\/2024\/08\/C8D0021-1024x682.jpg 1024w, https:\/\/www.czechcyclingfederation.com\/wp-content\/uploads\/2024\/08\/C8D0021-300x200.jpg 300w, https:\/\/www.czechcyclingfederation.com\/wp-content\/uploads\/2024\/08\/C8D0021-768x512.jpg 768w, https:\/\/www.czechcyclingfederation.com\/wp-content\/uploads\/2024\/08\/C8D0021-1536x1024.jpg 1536w, https:\/\/www.czechcyclingfederation.com\/wp-content\/uploads\/2024\/08\/C8D0021-2048x1365.jpg 2048w, https:\/\/www.czechcyclingfederation.com\/wp-content\/uploads\/2024\/08\/C8D0021-1320x880.jpg 1320w\" sizes=\"auto, (max-width: 1024px) 100vw, 1024px\" \/><\/figure>\n\n\n\n<p>Jak\u00e9 jsou ambice a o\u010dek\u00e1v\u00e1n\u00ed \u010desk\u00fdch z\u00e1vodn\u00edk\u016f a jak se na paralympi\u00e1du p\u0159ipravovali, V\u00e1m p\u0159ineseme v&nbsp;dal\u0161\u00edch \u010dl\u00e1nc\u00edch zde na webu \u010cSC.<\/p>\n\n\n\n<p>Nicm\u00e9n\u011b si alespo\u0148 ve zkratce p\u0159edstavme \u010dtve\u0159ici z\u00e1vodnic a z\u00e1vodn\u00edk\u016f, kte\u0159\u00ed se v&nbsp;Pa\u0159\u00ed\u017ei p\u0159edstav\u00ed:<\/p>\n\n\n\n<p><strong>Kate\u0159ina Anto\u0161ov\u00e1<\/strong> \u2013 \u00fa\u010dastn\u00ed se ji\u017e 3. paralympijsk\u00fdch her, z\u00e1vod\u00ed na handbiku kategorie H3. Nejv\u011bt\u0161\u00ed \u00fasp\u011bchy kari\u00e9ry jsou 5. m\u00edsto na paralympijsk\u00fdch hr\u00e1ch v&nbsp;Tokiu nebo celkov\u00e9 v\u00edt\u011bzstv\u00ed ve Sv\u011btov\u00e9m poh\u00e1ru 2021.<\/p>\n\n\n\n<p><strong>Pavl\u00edna Vejvodov\u00e1<\/strong> \u2013 reprezentuje od roku 2022 na tricyklu v&nbsp;kategorii T1 a p\u0159esto m\u00e1 na sv\u00e9m kont\u011b vynikaj\u00edc\u00ed v\u00fdsledky z&nbsp;lo\u0148sk\u00e9ho MS Glasgow, kde se j\u00ed poda\u0159ilo vybojovat dva tituly mistryn\u011b sv\u011bta v&nbsp;\u010dasovce a v&nbsp;hromadn\u00e9m z\u00e1vod\u011b a p\u0159idala i dva tituly mistryn\u011b Evropy 2023.<\/p>\n\n\n\n<figure class=\"wp-block-image size-large\"><img loading=\"lazy\" decoding=\"async\" width=\"1024\" height=\"682\" src=\"https:\/\/www.czechcyclingfederation.com\/wp-content\/uploads\/2024\/08\/vejvodova-k-para-1024x682.jpg\" alt=\"\" class=\"wp-image-31449\" srcset=\"https:\/\/www.czechcyclingfederation.com\/wp-content\/uploads\/2024\/08\/vejvodova-k-para-1024x682.jpg 1024w, https:\/\/www.czechcyclingfederation.com\/wp-content\/uploads\/2024\/08\/vejvodova-k-para-300x200.jpg 300w, https:\/\/www.czechcyclingfederation.com\/wp-content\/uploads\/2024\/08\/vejvodova-k-para-768x511.jpg 768w, https:\/\/www.czechcyclingfederation.com\/wp-content\/uploads\/2024\/08\/vejvodova-k-para-1536x1022.jpg 1536w, https:\/\/www.czechcyclingfederation.com\/wp-content\/uploads\/2024\/08\/vejvodova-k-para-2048x1363.jpg 2048w, https:\/\/www.czechcyclingfederation.com\/wp-content\/uploads\/2024\/08\/vejvodova-k-para-1320x879.jpg 1320w\" sizes=\"auto, (max-width: 1024px) 100vw, 1024px\" \/><\/figure>\n\n\n\n<p><strong>Patrik Jahoda<\/strong> \u2013 \u00fa\u010dastn\u00ed se ji\u017e 3. paralympijsk\u00fdch her, z\u00e1vod\u00ed na handbiku kategorie H1. Mezi jeho nejv\u011bt\u0161\u00ed leto\u0161n\u00ed \u00fasp\u011bchy pat\u0159\u00ed 2. m\u00edsto na SP Adelaide a dv\u011b 3. m\u00edsta na SP v&nbsp;belgick\u00e9m Ostende.<\/p>\n\n\n\n<p><strong>Jind\u0159ich Ma\u0161\u00edn<\/strong> \u2013 reprezentuje teprve rok, z\u00e1vod\u00ed na tricyklu v&nbsp;kategorii T2. Bl\u00fdskl se jako \u00fapln\u00fd nov\u00e1\u010dek v&nbsp;lo\u0148sk\u00e9m roce 7. m\u00edstem na MS v&nbsp;Glasgow. Letos m\u00e1 na kont\u011b ji\u017e t\u0159i p\u00f3dia \u2013 dv\u011b 2. m\u00edsta na SP v&nbsp;Maniagu a 3. m\u00edsto na SP Ostende.<\/p>\n\n\n\n<p>\u010ce\u0161t\u00ed z\u00e1vodn\u00edci se p\u0159edstav\u00ed v&nbsp;programu paralympijsk\u00fdch her ve dnech 4.&nbsp; 9. v&nbsp;\u010dasovce a 5. a 7. 9. v&nbsp;hromadn\u00e9m z\u00e1vod\u011b.<\/p>\n\n\n\n<p>Kompletn\u00ed program cyklistick\u00fdch discipl\u00edn paralympi\u00e1dy v Pa\u0159\u00ed\u017ei najdete <strong><a href=\"https:\/\/olympics.com\/en\/paris-2024\/paralympic-games\/schedule\/para-cycling-road\">ZDE<\/a>.<\/strong><\/p>\n\n\n\n<p>Mapa silni\u010dn\u00edho okruhu v&nbsp;Clichy-Sous-Bois <a href=\"https:\/\/medias.paris2024.org\/uploads\/2024\/08\/Para-Cycling-Road-Event-Route-Mixed-Relay-scaled.jpg\"><strong>ZDE<\/strong><\/a>.<\/p>\n\n\n\n<p>Foto: Jan Brychta a Michal \u010cerven\u00fd<\/p>\n","protected":false},"excerpt":{"rendered":"<p>Ve&nbsp;st\u0159edu 28. srpna se v&nbsp;Pa\u0159\u00ed\u017ei op\u011bt rozho\u0159\u00ed symbolick\u00fd ohe\u0148, tentokr\u00e1t ten paralympijsk\u00fd. Pomyslnou \u0161tafetu olympijsk\u00fdch her p\u0159eb\u00edraj\u00ed hry paralympijsk\u00e9, v&nbsp;jejich\u017e pr\u016fb\u011bhu nastoup\u00ed do sout\u011b\u017e\u00ed na 4,5 tis\u00edce sportovc\u016f ve 23 sportech v\u010detn\u011b dr\u00e1hov\u00e9 a silni\u010dn\u00ed cyklistiky. \u010cesko budou reprezentovat \u010dty\u0159i cyklist\u00e9. Paralympijsk\u00e9 hry p\u0159edstavuj\u00ed pro para sportovce stejn\u00fd sportovn\u00ed vrchol, jako olympijsk\u00e9 hry pro sportovce [&hellip;]<\/p>\n","protected":false},"author":30,"featured_media":31444,"comment_status":"closed","ping_status":"open","sticky":false,"template":"","format":"standard","meta":{"footnotes":""},"categories":[2],"tags":[62],"class_list":["post-31441","post","type-post","status-publish","format-standard","has-post-thumbnail","hentry","category-novinky","tag-paracyklistika"],"_links":{"self":[{"href":"https:\/\/www.czechcyclingfederation.com\/en\/wp-json\/wp\/v2\/posts\/31441","targetHints":{"allow":["GET"]}}],"collection":[{"href":"https:\/\/www.czechcyclingfederation.com\/en\/wp-json\/wp\/v2\/posts"}],"about":[{"href":"https:\/\/www.czechcyclingfederation.com\/en\/wp-json\/wp\/v2\/types\/post"}],"author":[{"embeddable":true,"href":"https:\/\/www.czechcyclingfederation.com\/en\/wp-json\/wp\/v2\/users\/30"}],"replies":[{"embeddable":true,"href":"https:\/\/www.czechcyclingfederation.com\/en\/wp-json\/wp\/v2\/comments?post=31441"}],"version-history":[{"count":6,"href":"https:\/\/www.czechcyclingfederation.com\/en\/wp-json\/wp\/v2\/posts\/31441\/revisions"}],"predecessor-version":[{"id":32518,"href":"https:\/\/www.czechcyclingfederation.com\/en\/wp-json\/wp\/v2\/posts\/31441\/revisions\/32518"}],"wp:featuredmedia":[{"embeddable":true,"href":"https:\/\/www.czechcyclingfederation.com\/en\/wp-json\/wp\/v2\/media\/31444"}],"wp:attachment":[{"href":"https:\/\/www.czechcyclingfederation.com\/en\/wp-json\/wp\/v2\/media?parent=31441"}],"wp:term":[{"taxonomy":"category","embeddable":true,"href":"https:\/\/www.czechcyclingfederation.com\/en\/wp-json\/wp\/v2\/categories?post=31441"},{"taxonomy":"post_tag","embeddable":true,"href":"https:\/\/www.czechcyclingfederation.com\/en\/wp-json\/wp\/v2\/tags?post=31441"}],"curies":[{"name":"wp","href":"https:\/\/api.w.org\/{rel}","templated":true}]}}