{"id":31420,"date":"2024-08-22T20:57:42","date_gmt":"2024-08-22T18:57:42","guid":{"rendered":"https:\/\/www.czechcyclingfederation.com\/?p=31420"},"modified":"2024-08-22T22:09:46","modified_gmt":"2024-08-22T20:09:46","slug":"junior-porizek-druhou-medaili-nepridal","status":"publish","type":"post","link":"https:\/\/www.czechcyclingfederation.com\/en\/junior-porizek-druhou-medaili-nepridal\/","title":{"rendered":"Junior Po\u0159\u00edzek druhou medaili nep\u0159idal, v keirinu byl \u010dtvrt\u00fd"},"content":{"rendered":"\n<p>Po zlatu z t\u00fdmov\u00e9ho sprintu dnes na juniorsk\u00e9m sv\u011btov\u00e9m \u0161ampion\u00e1tu na dr\u00e1ze v \u010d\u00ednsk\u00e9m m\u011bst\u011b Luoyang druhou medaili \u010ce\u0161i nep\u0159idali. Sprinter Jan Po\u0159\u00edzek se sice probojoval v keirinu do fin\u00e1lov\u00e9 \u0161estice, ale skon\u010dil t\u011bsn\u011b pod stupni v\u00edt\u011bz\u016f na \u010dtvrt\u00e9m m\u00edst\u011b.<\/p>\n\n\n\n<p>V prvn\u00edm kole Po\u0159\u00edzek ani David Peterka neusp\u011bli, ale Po\u0159\u00edzek pak usp\u011bl v&nbsp;oprav\u011b a vyhr\u00e1l svoji semifin\u00e1lovou j\u00edzdu, Peterka neusp\u011bl v 1. kole, nepostoupil ani z opravn\u00e9 j\u00edzdy.<\/p>\n\n\n\n<p>Be\u00e1ta Hermanov\u00e1 v kvalifikaci na vylu\u010dovac\u00ed z\u00e1vod obsadila ve sv\u00e9 j\u00edzd\u011b ve scratchi na 3,5 km \u0161est\u00e9 m\u00edsto a postoupila do fin\u00e1le. V n\u011bm v\u0161ak na nejlep\u0161\u00ed ji\u017e nesta\u010dila a obsadila osm\u00e9 m\u00edsto. Elen Lazarov\u00e1 postoupila ve sprintu \u0161estn\u00e1ct\u00fdm \u010dasem, ale hned v prvn\u00edm kole nesta\u010dila na Saritu Kumariovou z Indie.<\/p>\n\n\n\n<p>V\u00fdsledky:<\/p>\n\n\n\n<p>Junio\u0159i:<\/p>\n\n\n\n<p>Keirin:<\/p>\n\n\n\n<p>1. del Medico (It.), 2. Takaha\u0161i (Jap.), 3. \u0160ajakmetov (Kaz.), 4. Po\u0159\u00edzek, \u202619. Peterka (oba \u010cR).<\/p>\n\n\n\n<p>Juniory:<\/p>\n\n\n\n<p>Vylu\u010dovac\u00ed z\u00e1vod:<\/p>\n\n\n\n<p>1. Br\u00e4utigamov\u00e1 (N\u011bm.), 2. Kaczmarczykov\u00e1 (Pol.), 3. Baimaov\u00e1 (It.), &#8230;8. Hermanov\u00e1 (\u010cR).<\/p>\n","protected":false},"excerpt":{"rendered":"<p>Po zlatu z t\u00fdmov\u00e9ho sprintu dnes na juniorsk\u00e9m sv\u011btov\u00e9m \u0161ampion\u00e1tu na dr\u00e1ze v \u010d\u00ednsk\u00e9m m\u011bst\u011b Luoyang druhou medaili \u010ce\u0161i nep\u0159idali. Sprinter Jan Po\u0159\u00edzek se sice probojoval v keirinu do fin\u00e1lov\u00e9 \u0161estice, ale skon\u010dil t\u011bsn\u011b pod stupni v\u00edt\u011bz\u016f na \u010dtvrt\u00e9m m\u00edst\u011b. V prvn\u00edm kole Po\u0159\u00edzek ani David Peterka neusp\u011bli, ale Po\u0159\u00edzek pak usp\u011bl v&nbsp;oprav\u011b a vyhr\u00e1l [&hellip;]<\/p>\n","protected":false},"author":8,"featured_media":31352,"comment_status":"closed","ping_status":"open","sticky":false,"template":"","format":"standard","meta":{"footnotes":""},"categories":[54,2,46],"tags":[9],"class_list":["post-31420","post","type-post","status-publish","format-standard","has-post-thumbnail","hentry","category-draha","category-novinky","category-novinky-sportovni-centra","tag-draha"],"_links":{"self":[{"href":"https:\/\/www.czechcyclingfederation.com\/en\/wp-json\/wp\/v2\/posts\/31420","targetHints":{"allow":["GET"]}}],"collection":[{"href":"https:\/\/www.czechcyclingfederation.com\/en\/wp-json\/wp\/v2\/posts"}],"about":[{"href":"https:\/\/www.czechcyclingfederation.com\/en\/wp-json\/wp\/v2\/types\/post"}],"author":[{"embeddable":true,"href":"https:\/\/www.czechcyclingfederation.com\/en\/wp-json\/wp\/v2\/users\/8"}],"replies":[{"embeddable":true,"href":"https:\/\/www.czechcyclingfederation.com\/en\/wp-json\/wp\/v2\/comments?post=31420"}],"version-history":[{"count":2,"href":"https:\/\/www.czechcyclingfederation.com\/en\/wp-json\/wp\/v2\/posts\/31420\/revisions"}],"predecessor-version":[{"id":31422,"href":"https:\/\/www.czechcyclingfederation.com\/en\/wp-json\/wp\/v2\/posts\/31420\/revisions\/31422"}],"wp:featuredmedia":[{"embeddable":true,"href":"https:\/\/www.czechcyclingfederation.com\/en\/wp-json\/wp\/v2\/media\/31352"}],"wp:attachment":[{"href":"https:\/\/www.czechcyclingfederation.com\/en\/wp-json\/wp\/v2\/media?parent=31420"}],"wp:term":[{"taxonomy":"category","embeddable":true,"href":"https:\/\/www.czechcyclingfederation.com\/en\/wp-json\/wp\/v2\/categories?post=31420"},{"taxonomy":"post_tag","embeddable":true,"href":"https:\/\/www.czechcyclingfederation.com\/en\/wp-json\/wp\/v2\/tags?post=31420"}],"curies":[{"name":"wp","href":"https:\/\/api.w.org\/{rel}","templated":true}]}}