{"id":31403,"date":"2024-08-21T16:51:50","date_gmt":"2024-08-21T14:51:50","guid":{"rendered":"https:\/\/www.czechcyclingfederation.com\/?p=31403"},"modified":"2024-08-21T16:51:54","modified_gmt":"2024-08-21T14:51:54","slug":"mladi-sprinteri-maji-zlato-z-ms-v-tymovem-sprintu","status":"publish","type":"post","link":"https:\/\/www.czechcyclingfederation.com\/en\/mladi-sprinteri-maji-zlato-z-ms-v-tymovem-sprintu\/","title":{"rendered":"Mlad\u00ed sprinte\u0159i maj\u00ed zlato z MS v t\u00fdmov\u00e9m sprintu"},"content":{"rendered":"\n<p>Skv\u011ble vstoupili do boj\u016f juniorsk\u00e9ho sv\u011btov\u00e9ho \u0161ampion\u00e1tu na dr\u00e1ze v \u010d\u00ednsk\u00e9m&nbsp; m\u011bst\u011b Luoyang \u010de\u0161t\u00ed sprinte\u0159i. V t\u00fdmov\u00e9m sprintu vybojovala trojice Kry\u0161tof Friedl, Jan Po\u0159\u00edzek a David Peterka senza\u010dn\u011b zlatou medaili, pro \u010ceskou republiku prvn\u00ed v historii v t\u00e9to discipl\u00edn\u011b. Letos ji\u017e \u010ce\u0161i z\u00edskali na ME bronz.<\/p>\n\n\n\n<p>V kvalifikaci zajeli \u010ce\u0161i t\u0159et\u00ed nejlep\u0161\u00ed \u010das 44,767 ze 13 startuj\u00edc\u00edch t\u00fdm\u016f, v semifin\u00e1le druh\u00fd 44,151, kdy\u017e ve sv\u00e9 j\u00edzd\u011b jasn\u011b porazili o t\u00e9m\u011b\u0159 vte\u0159inu It\u00e1lii a ve fin\u00e1le si nakonec poradili hladce i s \u010c\u00ednou. Souboj o zlato byl hodn\u011b vyrovnan\u00fd. &#8220;Zlomil to t\u0159et\u00ed \u00fasek. Davidu Peterkovi to kluci dob\u0159e rozjeli a p\u0159edali mu to v dobr\u00e9 rychlosti. Ve fin\u00e1le jsme jeli o necelou desetinu pomaleji jak v semifin\u00e1le, ale na \u010c\u00ednu to jasn\u011b sta\u010dilo,&#8221; \u0159ekl tren\u00e9r Zden\u011bk Nosek.<\/p>\n\n\n\n<p>&#8220;Byl to souboj trojka\u0159\u016f, ale t\u00edm nechci sni\u017eovat v\u00fdkon ostatn\u00edch. Z\u00e1vod rozj\u00ed\u017ed\u011bl na prvn\u00edm \u00faseku Kry\u0161tof Friedl a v ka\u017ed\u00e9 j\u00edzd\u011b to bylo pod osmn\u00e1ct vte\u0159in. A to je na prvoro\u010d\u00e1ka super. T\u00edm byl polo\u017een z\u00e1klad k \u00fasp\u011bchu, kter\u00fd pak podpo\u0159il Jan Po\u0159\u00edzek &#8211; v\u0161e klaplo par\u00e1dn\u011b a povedlo se to,&#8221; pokra\u010doval Nosek a poznamenal, \u017ee dr\u00e1ha le\u017e\u00ed asi jen 140 metr\u016f nad mo\u0159em a jeho sv\u011b\u0159enci v semifin\u00e1le p\u0159esto vytvo\u0159ili \u010desk\u00fd rekord.<\/p>\n\n\n\n<p>\u010ce\u0161i nav\u00edc jako jedin\u00ed absolvovali z\u00e1vod pouze ve t\u0159ech jezdc\u00edch, tak\u017ee nemohli vyst\u0159\u00eddat. To p\u0159i skute\u010dnosti, \u017ee v\u0161echny t\u0159i j\u00edzdy se jely ve velice rychl\u00e9m sledu, byl oproti soupe\u0159\u016fm zna\u010dn\u00fd hendikep. &#8220;Prost\u011b to vy\u0161lo, je to sen,&#8221; dodal Zden\u011bk Nosek.<\/p>\n\n\n\n<p>Do boj\u016f je\u0161t\u011b zas\u00e1hla Be\u00e1ta Hermanov\u00e1, ale v kvalifikaci scratche spadla v&nbsp;&nbsp; posledn\u00edm kole, tak\u017ee ji fin\u00e1le minulo.<\/p>\n\n\n\n<p>V\u00fdsledky:<\/p>\n\n\n\n<p>Junio\u0159i:<\/p>\n\n\n\n<p>T\u00fdmov\u00fd sprint:<\/p>\n\n\n\n<p>Fin\u00e1le: \u010cR (Friedl, Po\u0159\u00edzek, Peterka) 44,270 &#8211; \u010c\u00edna (Li \u017du, Feng J\u00fc-\u0161eng, Sun Chao-\u017ean) 44,819, o 3. m\u00edsto: Korejsk\u00e1 republika (Jung Jae-ho, Choj Tae-ho, Jeong Suc-kwoo) 44,222 &#8211; Francie 44,355.<\/p>\n\n\n\n<p>Juniorky:<\/p>\n\n\n\n<p>Scratch:<\/p>\n\n\n\n<p>1. Duncanov\u00e1 (Austr.), 2. Beltramov\u00e1 (\u0160p.), 3. Pegolov\u00e1 (It.), &#8230;Hermanov\u00e1 (\u010cR) nepostoupila do fin\u00e1le.<\/p>\n\n\n\n<p>T\u00fdmov\u00fd sprint:<\/p>\n\n\n\n<p>Fin\u00e1le: \u010c\u00edna 49,848 &#8211; Nov\u00fd Z\u00e9land 50,851, o 3. m\u00edsto: It\u00e1lie 50,166 &#8211; Korejsk\u00e1 rep. 50,312.<\/p>\n\n\n\n<p>FOTO Zden\u011bk Nosek<\/p>\n\n\n\n<figure class=\"wp-block-image size-large\"><img loading=\"lazy\" decoding=\"async\" width=\"768\" height=\"1024\" src=\"http:\/\/www.czechcyclingfederation.com\/wp-content\/uploads\/2024\/08\/Obrazek-WhatsApp-2024-08-21-v-15.29.53_1c9f9538-768x1024.jpg\" alt=\"\" class=\"wp-image-31404\" srcset=\"https:\/\/www.czechcyclingfederation.com\/wp-content\/uploads\/2024\/08\/Obrazek-WhatsApp-2024-08-21-v-15.29.53_1c9f9538-768x1024.jpg 768w, https:\/\/www.czechcyclingfederation.com\/wp-content\/uploads\/2024\/08\/Obrazek-WhatsApp-2024-08-21-v-15.29.53_1c9f9538-150x200.jpg 150w, https:\/\/www.czechcyclingfederation.com\/wp-content\/uploads\/2024\/08\/Obrazek-WhatsApp-2024-08-21-v-15.29.53_1c9f9538-1152x1536.jpg 1152w, https:\/\/www.czechcyclingfederation.com\/wp-content\/uploads\/2024\/08\/Obrazek-WhatsApp-2024-08-21-v-15.29.53_1c9f9538.jpg 1200w\" sizes=\"auto, (max-width: 768px) 100vw, 768px\" \/><\/figure>\n\n\n\n<figure class=\"wp-block-image size-large\"><img loading=\"lazy\" decoding=\"async\" width=\"768\" height=\"1024\" src=\"http:\/\/www.czechcyclingfederation.com\/wp-content\/uploads\/2024\/08\/Obrazek-WhatsApp-2024-08-21-v-16.35.54_679b8cdc-768x1024.jpg\" alt=\"\" class=\"wp-image-31408\" srcset=\"https:\/\/www.czechcyclingfederation.com\/wp-content\/uploads\/2024\/08\/Obrazek-WhatsApp-2024-08-21-v-16.35.54_679b8cdc-768x1024.jpg 768w, https:\/\/www.czechcyclingfederation.com\/wp-content\/uploads\/2024\/08\/Obrazek-WhatsApp-2024-08-21-v-16.35.54_679b8cdc-150x200.jpg 150w, https:\/\/www.czechcyclingfederation.com\/wp-content\/uploads\/2024\/08\/Obrazek-WhatsApp-2024-08-21-v-16.35.54_679b8cdc-1152x1536.jpg 1152w, https:\/\/www.czechcyclingfederation.com\/wp-content\/uploads\/2024\/08\/Obrazek-WhatsApp-2024-08-21-v-16.35.54_679b8cdc.jpg 1200w\" sizes=\"auto, (max-width: 768px) 100vw, 768px\" \/><\/figure>\n","protected":false},"excerpt":{"rendered":"<p>Skv\u011ble vstoupili do boj\u016f juniorsk\u00e9ho sv\u011btov\u00e9ho \u0161ampion\u00e1tu na dr\u00e1ze v \u010d\u00ednsk\u00e9m&nbsp; m\u011bst\u011b Luoyang \u010de\u0161t\u00ed sprinte\u0159i. V t\u00fdmov\u00e9m sprintu vybojovala trojice Kry\u0161tof Friedl, Jan Po\u0159\u00edzek a David Peterka senza\u010dn\u011b zlatou medaili, pro \u010ceskou republiku prvn\u00ed v historii v t\u00e9to discipl\u00edn\u011b. Letos ji\u017e \u010ce\u0161i z\u00edskali na ME bronz. V kvalifikaci zajeli \u010ce\u0161i t\u0159et\u00ed nejlep\u0161\u00ed \u010das 44,767 ze [&hellip;]<\/p>\n","protected":false},"author":8,"featured_media":31406,"comment_status":"closed","ping_status":"open","sticky":false,"template":"","format":"standard","meta":{"footnotes":""},"categories":[54,2],"tags":[9],"class_list":["post-31403","post","type-post","status-publish","format-standard","has-post-thumbnail","hentry","category-draha","category-novinky","tag-draha"],"_links":{"self":[{"href":"https:\/\/www.czechcyclingfederation.com\/en\/wp-json\/wp\/v2\/posts\/31403","targetHints":{"allow":["GET"]}}],"collection":[{"href":"https:\/\/www.czechcyclingfederation.com\/en\/wp-json\/wp\/v2\/posts"}],"about":[{"href":"https:\/\/www.czechcyclingfederation.com\/en\/wp-json\/wp\/v2\/types\/post"}],"author":[{"embeddable":true,"href":"https:\/\/www.czechcyclingfederation.com\/en\/wp-json\/wp\/v2\/users\/8"}],"replies":[{"embeddable":true,"href":"https:\/\/www.czechcyclingfederation.com\/en\/wp-json\/wp\/v2\/comments?post=31403"}],"version-history":[{"count":1,"href":"https:\/\/www.czechcyclingfederation.com\/en\/wp-json\/wp\/v2\/posts\/31403\/revisions"}],"predecessor-version":[{"id":31410,"href":"https:\/\/www.czechcyclingfederation.com\/en\/wp-json\/wp\/v2\/posts\/31403\/revisions\/31410"}],"wp:featuredmedia":[{"embeddable":true,"href":"https:\/\/www.czechcyclingfederation.com\/en\/wp-json\/wp\/v2\/media\/31406"}],"wp:attachment":[{"href":"https:\/\/www.czechcyclingfederation.com\/en\/wp-json\/wp\/v2\/media?parent=31403"}],"wp:term":[{"taxonomy":"category","embeddable":true,"href":"https:\/\/www.czechcyclingfederation.com\/en\/wp-json\/wp\/v2\/categories?post=31403"},{"taxonomy":"post_tag","embeddable":true,"href":"https:\/\/www.czechcyclingfederation.com\/en\/wp-json\/wp\/v2\/tags?post=31403"}],"curies":[{"name":"wp","href":"https:\/\/api.w.org\/{rel}","templated":true}]}}